{"id":185845,"date":"2022-01-15T11:29:48","date_gmt":"2022-01-15T14:29:48","guid":{"rendered":"https:\/\/aconteceunovale.com.br\/portal\/?p=185845"},"modified":"2022-01-15T11:30:35","modified_gmt":"2022-01-15T14:30:35","slug":"tres-suspeitos-por-estupro-de-vulneravel-sao-presos-pela-pcmg","status":"publish","type":"post","link":"https:\/\/aconteceunovale.com.br\/portal\/?p=185845","title":{"rendered":"Tr\u00eas suspeitos por estupro de vulner\u00e1vel s\u00e3o presos pela PCMG"},"content":{"rendered":"\n<p>A Pol\u00edcia Civil de Minas Gerais (PCMG) cumpriu, na manh\u00e3 de sexta-feira (14\/1\/2022), mandado de pris\u00e3o preventiva expedido contra um homem, de 37 anos, suspeito de cometer estupro de vulner\u00e1vel na zona rural de Pitangui, na regi\u00e3o Centro-Oeste do Estado. A v\u00edtima, um menino de nove anos, \u00e9 filha do suspeito.<\/p>\n\n\n\n<p>O crime foi registrado pela m\u00e3e da crian\u00e7a, no dia 29 de dezembro do ano passado. Conforme apurado, a v\u00edtima sofreu o abuso dentro de casa, pelo pr\u00f3prio pai. Diante disso, a PCMG instaurou inqu\u00e9rito para apura\u00e7\u00e3o dos fatos. Durante depoimentos, a m\u00e3e e a irm\u00e3 da crian\u00e7a apresentaram a mesma vers\u00e3o, confirmando o crime. O menino ainda relatou que os abusos teriam ocorrido mais de uma vez.<\/p>\n\n\n\n<p>Ap\u00f3s expedi\u00e7\u00e3o do mandado de pris\u00e3o, o suspeito, acompanhado pelo advogado, compareceu \u00e0 delegacia, mas permaneceu em sil\u00eancio. O homem foi encaminhado ao sistema prisional e, t\u00e3o logo finalizadas as investiga\u00e7\u00f5es, o inqu\u00e9rito policial ser\u00e1 remetido \u00e0 Justi\u00e7a.<\/p>\n\n\n\n<h2 class=\"wp-block-heading\">Carmo do Rio Claro<\/h2>\n\n\n\n<figure class=\"wp-block-gallery aligncenter columns-1 is-cropped wp-block-gallery-1 is-layout-flex wp-block-gallery-is-layout-flex\"><ul class=\"blocks-gallery-grid\"><li class=\"blocks-gallery-item\"><figure><img loading=\"lazy\" decoding=\"async\" width=\"652\" height=\"450\" src=\"https:\/\/aconteceunovale.com.br\/portal\/wp-content\/uploads\/2022\/01\/pcmg_carmo_do_rio_claro.jpg\" alt=\"\" data-id=\"185846\" data-full-url=\"https:\/\/aconteceunovale.com.br\/portal\/wp-content\/uploads\/2022\/01\/pcmg_carmo_do_rio_claro.jpg\" data-link=\"https:\/\/aconteceunovale.com.br\/portal\/?attachment_id=185846\" class=\"wp-image-185846\" srcset=\"https:\/\/aconteceunovale.com.br\/portal\/wp-content\/uploads\/2022\/01\/pcmg_carmo_do_rio_claro.jpg 652w, https:\/\/aconteceunovale.com.br\/portal\/wp-content\/uploads\/2022\/01\/pcmg_carmo_do_rio_claro-300x207.jpg 300w, https:\/\/aconteceunovale.com.br\/portal\/wp-content\/uploads\/2022\/01\/pcmg_carmo_do_rio_claro-100x70.jpg 100w, https:\/\/aconteceunovale.com.br\/portal\/wp-content\/uploads\/2022\/01\/pcmg_carmo_do_rio_claro-218x150.jpg 218w, https:\/\/aconteceunovale.com.br\/portal\/wp-content\/uploads\/2022\/01\/pcmg_carmo_do_rio_claro-609x420.jpg 609w\" sizes=\"auto, (max-width: 652px) 100vw, 652px\" \/><figcaption class=\"blocks-gallery-item__caption\"><em>Foto: Divulga\u00e7\u00e3o\/PCMG<\/em><\/figcaption><\/figure><\/li><\/ul><\/figure>\n\n\n\n<p>A Pol\u00edcia Civil concluiu, na quinta-feira (13\/1), o inqu\u00e9rito policial que investigou um caso estupro de vulner\u00e1vel praticado contra uma adolescente de 17 anos, que estava em completo estado de embriaguez. O fato ocorreu durante o R\u00e9veillon de 2020\/2021, em Carmo do Rio Claro, regi\u00e3o Sul do Estado, e foi levado ao conhecimento da PCMG no fim de novembro do \u00faltimo ano. Ap\u00f3s um m\u00eas e meio de investiga\u00e7\u00f5es, o suspeito, de 23 anos, foi indiciado pelo crime.<\/p>\n\n\n\n<p><strong>O crime<\/strong><\/p>\n\n\n\n<p>No registro de ocorr\u00eancia, a v\u00edtima relatou que o suspeito teria se aproveitado de que ela estava embriagada e desacordada para praticar rela\u00e7\u00e3o sexual. O investigado teria filmado uma parte do ato, e os arquivos contendo a cena da viol\u00eancia sexual circulado em redes sociais. O v\u00eddeo revela uma pessoa do sexo feminino com as m\u00e3os amarradas para tr\u00e1s, o rosto no travesseiro e completamente im\u00f3vel, enquanto o suspeito pratica a viol\u00eancia.<\/p>\n\n\n\n<p>Segundo a adolescente, ela estava bebendo com amigas em uma pra\u00e7a quando o suspeito se aproximou e come\u00e7ou a insistir para ambos se relacionarem. Logo ap\u00f3s fazer uso da bebida alco\u00f3lica oferecida pelo investigado, ela come\u00e7ou a ter apag\u00f5es. Depois, foi levada para a casa de uma amiga, onde o suspeito teria encaminhado a v\u00edtima para um quarto, a despido, praticado a viol\u00eancia sexual e filmado uma parte da a\u00e7\u00e3o.<\/p>\n\n\n\n<p><strong>Investiga\u00e7\u00e3o<\/strong><\/p>\n\n\n\n<p>Durante as investiga\u00e7\u00f5es, foram ouvidas testemunhas que auxiliaram a entender a din\u00e2mica dos fatos. Todas confirmaram que a adolescente estava completamente embriagada e que o homem insistia em se relacionar com ela mesmo enfrentando diversas recusas. Ao assistir o v\u00eddeo, uma testemunha confirma que o len\u00e7ol, a cama, o ch\u00e3o e os fios eram semelhantes aos que estavam no quarto utilizado pelo suspeito para cometer a viol\u00eancia contra a v\u00edtima.<\/p>\n\n\n\n<p>O investigado confessou que manteve rela\u00e7\u00e3o sexual, mas afirma que tudo foi consensual. O inqu\u00e9rito foi remetido \u00e0 Justi\u00e7a.<\/p>\n\n\n\n<p>As investiga\u00e7\u00f5es foram conduzidas pela Delegacia de Pol\u00edcia Civil em Carmo do Rio Claro.<\/p>\n\n\n\n<h2 class=\"wp-block-heading\">Andradas<\/h2>\n\n\n\n<figure class=\"wp-block-gallery aligncenter columns-1 is-cropped wp-block-gallery-2 is-layout-flex wp-block-gallery-is-layout-flex\"><ul class=\"blocks-gallery-grid\"><li class=\"blocks-gallery-item\"><figure><img loading=\"lazy\" decoding=\"async\" width=\"678\" height=\"441\" src=\"https:\/\/aconteceunovale.com.br\/portal\/wp-content\/uploads\/2022\/01\/preso_andradas.jpg\" alt=\"\" data-id=\"185847\" data-full-url=\"https:\/\/aconteceunovale.com.br\/portal\/wp-content\/uploads\/2022\/01\/preso_andradas.jpg\" data-link=\"https:\/\/aconteceunovale.com.br\/portal\/?attachment_id=185847\" class=\"wp-image-185847\" srcset=\"https:\/\/aconteceunovale.com.br\/portal\/wp-content\/uploads\/2022\/01\/preso_andradas.jpg 678w, https:\/\/aconteceunovale.com.br\/portal\/wp-content\/uploads\/2022\/01\/preso_andradas-300x195.jpg 300w, https:\/\/aconteceunovale.com.br\/portal\/wp-content\/uploads\/2022\/01\/preso_andradas-646x420.jpg 646w\" sizes=\"auto, (max-width: 678px) 100vw, 678px\" \/><figcaption class=\"blocks-gallery-item__caption\"><em>Foto: Divulga\u00e7\u00e3o\/PCMG<\/em><\/figcaption><\/figure><\/li><\/ul><\/figure>\n\n\n\n<p>A PCMG cumpriu, na quinta-feira (13\/1\/2022), mandado de pris\u00e3o tempor\u00e1ria expedido contra um homem, 45 anos, em S\u00e3o Jo\u00e3o da Boa Vista (SP). Ele \u00e9 suspeito de estuprar a enteada, atualmente com 13 anos, na zona rural de Andradas (MG).<\/p>\n\n\n\n<p>A v\u00edtima teria relatado os abusos a uma amiga por meio de carta e, posteriormente, o relato chegou ao conhecimento do Conselho Tutelar e da m\u00e3e da menina. Diante dos fatos, a jovem foi encaminhada para exame pericial e, ap\u00f3s investiga\u00e7\u00f5es, a PCMG representou pela pris\u00e3o do suspeito.<\/p>\n\n\n\n<p>O homem foi encaminhado ao sistema prisional e est\u00e1 \u00e0 disposi\u00e7\u00e3o da Justi\u00e7a. O inqu\u00e9rito, que est\u00e1 sob segredo de Justi\u00e7a, deve ser encerrado nos pr\u00f3ximos dias.<\/p>\n\n\n\n<p>&#8212;&#8212;&#8212;&#8212;&#8212;&#8212;<br><em>Quer receber as not\u00edcias do <strong>Aconteceu no Vale<\/strong> em primeira m\u00e3o? Siga-nos no Facebook <a rel=\"noreferrer noopener\" href=\"http:\/\/facebook.com\/aconteceunovale\" target=\"_blank\">@aconteceunovale<\/a>, Twitter <a rel=\"noreferrer noopener\" href=\"https:\/\/twitter.com\/noticiadosvales\" target=\"_blank\">@noticiadosvales<\/a> e Instagram <a rel=\"noreferrer noopener\" href=\"https:\/\/www.instagram.com\/aconteceunovale\" target=\"_blank\">@aconteceunovale<\/a>.<\/em><\/p>\n","protected":false},"excerpt":{"rendered":"<p>A Pol\u00edcia Civil de Minas Gerais (PCMG) cumpriu, na manh\u00e3 de sexta-feira (14\/1\/2022), mandado de pris\u00e3o preventiva expedido contra um homem, de 37 anos, suspeito de cometer estupro de vulner\u00e1vel na zona rural de Pitangui, na regi\u00e3o Centro-Oeste do Estado. A v\u00edtima, um menino de nove anos, \u00e9 filha do suspeito. O crime foi registrado [&hellip;]<\/p>\n","protected":false},"author":4,"featured_media":185847,"comment_status":"open","ping_status":"closed","sticky":false,"template":"","format":"standard","meta":{"amp_status":"","footnotes":""},"categories":[123],"tags":[1549,24491,257405,257402,257410,604,257414,257407,257403,20686,257400,257409,257401,257408,257412,257404,257406,257411,21515,257413,257399],"class_list":["post-185845","post","type-post","status-publish","format-standard","has-post-thumbnail","hentry","category-gerais","tag-andradas","tag-carmo-do-rio-claro","tag-estuprador-preso-em-carmo-do-rio-claro","tag-estuprador-preso-em-pitangui","tag-estuprador-preso-em-sao-joao-da-boa-vista","tag-pcmg","tag-pcmg-em-andradas","tag-pcmg-em-carmo-do-rio-claro","tag-pcmg-em-pitangui","tag-pitangui","tag-preso-em-pitangui","tag-preso-em-sao-joao-da-boa-vista","tag-preso-por-estuprar-filho-em-pitangui","tag-preso-por-estupro-durante-o-reveillon-em-carmo-do-rio-claro","tag-preso-por-estupro-em-andradas","tag-preso-por-estupro-em-carmo-do-rio-claro","tag-prisao-de-estuprador-em-carmo-do-rio-claro","tag-prisao-de-estuprador-em-sao-joao-da-boa-vista","tag-sao-joao-da-boa-vista","tag-suspeito-de-estupro-em-andradas-e-preso-em-sao-joao-da-boa-vista","tag-tres-suspeitos-por-estupro-de-vulneravel-sao-presos-pela-pcmg"],"_links":{"self":[{"href":"https:\/\/aconteceunovale.com.br\/portal\/index.php?rest_route=\/wp\/v2\/posts\/185845","targetHints":{"allow":["GET"]}}],"collection":[{"href":"https:\/\/aconteceunovale.com.br\/portal\/index.php?rest_route=\/wp\/v2\/posts"}],"about":[{"href":"https:\/\/aconteceunovale.com.br\/portal\/index.php?rest_route=\/wp\/v2\/types\/post"}],"author":[{"embeddable":true,"href":"https:\/\/aconteceunovale.com.br\/portal\/index.php?rest_route=\/wp\/v2\/users\/4"}],"replies":[{"embeddable":true,"href":"https:\/\/aconteceunovale.com.br\/portal\/index.php?rest_route=%2Fwp%2Fv2%2Fcomments&post=185845"}],"version-history":[{"count":1,"href":"https:\/\/aconteceunovale.com.br\/portal\/index.php?rest_route=\/wp\/v2\/posts\/185845\/revisions"}],"predecessor-version":[{"id":185848,"href":"https:\/\/aconteceunovale.com.br\/portal\/index.php?rest_route=\/wp\/v2\/posts\/185845\/revisions\/185848"}],"wp:featuredmedia":[{"embeddable":true,"href":"https:\/\/aconteceunovale.com.br\/portal\/index.php?rest_route=\/wp\/v2\/media\/185847"}],"wp:attachment":[{"href":"https:\/\/aconteceunovale.com.br\/portal\/index.php?rest_route=%2Fwp%2Fv2%2Fmedia&parent=185845"}],"wp:term":[{"taxonomy":"category","embeddable":true,"href":"https:\/\/aconteceunovale.com.br\/portal\/index.php?rest_route=%2Fwp%2Fv2%2Fcategories&post=185845"},{"taxonomy":"post_tag","embeddable":true,"href":"https:\/\/aconteceunovale.com.br\/portal\/index.php?rest_route=%2Fwp%2Fv2%2Ftags&post=185845"}],"curies":[{"name":"wp","href":"https:\/\/api.w.org\/{rel}","templated":true}]}}