{"id":185842,"date":"2022-01-15T11:18:07","date_gmt":"2022-01-15T14:18:07","guid":{"rendered":"https:\/\/aconteceunovale.com.br\/portal\/?p=185842"},"modified":"2022-01-15T11:19:24","modified_gmt":"2022-01-15T14:19:24","slug":"suspeito-de-pedofilia-e-preso-em-minas-gerais-apos-denuncia-internacional","status":"publish","type":"post","link":"https:\/\/aconteceunovale.com.br\/portal\/?p=185842","title":{"rendered":"Suspeito de pedofilia \u00e9 preso em Minas Gerais ap\u00f3s den\u00fancia internacional"},"content":{"rendered":"\n<p>Em menos de duas semanas de investiga\u00e7\u00f5es acerca de den\u00fancia de suspeita de pedofilia, reportada por organiza\u00e7\u00e3o n\u00e3o governamental (ONG) americana, a Pol\u00edcia Civil de Minas Gerais (PCMG) chegou \u00e0 identifica\u00e7\u00e3o de um homem, de 47 anos, que foi preso em flagrante, na ter\u00e7a-feira (11\/1\/2022), durante cumprimento de mandado de busca e apreens\u00e3o na resid\u00eancia dele, em Contagem, na Regi\u00e3o Metropolitana de Belo Horizonte. No im\u00f3vel, os policiais civis localizaram expressiva quantidade de material pornogr\u00e1fico infantojuvenil.<\/p>\n\n\n\n<figure class=\"wp-block-gallery columns-1 is-cropped wp-block-gallery-1 is-layout-flex wp-block-gallery-is-layout-flex\"><ul class=\"blocks-gallery-grid\"><li class=\"blocks-gallery-item\"><figure><img loading=\"lazy\" decoding=\"async\" width=\"678\" height=\"441\" src=\"https:\/\/aconteceunovale.com.br\/portal\/wp-content\/uploads\/2022\/01\/pedofilo_preso_mg.jpg\" alt=\"\" data-id=\"185843\" data-full-url=\"https:\/\/aconteceunovale.com.br\/portal\/wp-content\/uploads\/2022\/01\/pedofilo_preso_mg.jpg\" data-link=\"https:\/\/aconteceunovale.com.br\/portal\/?attachment_id=185843\" class=\"wp-image-185843\" srcset=\"https:\/\/aconteceunovale.com.br\/portal\/wp-content\/uploads\/2022\/01\/pedofilo_preso_mg.jpg 678w, https:\/\/aconteceunovale.com.br\/portal\/wp-content\/uploads\/2022\/01\/pedofilo_preso_mg-300x195.jpg 300w, https:\/\/aconteceunovale.com.br\/portal\/wp-content\/uploads\/2022\/01\/pedofilo_preso_mg-646x420.jpg 646w\" sizes=\"auto, (max-width: 678px) 100vw, 678px\" \/><figcaption class=\"blocks-gallery-item__caption\"><em>Foto: Divulga\u00e7\u00e3o\/PCMG<\/em><\/figcaption><\/figure><\/li><\/ul><\/figure>\n\n\n\n<p>Segundo a delegada Mellina Isabel Silva Clemente, titular da Delegacia Especializada de Atendimento \u00e0 Mulher (Deam) em Contagem, unidade respons\u00e1vel pela investiga\u00e7\u00e3o, o rastreamento do investigado partiu de um armazenamento de imagens. \u201cNos Estados Unidos, existe uma lei que obriga os provedores de internet a reportarem qualquer tipo de suspeita de explora\u00e7\u00e3o sexual envolvendo crian\u00e7as e adolescentes. O provedor informou \u00e0 ONG que havia material armazenado vinculado a um servidor localizado em Contagem. E a organiza\u00e7\u00e3o passou a not\u00edcia para a Pol\u00edcia Federal, que nos acionou\u201d, descreve.<\/p>\n\n\n\n<p>Mellina Clemente informa que, de imediato, a PCMG representou \u00e0 Justi\u00e7a pelo mandado de busca e apreens\u00e3o. <em>\u201cAs fotos que foram enviadas dos Estados Unidos, em sua grande maioria, s\u00e3o de beb\u00eas de colo. J\u00e1 na casa do investigado, n\u00f3s encontramos fotos pornogr\u00e1ficas de crian\u00e7as e adolescentes. Inclusive, na resid\u00eancia, foi apreendida uma quantidade boa de roupas novas de beb\u00ea. Ele n\u00e3o soube explicar para que isso; falou que iria doar, mas que depois desistiu\u201d,<\/em> conta.<\/p>\n\n\n\n<h2 class=\"wp-block-heading\"><strong>Autua\u00e7\u00e3o<\/strong><\/h2>\n\n\n\n<p>O homem foi autuado pelo crime previsto no artigo 241-B do Estatuto da Crian\u00e7a e do Adolescente (\u201cAdquirir, possuir ou armazenar, por qualquer meio, fotografia, v\u00eddeo ou outra forma de registro que contenha cena de sexo expl\u00edcito ou pornogr\u00e1fica envolvendo crian\u00e7a ou adolescente\u201d), e encaminhado ao sistema prisional. De acordo com a delegada, em depoimento, o suspeito afirmou que, de fato, recebeu as imagens e n\u00e3o as excluiu. \u201cEle estava muito preocupado, a todo momento, em dizer que n\u00e3o estuprou, n\u00e3o colocou a m\u00e3o em ningu\u00e9m, como se ter as fotos n\u00e3o fosse um ato criminoso\u201d, pontua.<\/p>\n\n\n\n<p>Mellina Clemente acrescenta que, em r\u00e1pida an\u00e1lise do material apreendido, foi poss\u00edvel ver conversas do investigado, em aplicativo de mensagem e rede social, solicitando imagens de crian\u00e7as nuas a m\u00e3es e outras pessoas que tinham crian\u00e7as em fotos de perfil. \u201cAs investiga\u00e7\u00f5es continuar\u00e3o. Foi um amplo material apreendido, conseguimos analisar uma parte e todo o restante ser\u00e1 periciado. Acredito que novas imagens v\u00e3o surgir\u201d, conclui.<\/p>\n\n\n\n<h2 class=\"wp-block-heading\"><strong>Repress\u00e3o<\/strong><\/h2>\n\n\n\n<p>A delegada regional em Contagem, Elisa Moreira, destaca que essa foi a segunda pris\u00e3o, em menos de um ano, no munic\u00edpio, pelo mesmo meio de notifica\u00e7\u00e3o. \u201cNo fim de 2021, a equipe da 1\u00aa Delegacia de Pol\u00edcia Civil em Contagem tamb\u00e9m chegou a um indiv\u00edduo que praticava crime semelhante. Estamos aqui realmente fechando o cerco e atuando de forma bastante combativa para evitar e, ao menos, reprimir essas a\u00e7\u00f5es criminosas\u201d.<\/p>\n\n\n\n<p>&#8212;&#8212;&#8212;&#8212;&#8212;&#8212;<br><em>Quer receber as not\u00edcias do <strong>Aconteceu no Vale<\/strong> em primeira m\u00e3o? Siga-nos no Facebook <a rel=\"noreferrer noopener\" href=\"http:\/\/facebook.com\/aconteceunovale\" target=\"_blank\">@aconteceunovale<\/a>, Twitter <a rel=\"noreferrer noopener\" href=\"https:\/\/twitter.com\/noticiadosvales\" target=\"_blank\">@noticiadosvales<\/a> e Instagram <a rel=\"noreferrer noopener\" href=\"https:\/\/www.instagram.com\/aconteceunovale\" target=\"_blank\">@aconteceunovale<\/a>.<\/em><\/p>\n","protected":false},"excerpt":{"rendered":"<p>Em menos de duas semanas de investiga\u00e7\u00f5es acerca de den\u00fancia de suspeita de pedofilia, reportada por organiza\u00e7\u00e3o n\u00e3o governamental (ONG) americana, a Pol\u00edcia Civil de Minas Gerais (PCMG) chegou \u00e0 identifica\u00e7\u00e3o de um homem, de 47 anos, que foi preso em flagrante, na ter\u00e7a-feira (11\/1\/2022), durante cumprimento de mandado de busca e apreens\u00e3o na resid\u00eancia [&hellip;]<\/p>\n","protected":false},"author":4,"featured_media":185843,"comment_status":"open","ping_status":"closed","sticky":false,"template":"","format":"standard","meta":{"amp_status":"","footnotes":""},"categories":[123],"tags":[194,1017,956,257396,257398,257395,257397,131,604,257394,257392,161803,257393,257391,257390],"class_list":["post-185842","post","type-post","status-publish","format-standard","has-post-thumbnail","hentry","category-gerais","tag-belo-horizonte","tag-bh","tag-contagem","tag-deam-contagem","tag-delegada-elisa-moreira","tag-delegada-mellina-isabel-silva-clemente","tag-delegada-regional-de-contagem","tag-minas-gerais","tag-pcmg","tag-pcmg-em-contagem","tag-pedofilo-preso-em-contagem","tag-preso-em-contagem","tag-prisao-de-pedofilo-em-contagem","tag-suspeito-de-pedofilia-e-preso-em-contagem-apos-denuncia-internacional","tag-suspeito-de-pedofilia-e-preso-em-minas-gerais-apos-denuncia-internacional"],"_links":{"self":[{"href":"https:\/\/aconteceunovale.com.br\/portal\/index.php?rest_route=\/wp\/v2\/posts\/185842","targetHints":{"allow":["GET"]}}],"collection":[{"href":"https:\/\/aconteceunovale.com.br\/portal\/index.php?rest_route=\/wp\/v2\/posts"}],"about":[{"href":"https:\/\/aconteceunovale.com.br\/portal\/index.php?rest_route=\/wp\/v2\/types\/post"}],"author":[{"embeddable":true,"href":"https:\/\/aconteceunovale.com.br\/portal\/index.php?rest_route=\/wp\/v2\/users\/4"}],"replies":[{"embeddable":true,"href":"https:\/\/aconteceunovale.com.br\/portal\/index.php?rest_route=%2Fwp%2Fv2%2Fcomments&post=185842"}],"version-history":[{"count":1,"href":"https:\/\/aconteceunovale.com.br\/portal\/index.php?rest_route=\/wp\/v2\/posts\/185842\/revisions"}],"predecessor-version":[{"id":185844,"href":"https:\/\/aconteceunovale.com.br\/portal\/index.php?rest_route=\/wp\/v2\/posts\/185842\/revisions\/185844"}],"wp:featuredmedia":[{"embeddable":true,"href":"https:\/\/aconteceunovale.com.br\/portal\/index.php?rest_route=\/wp\/v2\/media\/185843"}],"wp:attachment":[{"href":"https:\/\/aconteceunovale.com.br\/portal\/index.php?rest_route=%2Fwp%2Fv2%2Fmedia&parent=185842"}],"wp:term":[{"taxonomy":"category","embeddable":true,"href":"https:\/\/aconteceunovale.com.br\/portal\/index.php?rest_route=%2Fwp%2Fv2%2Fcategories&post=185842"},{"taxonomy":"post_tag","embeddable":true,"href":"https:\/\/aconteceunovale.com.br\/portal\/index.php?rest_route=%2Fwp%2Fv2%2Ftags&post=185842"}],"curies":[{"name":"wp","href":"https:\/\/api.w.org\/{rel}","templated":true}]}}