{"id":185838,"date":"2022-01-15T11:13:05","date_gmt":"2022-01-15T14:13:05","guid":{"rendered":"https:\/\/aconteceunovale.com.br\/portal\/?p=185838"},"modified":"2022-01-15T11:14:10","modified_gmt":"2022-01-15T14:14:10","slug":"proprietario-de-acougue-clandestino-e-preso-pela-pcmg","status":"publish","type":"post","link":"https:\/\/aconteceunovale.com.br\/portal\/?p=185838","title":{"rendered":"Propriet\u00e1rio de a\u00e7ougue clandestino \u00e9 preso pela pol\u00edcia mineira"},"content":{"rendered":"\n<p>As pol\u00edcias Civil e Militar desarticularam um a\u00e7ougue clandestino em Frutal, no Tri\u00e2ngulo Mineiro, na tarde de sexta-feira (14\/1\/2022). O respons\u00e1vel pelo im\u00f3vel, um homem de 43 anos, foi preso em flagrante por crime contra as rela\u00e7\u00f5es de consumo. No local, segundo a PCMG, foram apreendidos 288 quilos de carnes, mi\u00fados de animais e outros materiais que indicavam o armazenamento irregular.<\/p>\n\n\n\n<figure class=\"wp-block-gallery columns-1 is-cropped wp-block-gallery-1 is-layout-flex wp-block-gallery-is-layout-flex\"><ul class=\"blocks-gallery-grid\"><li class=\"blocks-gallery-item\"><figure><img loading=\"lazy\" decoding=\"async\" width=\"678\" height=\"422\" src=\"https:\/\/aconteceunovale.com.br\/portal\/wp-content\/uploads\/2022\/01\/acougue_clandestino_frutal.jpg\" alt=\"\" data-id=\"185839\" data-full-url=\"https:\/\/aconteceunovale.com.br\/portal\/wp-content\/uploads\/2022\/01\/acougue_clandestino_frutal.jpg\" data-link=\"https:\/\/aconteceunovale.com.br\/portal\/?attachment_id=185839\" class=\"wp-image-185839\" srcset=\"https:\/\/aconteceunovale.com.br\/portal\/wp-content\/uploads\/2022\/01\/acougue_clandestino_frutal.jpg 678w, https:\/\/aconteceunovale.com.br\/portal\/wp-content\/uploads\/2022\/01\/acougue_clandestino_frutal-300x187.jpg 300w, https:\/\/aconteceunovale.com.br\/portal\/wp-content\/uploads\/2022\/01\/acougue_clandestino_frutal-675x420.jpg 675w\" sizes=\"auto, (max-width: 678px) 100vw, 678px\" \/><figcaption class=\"blocks-gallery-item__caption\"><em>Foto: Divulga\u00e7\u00e3o\/PCMG<\/em><\/figcaption><\/figure><\/li><\/ul><\/figure>\n\n\n\n<p>Conforme informa\u00e7\u00f5es do delegado respons\u00e1vel, Murilo Antonini, os produtos encontrados estavam armazenados de forma inadequada, em local sem a m\u00ednima higiene, com moscas e falta de refrigera\u00e7\u00e3o. <em>\u201cPor isso, foi necess\u00e1ria a realiza\u00e7\u00e3o de per\u00edcia e o acionamento dos fiscais sanit\u00e1rios, os quais atestaram que as carnes estavam impr\u00f3prias para o consumo\u201d.<\/em><\/p>\n\n\n\n<p>As carnes foram descartadas pelos fiscais sanit\u00e1rios, e a investiga\u00e7\u00e3o continua no sentido de identificar estabelecimentos que adquiriam o material do com\u00e9rcio clandestino, bem como eventuais crimes de furto de gado.<\/p>\n\n\n\n<p>&#8212;&#8212;&#8212;&#8212;&#8212;&#8212;<br><em>Quer receber as not\u00edcias do <strong>Aconteceu no Vale<\/strong> em primeira m\u00e3o? Siga-nos no Facebook <a rel=\"noreferrer noopener\" href=\"http:\/\/facebook.com\/aconteceunovale\" target=\"_blank\">@aconteceunovale<\/a>, Twitter <a rel=\"noreferrer noopener\" href=\"https:\/\/twitter.com\/noticiadosvales\" target=\"_blank\">@noticiadosvales<\/a> e Instagram <a rel=\"noreferrer noopener\" href=\"https:\/\/www.instagram.com\/aconteceunovale\" target=\"_blank\">@aconteceunovale<\/a>.<\/em><\/p>\n","protected":false},"excerpt":{"rendered":"<p>As pol\u00edcias Civil e Militar desarticularam um a\u00e7ougue clandestino em Frutal, no Tri\u00e2ngulo Mineiro, na tarde de sexta-feira (14\/1\/2022). O respons\u00e1vel pelo im\u00f3vel, um homem de 43 anos, foi preso em flagrante por crime contra as rela\u00e7\u00f5es de consumo. No local, segundo a PCMG, foram apreendidos 288 quilos de carnes, mi\u00fados de animais e outros [&hellip;]<\/p>\n","protected":false},"author":4,"featured_media":185839,"comment_status":"open","ping_status":"closed","sticky":false,"template":"","format":"standard","meta":{"amp_status":"","footnotes":""},"categories":[123],"tags":[257385,257386,257388,200,604,38187,257387,257384,257389,50430],"class_list":["post-185838","post","type-post","status-publish","format-standard","has-post-thumbnail","hentry","category-gerais","tag-acougue-clandestino-em-frutal","tag-acougueiro-preso-em-frutal","tag-delegado-murilo-antonini","tag-frutal","tag-pcmg","tag-pmmg","tag-prisao-de-acougueiro-em-frutal","tag-proprietario-de-acougue-clandestino-e-preso-pela-pcmg","tag-proprietario-de-acougue-clandestino-e-preso-pela-policia-mineira","tag-triangulo-mineiro"],"_links":{"self":[{"href":"https:\/\/aconteceunovale.com.br\/portal\/index.php?rest_route=\/wp\/v2\/posts\/185838","targetHints":{"allow":["GET"]}}],"collection":[{"href":"https:\/\/aconteceunovale.com.br\/portal\/index.php?rest_route=\/wp\/v2\/posts"}],"about":[{"href":"https:\/\/aconteceunovale.com.br\/portal\/index.php?rest_route=\/wp\/v2\/types\/post"}],"author":[{"embeddable":true,"href":"https:\/\/aconteceunovale.com.br\/portal\/index.php?rest_route=\/wp\/v2\/users\/4"}],"replies":[{"embeddable":true,"href":"https:\/\/aconteceunovale.com.br\/portal\/index.php?rest_route=%2Fwp%2Fv2%2Fcomments&post=185838"}],"version-history":[{"count":2,"href":"https:\/\/aconteceunovale.com.br\/portal\/index.php?rest_route=\/wp\/v2\/posts\/185838\/revisions"}],"predecessor-version":[{"id":185841,"href":"https:\/\/aconteceunovale.com.br\/portal\/index.php?rest_route=\/wp\/v2\/posts\/185838\/revisions\/185841"}],"wp:featuredmedia":[{"embeddable":true,"href":"https:\/\/aconteceunovale.com.br\/portal\/index.php?rest_route=\/wp\/v2\/media\/185839"}],"wp:attachment":[{"href":"https:\/\/aconteceunovale.com.br\/portal\/index.php?rest_route=%2Fwp%2Fv2%2Fmedia&parent=185838"}],"wp:term":[{"taxonomy":"category","embeddable":true,"href":"https:\/\/aconteceunovale.com.br\/portal\/index.php?rest_route=%2Fwp%2Fv2%2Fcategories&post=185838"},{"taxonomy":"post_tag","embeddable":true,"href":"https:\/\/aconteceunovale.com.br\/portal\/index.php?rest_route=%2Fwp%2Fv2%2Ftags&post=185838"}],"curies":[{"name":"wp","href":"https:\/\/api.w.org\/{rel}","templated":true}]}}