{"id":185826,"date":"2022-01-14T20:34:48","date_gmt":"2022-01-14T23:34:48","guid":{"rendered":"https:\/\/aconteceunovale.com.br\/portal\/?p=185826"},"modified":"2022-01-14T20:37:49","modified_gmt":"2022-01-14T23:37:49","slug":"hospital-de-capelinha-recebera-tomografo-avaliado-em-mais-de-r-15-milhao","status":"publish","type":"post","link":"https:\/\/aconteceunovale.com.br\/portal\/?p=185826","title":{"rendered":"Hospital de Capelinha receber\u00e1 tom\u00f3grafo avaliado em mais de R$ 1,5 milh\u00e3o"},"content":{"rendered":"\n<p>O Hospital S\u00e3o Vicente de Paulo (HSVP), administrado pela Funda\u00e7\u00e3o Hospitalar S\u00e3o Vicente de Paulo (FHSVP) e localizado na cidade de Capelinha, na regi\u00e3o do Vale do Jequitinhonha, receber\u00e1 nos pr\u00f3ximos meses um tom\u00f3grafo computadorizado de \u00faltima gera\u00e7\u00e3o. O recurso para aquisi\u00e7\u00e3o do equipamento, um total de R$ 1.540.261,00 (um milh\u00e3o, quinhentos e quarenta mil, duzentos e sessenta e um reais), j\u00e1 est\u00e1 na conta da Prefeitura Municipal.<\/p>\n\n\n\n<figure class=\"wp-block-gallery columns-1 is-cropped wp-block-gallery-1 is-layout-flex wp-block-gallery-is-layout-flex\"><ul class=\"blocks-gallery-grid\"><li class=\"blocks-gallery-item\"><figure><img loading=\"lazy\" decoding=\"async\" width=\"672\" height=\"450\" src=\"https:\/\/aconteceunovale.com.br\/portal\/wp-content\/uploads\/2022\/01\/tomografo_capelinha.png\" alt=\"\" data-id=\"185827\" data-full-url=\"https:\/\/aconteceunovale.com.br\/portal\/wp-content\/uploads\/2022\/01\/tomografo_capelinha.png\" data-link=\"https:\/\/aconteceunovale.com.br\/portal\/?attachment_id=185827\" class=\"wp-image-185827\" srcset=\"https:\/\/aconteceunovale.com.br\/portal\/wp-content\/uploads\/2022\/01\/tomografo_capelinha.png 672w, https:\/\/aconteceunovale.com.br\/portal\/wp-content\/uploads\/2022\/01\/tomografo_capelinha-300x201.png 300w, https:\/\/aconteceunovale.com.br\/portal\/wp-content\/uploads\/2022\/01\/tomografo_capelinha-627x420.png 627w\" sizes=\"auto, (max-width: 672px) 100vw, 672px\" \/><figcaption class=\"blocks-gallery-item__caption\"><em>Modelo do tom\u00f3grafo de \u00faltima gera\u00e7\u00e3o, composto por 16 canais, que em breve estar\u00e1 \u00e0 disposi\u00e7\u00e3o da popula\u00e7\u00e3o no hospital de Capelinha (Foto: Divulga\u00e7\u00e3o \/ Prefeitura de Capelinha)<\/em><\/figcaption><\/figure><\/li><\/ul><\/figure>\n\n\n\n<p>A Administra\u00e7\u00e3o Municipal informou nesta sexta-feira (14\/1\/2022), por meio de comunicado \u00e0 imprensa, que j\u00e1 est\u00e3o sendo realizados os tr\u00e2mites para compra do tom\u00f3grafo e que, em breve, o aparelho de 16 canais estar\u00e1 \u00e0 disposi\u00e7\u00e3o da popula\u00e7\u00e3o no Hospital de Capelinha. A verba destinada ao munic\u00edpio \u00e9 oriunda da Pol\u00edtica de Aten\u00e7\u00e3o Hospitalar de Minas Gerais \u2013 Valora Minas, da Secretaria de Estado de Sa\u00fade (SES-MG), e foi obtida atrav\u00e9s de a\u00e7\u00e3o do prefeito Tadeuzinho Abreu, do vice-prefeito Al\u00e9quison Gomes, da secret\u00e1ria municipal de sa\u00fade C\u00e9lia Pe\u00e7anha e da dire\u00e7\u00e3o da funda\u00e7\u00e3o hospitalar.<\/p>\n\n\n\n<p>O equipamento beneficiar\u00e1 todos os moradores do munic\u00edpio de Capelinha e de v\u00e1rias cidades circunvizinhas, j\u00e1 que o Hospital S\u00e3o Vicente de Paulo possui classifica\u00e7\u00e3o regional. Segundo a Prefeitura, o tom\u00f3grafo computadorizado \u00e9 um aparelho que permite, atrav\u00e9s de imagens, fornecer um diagn\u00f3stico preciso sobre as condi\u00e7\u00f5es de sa\u00fade de uma pessoa. Ele \u00e9 indicado para v\u00e1rios tipos de exames, como traumas na cabe\u00e7a, dores na coluna, indisposi\u00e7\u00e3o gastrointestinal, problemas vasculares, detec\u00e7\u00e3o de c\u00e2ncer, entre v\u00e1rios outros.<\/p>\n\n\n\n<p>O prefeito Tadeuzinho e o vice Al\u00e9quison Gomes utilizaram suas redes sociais para comunicar a aquisi\u00e7\u00e3o do equipamento. Os chefes do Executivo e a popula\u00e7\u00e3o do munic\u00edpio, de quase 40 mil habitantes (segundo o IBGE), comemoram muito o avan\u00e7o na \u00e1rea da sa\u00fade.<\/p>\n\n\n\n<p>&#8212;&#8212;&#8212;&#8212;&#8212;&#8212;<br><em>Quer receber as not\u00edcias do <strong>Aconteceu no Vale<\/strong> em primeira m\u00e3o? Siga-nos no Facebook <a rel=\"noreferrer noopener\" href=\"http:\/\/facebook.com\/aconteceunovale\" target=\"_blank\">@aconteceunovale<\/a>, Twitter <a rel=\"noreferrer noopener\" href=\"https:\/\/twitter.com\/noticiadosvales\" target=\"_blank\">@noticiadosvales<\/a> e Instagram <a rel=\"noreferrer noopener\" href=\"https:\/\/www.instagram.com\/aconteceunovale\" target=\"_blank\">@aconteceunovale<\/a>.<\/em><\/p>\n","protected":false},"excerpt":{"rendered":"<p>O Hospital S\u00e3o Vicente de Paulo (HSVP), administrado pela Funda\u00e7\u00e3o Hospitalar S\u00e3o Vicente de Paulo (FHSVP) e localizado na cidade de Capelinha, na regi\u00e3o do Vale do Jequitinhonha, receber\u00e1 nos pr\u00f3ximos meses um tom\u00f3grafo computadorizado de \u00faltima gera\u00e7\u00e3o. O recurso para aquisi\u00e7\u00e3o do equipamento, um total de R$ 1.540.261,00 (um milh\u00e3o, quinhentos e quarenta mil, [&hellip;]<\/p>\n","protected":false},"author":4,"featured_media":185827,"comment_status":"open","ping_status":"closed","sticky":false,"template":"","format":"standard","meta":{"amp_status":"","footnotes":""},"categories":[40242,120],"tags":[136538,132,134733,1018,137375,175452,257361,137376,257357,257359,257360,257366,184782,257358,257365,257363,136536,257362,52113,133800,257367,133,257364,240616],"class_list":["post-185826","post","type-post","status-publish","format-standard","has-post-thumbnail","hentry","category-saude-2","category-jequi","tag-alequison-gomes","tag-capelinha","tag-celia-pecanha","tag-destaque","tag-fhsvp","tag-fundacao-hospitalar-de-capelinha","tag-fundacao-hospitalar-sao-vicente-de-paulo-de-capelinha","tag-hospital-de-capelinha","tag-hospital-de-capelinha-recebera-tomografo-avaliado-em-mais-de-r-1-5-milhao","tag-hospital-sao-vicente-de-paulo-de-capelinha","tag-hsvp-de-capelinha","tag-investimento-na-saude-de-capelinha","tag-investimento-no-hospital-de-capelinha","tag-investimento-no-hsvp","tag-melhorias-na-saude-de-capelinha","tag-politica-de-atencao-hospitalar-de-minas-gerais-valora-minas","tag-prefeito-tadeuzinho","tag-prefeitura-municipal","tag-ses-mg","tag-tadeuzinho-abreu","tag-tadeuzinho-e-alequison-gomes","tag-vale-do-jequitinhonha","tag-valora-minas","tag-vice-prefeito-alequison-gomes"],"_links":{"self":[{"href":"https:\/\/aconteceunovale.com.br\/portal\/index.php?rest_route=\/wp\/v2\/posts\/185826","targetHints":{"allow":["GET"]}}],"collection":[{"href":"https:\/\/aconteceunovale.com.br\/portal\/index.php?rest_route=\/wp\/v2\/posts"}],"about":[{"href":"https:\/\/aconteceunovale.com.br\/portal\/index.php?rest_route=\/wp\/v2\/types\/post"}],"author":[{"embeddable":true,"href":"https:\/\/aconteceunovale.com.br\/portal\/index.php?rest_route=\/wp\/v2\/users\/4"}],"replies":[{"embeddable":true,"href":"https:\/\/aconteceunovale.com.br\/portal\/index.php?rest_route=%2Fwp%2Fv2%2Fcomments&post=185826"}],"version-history":[{"count":2,"href":"https:\/\/aconteceunovale.com.br\/portal\/index.php?rest_route=\/wp\/v2\/posts\/185826\/revisions"}],"predecessor-version":[{"id":185830,"href":"https:\/\/aconteceunovale.com.br\/portal\/index.php?rest_route=\/wp\/v2\/posts\/185826\/revisions\/185830"}],"wp:featuredmedia":[{"embeddable":true,"href":"https:\/\/aconteceunovale.com.br\/portal\/index.php?rest_route=\/wp\/v2\/media\/185827"}],"wp:attachment":[{"href":"https:\/\/aconteceunovale.com.br\/portal\/index.php?rest_route=%2Fwp%2Fv2%2Fmedia&parent=185826"}],"wp:term":[{"taxonomy":"category","embeddable":true,"href":"https:\/\/aconteceunovale.com.br\/portal\/index.php?rest_route=%2Fwp%2Fv2%2Fcategories&post=185826"},{"taxonomy":"post_tag","embeddable":true,"href":"https:\/\/aconteceunovale.com.br\/portal\/index.php?rest_route=%2Fwp%2Fv2%2Ftags&post=185826"}],"curies":[{"name":"wp","href":"https:\/\/api.w.org\/{rel}","templated":true}]}}