{"id":185824,"date":"2022-01-14T17:40:56","date_gmt":"2022-01-14T20:40:56","guid":{"rendered":"https:\/\/aconteceunovale.com.br\/portal\/?p=185824"},"modified":"2022-01-14T17:41:36","modified_gmt":"2022-01-14T20:41:36","slug":"suspeito-de-estupro-de-vulneravel-e-preso-em-itamarandiba","status":"publish","type":"post","link":"https:\/\/aconteceunovale.com.br\/portal\/?p=185824","title":{"rendered":"Suspeito de estupro de vulner\u00e1vel \u00e9 preso em Itamarandiba"},"content":{"rendered":"\n<p>A Pol\u00edcia Civil de Minas Gerais (PCMG) cumpriu, nesta sexta-feira (14\/1\/2022), o mandado de pris\u00e3o de um homem, de 51 anos, em Itamarandiba, no Vale do Jequitinhonha. O inqu\u00e9rito policial foi conclu\u00eddo no dia 28 de dezembro, com o indiciamento do suspeito por estupro de vulner\u00e1vel majorado e com o pedido de pris\u00e3o preventiva.<\/p>\n\n\n\n<p>As investiga\u00e7\u00f5es tiveram in\u00edcio no m\u00eas de setembro, quando a v\u00edtima relatou para a m\u00e3e o ocorrido. Segundo informa\u00e7\u00f5es passadas pela v\u00edtima, o pai fazia uso constante de bebida alco\u00f3lica e quando chegava em casa a levava para o quarto para praticar diversos tipos de atos libidinosos. Foram intimadas uma s\u00e9rie de testemunhas, inclusive a irm\u00e3 da v\u00edtima, que chegou a presenciar os fatos, bem como realizado o exame pericial.<\/p>\n\n\n\n<p>O suspeito foi encaminhado para o Sistema Prisional.<\/p>\n\n\n\n<p>&#8212;&#8212;&#8212;&#8212;&#8212;&#8212;<br><em>Quer receber as not\u00edcias do <strong>Aconteceu no Vale<\/strong> em primeira m\u00e3o? Siga-nos no Facebook <a rel=\"noreferrer noopener\" href=\"http:\/\/facebook.com\/aconteceunovale\" target=\"_blank\">@aconteceunovale<\/a>, Twitter <a rel=\"noreferrer noopener\" href=\"https:\/\/twitter.com\/noticiadosvales\" target=\"_blank\">@noticiadosvales<\/a> e Instagram <a rel=\"noreferrer noopener\" href=\"https:\/\/www.instagram.com\/aconteceunovale\" target=\"_blank\">@aconteceunovale<\/a>.<\/em><\/p>\n","protected":false},"excerpt":{"rendered":"<p>A Pol\u00edcia Civil de Minas Gerais (PCMG) cumpriu, nesta sexta-feira (14\/1\/2022), o mandado de pris\u00e3o de um homem, de 51 anos, em Itamarandiba, no Vale do Jequitinhonha. O inqu\u00e9rito policial foi conclu\u00eddo no dia 28 de dezembro, com o indiciamento do suspeito por estupro de vulner\u00e1vel majorado e com o pedido de pris\u00e3o preventiva. As [&hellip;]<\/p>\n","protected":false},"author":4,"featured_media":162079,"comment_status":"open","ping_status":"closed","sticky":false,"template":"","format":"standard","meta":{"amp_status":"","footnotes":""},"categories":[120],"tags":[1018,149743,257353,149,257354,604,257356,257355,257352],"class_list":["post-185824","post","type-post","status-publish","format-standard","has-post-thumbnail","hentry","category-jequi","tag-destaque","tag-estuprador-preso-em-itamarandiba","tag-homem-e-preso-por-estupro-em-itamarandiba","tag-itamarandiba","tag-pai-e-preso-por-estupro-em-itamarandiba","tag-pcmg","tag-pcmg-em-itamarandiba","tag-prisao-de-estuprador-em-itamarandiba","tag-suspeito-de-estupro-de-vulneravel-e-preso-em-itamarandiba"],"_links":{"self":[{"href":"https:\/\/aconteceunovale.com.br\/portal\/index.php?rest_route=\/wp\/v2\/posts\/185824","targetHints":{"allow":["GET"]}}],"collection":[{"href":"https:\/\/aconteceunovale.com.br\/portal\/index.php?rest_route=\/wp\/v2\/posts"}],"about":[{"href":"https:\/\/aconteceunovale.com.br\/portal\/index.php?rest_route=\/wp\/v2\/types\/post"}],"author":[{"embeddable":true,"href":"https:\/\/aconteceunovale.com.br\/portal\/index.php?rest_route=\/wp\/v2\/users\/4"}],"replies":[{"embeddable":true,"href":"https:\/\/aconteceunovale.com.br\/portal\/index.php?rest_route=%2Fwp%2Fv2%2Fcomments&post=185824"}],"version-history":[{"count":1,"href":"https:\/\/aconteceunovale.com.br\/portal\/index.php?rest_route=\/wp\/v2\/posts\/185824\/revisions"}],"predecessor-version":[{"id":185825,"href":"https:\/\/aconteceunovale.com.br\/portal\/index.php?rest_route=\/wp\/v2\/posts\/185824\/revisions\/185825"}],"wp:featuredmedia":[{"embeddable":true,"href":"https:\/\/aconteceunovale.com.br\/portal\/index.php?rest_route=\/wp\/v2\/media\/162079"}],"wp:attachment":[{"href":"https:\/\/aconteceunovale.com.br\/portal\/index.php?rest_route=%2Fwp%2Fv2%2Fmedia&parent=185824"}],"wp:term":[{"taxonomy":"category","embeddable":true,"href":"https:\/\/aconteceunovale.com.br\/portal\/index.php?rest_route=%2Fwp%2Fv2%2Fcategories&post=185824"},{"taxonomy":"post_tag","embeddable":true,"href":"https:\/\/aconteceunovale.com.br\/portal\/index.php?rest_route=%2Fwp%2Fv2%2Ftags&post=185824"}],"curies":[{"name":"wp","href":"https:\/\/api.w.org\/{rel}","templated":true}]}}