{"id":185820,"date":"2022-01-14T17:34:44","date_gmt":"2022-01-14T20:34:44","guid":{"rendered":"https:\/\/aconteceunovale.com.br\/portal\/?p=185820"},"modified":"2022-01-14T17:35:19","modified_gmt":"2022-01-14T20:35:19","slug":"policia-civil-detalha-andamento-das-investigacoes-em-capitolio","status":"publish","type":"post","link":"https:\/\/aconteceunovale.com.br\/portal\/?p=185820","title":{"rendered":"Pol\u00edcia Civil detalha andamento das investiga\u00e7\u00f5es em Capit\u00f3lio"},"content":{"rendered":"\n<p>A\u00a0<a rel=\"noreferrer noopener\" href=\"https:\/\/www.policiacivil.mg.gov.br\/\" target=\"_blank\">Pol\u00edcia Civil de Minas Gerais (PCMG)<\/a>\u00a0divulgou, nesta sexta-feira (14\/1\/2021), durante entrevista coletiva em Belo Horizonte, as a\u00e7\u00f5es que est\u00e3o sendo tomadas at\u00e9 o momento para a investiga\u00e7\u00e3o dos fatos que provocaram a morte de dez pessoas em Capit\u00f3lio, no Sudoeste do estado. Os ocupantes de uma lancha de turismo morreram ap\u00f3s a queda de uma placa rochosa em um dos c\u00e2nions da regi\u00e3o, no \u00faltimo s\u00e1bado (8\/1).<\/p>\n\n\n\n<figure class=\"wp-block-gallery columns-1 is-cropped wp-block-gallery-1 is-layout-flex wp-block-gallery-is-layout-flex\"><ul class=\"blocks-gallery-grid\"><li class=\"blocks-gallery-item\"><figure><img loading=\"lazy\" decoding=\"async\" width=\"678\" height=\"252\" src=\"https:\/\/aconteceunovale.com.br\/portal\/wp-content\/uploads\/2022\/01\/pcmg_capitolio-1.jpg\" alt=\"\" data-id=\"185821\" data-full-url=\"https:\/\/aconteceunovale.com.br\/portal\/wp-content\/uploads\/2022\/01\/pcmg_capitolio-1.jpg\" data-link=\"https:\/\/aconteceunovale.com.br\/portal\/?attachment_id=185821\" class=\"wp-image-185821\" srcset=\"https:\/\/aconteceunovale.com.br\/portal\/wp-content\/uploads\/2022\/01\/pcmg_capitolio-1.jpg 678w, https:\/\/aconteceunovale.com.br\/portal\/wp-content\/uploads\/2022\/01\/pcmg_capitolio-1-300x112.jpg 300w\" sizes=\"auto, (max-width: 678px) 100vw, 678px\" \/><figcaption class=\"blocks-gallery-item__caption\"><em>Foto: PCMG \/ Divulga\u00e7\u00e3o<\/em><\/figcaption><\/figure><\/li><\/ul><\/figure>\n\n\n\n<p>O delegado regional em Passos, Marcos Pimenta, respons\u00e1vel pelo inqu\u00e9rito policial, detalhou que j\u00e1 foram ouvidas 17 pessoas no curso das investiga\u00e7\u00f5es, incluindo v\u00edtimas que tiveram ferimentos leves, residentes no Rio de Janeiro, e que contribuem para as apura\u00e7\u00f5es como testemunhas do acidente. \u201cHoje pela manh\u00e3, em Belo Horizonte, tamb\u00e9m colhemos depoimentos de tr\u00eas pessoas de uma mesma fam\u00edlia. \u00c9 um trabalho que requer muita calma e serenidade, para, ao final do inqu\u00e9rito, apresentarmos o melhor resultado \u00e0 sociedade\u201d, destacou.<\/p>\n\n\n\n<p>Paralelamente, equipes de peritos criminais da PCMG continuam atuando, nesta sexta-feira (14\/1), no local do acidente para colher informa\u00e7\u00f5es para o laudo pericial que ir\u00e1 subsidiar as investiga\u00e7\u00f5es. Especialistas em geologia, os policiais foram deslocados de diferentes regi\u00f5es do estado e trabalham, desde essa quinta-feira (13\/1), em todo o trecho do c\u00e2nion onde ocorreu o acidente.<\/p>\n\n\n\n<h2 class=\"wp-block-heading\"><strong>Pol\u00edcia cient\u00edfica<\/strong><\/h2>\n\n\n\n<p>Marcos Pimenta ressaltou que a PCMG atua com base nos conhecimentos cient\u00edficos para esclarecer todos os fatos. \u201cN\u00e3o estamos poupando nenhum esfor\u00e7o. Nosso foco n\u00e3o \u00e9 procurar culpados, e sim encontrar respostas para, assim, apresentar um inqu\u00e9rito policial robusto que poder\u00e1, inclusive, servir de par\u00e2metro para que outras trag\u00e9dias como essa sejam evitadas futuramente\u201d, afirmou. \u201cO que j\u00e1 sabemos \u00e9 que essas placas rochosas t\u00eam uma tend\u00eancia natural a se desprenderem. Ent\u00e3o cabe \u00e0 Pol\u00edcia Civil apurar se houve alguma a\u00e7\u00e3o de terceiros para acelerar esse processo natural\u201d, completou.<\/p>\n\n\n\n<p>Entre os fatores externos que a Pol\u00edcia Civil avalia, o delegado citou, por exemplo, a a\u00e7\u00e3o das chuvas, a proximidade com a rodovia lim\u00edtrofe aos c\u00e2nions e outras interfer\u00eancias, como constru\u00e7\u00f5es urbanas. \u201cMas repito: isso s\u00f3 poderemos dizer ao final das investiga\u00e7\u00f5es. Se houver uma entidade ou indiv\u00edduo que, de alguma forma, tiver contribu\u00eddo para a acelera\u00e7\u00e3o da queda dessa placa, com certeza ser\u00e1 responsabilizado criminalmente\u201d, assinalou.<\/p>\n\n\n\n<p>Ainda segundo o delegado, a PCMG est\u00e1 em contato com diversos especialistas em geologia em todo o Brasil, que auxiliam no estudo do que pode ter ocorrido no dia do acidente. \u201cSe preciso for, podemos at\u00e9 pedir outros laudos complementares, como uma avalia\u00e7\u00e3o sismol\u00f3gica. Mas tudo isso vai depender da an\u00e1lise que os nossos peritos est\u00e3o realizando neste momento\u201d, informou.<\/p>\n\n\n\n<h2 class=\"wp-block-heading\"><strong>Fiscaliza\u00e7\u00e3o<\/strong><\/h2>\n\n\n\n<p>Sobre as responsabilidades de fiscaliza\u00e7\u00e3o e regulamenta\u00e7\u00e3o da atividade de turismo na regi\u00e3o conhecida como \u201cMar de Minas\u201d, o delegado tamb\u00e9m observou a necessidade de cautela. \u201cA Marinha do Brasil tem nos apoiado de maneira muito importante. Seus profissionais estavam envolvidos quando do resgate dos corpos das v\u00edtimas, junto ao Corpo de Bombeiros, e tamb\u00e9m n\u00e3o poupam esfor\u00e7os\u201d, afirmou Marcos Pimenta ao pontuar que a conclus\u00e3o das investiga\u00e7\u00f5es poder\u00e1 apontar ou n\u00e3o poss\u00edveis omiss\u00f5es.<\/p>\n\n\n\n<p>Da mesma forma, empresas de turismo e a administra\u00e7\u00e3o local contribuem para as apura\u00e7\u00f5es. \u201cA Pol\u00edcia Civil j\u00e1 ouviu os prefeitos de Capit\u00f3lio e S\u00e3o Jos\u00e9 da Barra, al\u00e9m de propriet\u00e1rios de lanchas. Alguns destes, inclusive, j\u00e1 est\u00e3o nos repassando a documenta\u00e7\u00e3o para averigua\u00e7\u00e3o da regularidade dos neg\u00f3cios. De qualquer forma, vamos nos focar no nexo de causa e consequ\u00eancia do acidente, que \u00e9 o que interessa para a investiga\u00e7\u00e3o\u201d, disse o delegado. \u201cClaro que essas an\u00e1lises contribuir\u00e3o tamb\u00e9m para as autoridades competentes avaliarem formas mais seguras de regulamentar e acompanhar os empreendimentos dessa natureza\u201d, acrescentou.<\/p>\n\n\n\n<h2 class=\"wp-block-heading\"><strong>Identifica\u00e7\u00f5es<\/strong><\/h2>\n\n\n\n<p>Marcos Pimenta destacou, ainda, o trabalho r\u00e1pido da Pol\u00edcia Civil, com apoio da Pol\u00edcia Federal, na identifica\u00e7\u00e3o das v\u00edtimas fatais da trag\u00e9dia. Em menos de 40 horas, todos os dez corpos foram identificados e liberados \u00e0s fam\u00edlias. O procedimento contou com o esfor\u00e7o conjunto de profissionais do Instituto de Identifica\u00e7\u00e3o da PCMG, que realizaram as identifica\u00e7\u00f5es por meio do estudo das impress\u00f5es digitais, e do Instituto M\u00e9dico Legal Dr. Andr\u00e9 Roquette (IMLAR), que elabora os laudos de necropsia.<\/p>\n\n\n\n<p>Al\u00e9m disso, desde a primeira not\u00edcia do acidente, a PCMG prov\u00ea assist\u00eancia integral aos familiares das v\u00edtimas. \u201cTivemos todo o cuidado de montarmos um grupo de apoio a essas pessoas, at\u00e9 que pudessem estar a par do nosso trabalho antes mesmo que fossem noticiados\u201d, enfatizou Pimenta.<\/p>\n\n\n\n<p>As investiga\u00e7\u00f5es seguem em andamento e ainda n\u00e3o h\u00e1 prazo definido para conclus\u00e3o.<\/p>\n\n\n\n<p>&#8212;&#8212;&#8212;&#8212;&#8212;&#8212;<br><em>Quer receber as not\u00edcias do <strong>Aconteceu no Vale<\/strong> em primeira m\u00e3o? Siga-nos no Facebook <a rel=\"noreferrer noopener\" href=\"http:\/\/facebook.com\/aconteceunovale\" target=\"_blank\">@aconteceunovale<\/a>, Twitter <a rel=\"noreferrer noopener\" href=\"https:\/\/twitter.com\/noticiadosvales\" target=\"_blank\">@noticiadosvales<\/a> e Instagram <a rel=\"noreferrer noopener\" href=\"https:\/\/www.instagram.com\/aconteceunovale\" target=\"_blank\">@aconteceunovale<\/a>.<\/em><\/p>\n","protected":false},"excerpt":{"rendered":"<p>A\u00a0Pol\u00edcia Civil de Minas Gerais (PCMG)\u00a0divulgou, nesta sexta-feira (14\/1\/2021), durante entrevista coletiva em Belo Horizonte, as a\u00e7\u00f5es que est\u00e3o sendo tomadas at\u00e9 o momento para a investiga\u00e7\u00e3o dos fatos que provocaram a morte de dez pessoas em Capit\u00f3lio, no Sudoeste do estado. Os ocupantes de uma lancha de turismo morreram ap\u00f3s a queda de uma [&hellip;]<\/p>\n","protected":false},"author":4,"featured_media":185822,"comment_status":"open","ping_status":"closed","sticky":false,"template":"","format":"standard","meta":{"amp_status":"","footnotes":""},"categories":[123],"tags":[257007,257005,257002,257001,257006,957,13982,1495,257032,82138,257048,4607,4890,257076,29660,257050,257056,257003,1018,257080,257078,257043,14315,257047,36997,257053,257045,257046,80304,257052,131,257202,210,257015,257049,257044,257014,257013,257016,257054,257057,213,15949,604,1783,257081,257033,257000,257004,257077,31133,257051,257079,257034,257035,257055],"class_list":["post-185820","post","type-post","status-publish","format-standard","has-post-thumbnail","hentry","category-gerais","tag-acidente-capitolio","tag-acidente-com-lanchas-em-capitolio","tag-acidente-com-rocha-em-capitolio","tag-acidente-em-capitolio","tag-acidente-no-canion-de-capitolio","tag-alfenas","tag-alpinopolis","tag-betim","tag-buscas-em-capitolio","tag-cajamar","tag-camila-silva-machado","tag-campinas","tag-capitolio","tag-carmem-pinheiro-da-silva","tag-cbmmg","tag-de-24-anos","tag-de-onde-sao-as-vitimas-do-acidente-em-capitolio","tag-desabamento-de-rocha-em-capitolio","tag-destaque","tag-geovany-gabriel-oliveira-da-silva","tag-geovany-teixeira-da-silva","tag-identificacao-da-vitimas-do-acidente-em-capitolio","tag-itau-de-minas","tag-julio-borges-antunes","tag-lago-de-furnas","tag-lancha-jesus","tag-lista-com-nomes-das-vitimas-do-acidente-em-capitolio","tag-lista-das-vitimas-do-acidente-em-capitolio","tag-marinha-do-brasil","tag-marlene-augusta-teixeira-da-silva","tag-minas-gerais","tag-ministerio-publico-abre-inquerito-para-investigar-tragedia-em-capitolio","tag-montes-claros","tag-mortos-em-capitolio","tag-mykon-douglas-de-osti","tag-nome-das-vitimas-do-acidente-em-capitolio","tag-numero-de-mortos-em-capitolio","tag-numero-de-mortos-em-desabamento-de-rocha-em-capitolio-sobe-para-cinco","tag-obitos-em-capitolio","tag-ocupantes-da-lancha-jesus","tag-onde-residiam-as-vitimas-do-acidente-de-capitolio","tag-passos","tag-paulinia","tag-pcmg","tag-piumhi","tag-policia-civil-identifica-decima-vitima-do-acidente-em-capitolio","tag-resgate-de-vitimas-em-capitolio","tag-rocha-atinge-barcos-e-causa-morte-em-capitolio","tag-rocha-desaba-em-capitolio","tag-rodrigo-alves-dos-anjos","tag-sao-jose-da-barra","tag-sebastiao-teixeira-da-silva","tag-tiago-teixeira-da-silva-nascimento","tag-trabalho-de-busca-em-capitolio","tag-trabalho-de-resgate-em-capitolio","tag-vitimas-lancha-jesus"],"_links":{"self":[{"href":"https:\/\/aconteceunovale.com.br\/portal\/index.php?rest_route=\/wp\/v2\/posts\/185820","targetHints":{"allow":["GET"]}}],"collection":[{"href":"https:\/\/aconteceunovale.com.br\/portal\/index.php?rest_route=\/wp\/v2\/posts"}],"about":[{"href":"https:\/\/aconteceunovale.com.br\/portal\/index.php?rest_route=\/wp\/v2\/types\/post"}],"author":[{"embeddable":true,"href":"https:\/\/aconteceunovale.com.br\/portal\/index.php?rest_route=\/wp\/v2\/users\/4"}],"replies":[{"embeddable":true,"href":"https:\/\/aconteceunovale.com.br\/portal\/index.php?rest_route=%2Fwp%2Fv2%2Fcomments&post=185820"}],"version-history":[{"count":1,"href":"https:\/\/aconteceunovale.com.br\/portal\/index.php?rest_route=\/wp\/v2\/posts\/185820\/revisions"}],"predecessor-version":[{"id":185823,"href":"https:\/\/aconteceunovale.com.br\/portal\/index.php?rest_route=\/wp\/v2\/posts\/185820\/revisions\/185823"}],"wp:featuredmedia":[{"embeddable":true,"href":"https:\/\/aconteceunovale.com.br\/portal\/index.php?rest_route=\/wp\/v2\/media\/185822"}],"wp:attachment":[{"href":"https:\/\/aconteceunovale.com.br\/portal\/index.php?rest_route=%2Fwp%2Fv2%2Fmedia&parent=185820"}],"wp:term":[{"taxonomy":"category","embeddable":true,"href":"https:\/\/aconteceunovale.com.br\/portal\/index.php?rest_route=%2Fwp%2Fv2%2Fcategories&post=185820"},{"taxonomy":"post_tag","embeddable":true,"href":"https:\/\/aconteceunovale.com.br\/portal\/index.php?rest_route=%2Fwp%2Fv2%2Ftags&post=185820"}],"curies":[{"name":"wp","href":"https:\/\/api.w.org\/{rel}","templated":true}]}}