{"id":185813,"date":"2022-01-14T17:16:52","date_gmt":"2022-01-14T20:16:52","guid":{"rendered":"https:\/\/aconteceunovale.com.br\/portal\/?p=185813"},"modified":"2022-01-14T17:17:48","modified_gmt":"2022-01-14T20:17:48","slug":"minas-suspende-exigencia-do-crlv-ate-junho","status":"publish","type":"post","link":"https:\/\/aconteceunovale.com.br\/portal\/?p=185813","title":{"rendered":"Minas suspende exig\u00eancia do CRLV 2021 at\u00e9 junho"},"content":{"rendered":"\n<p>Minas Gerais suspendeu a exig\u00eancia do Certificado de Registro e Licenciamento de Ve\u00edculo (CRLV) referente\u00a0 ao ano de 2021. Com a medida, o documento que estava sendo exigido nas fiscaliza\u00e7\u00f5es de tr\u00e2nsito desde 1\u00b0 de janeiro de 2022, passar\u00e1 a ser obrigat\u00f3rio a partir de 1\u00b0 de junho.<\/p>\n\n\n\n<figure class=\"wp-block-gallery columns-1 is-cropped wp-block-gallery-1 is-layout-flex wp-block-gallery-is-layout-flex\"><ul class=\"blocks-gallery-grid\"><li class=\"blocks-gallery-item\"><figure><img loading=\"lazy\" decoding=\"async\" width=\"675\" height=\"450\" src=\"https:\/\/aconteceunovale.com.br\/portal\/wp-content\/uploads\/2019\/11\/lancamento_ipva.jpg\" alt=\"\" data-id=\"154236\" data-full-url=\"https:\/\/aconteceunovale.com.br\/portal\/wp-content\/uploads\/2019\/11\/lancamento_ipva.jpg\" data-link=\"https:\/\/aconteceunovale.com.br\/portal\/?attachment_id=154236\" class=\"wp-image-154236\" srcset=\"https:\/\/aconteceunovale.com.br\/portal\/wp-content\/uploads\/2019\/11\/lancamento_ipva.jpg 675w, https:\/\/aconteceunovale.com.br\/portal\/wp-content\/uploads\/2019\/11\/lancamento_ipva-300x200.jpg 300w, https:\/\/aconteceunovale.com.br\/portal\/wp-content\/uploads\/2019\/11\/lancamento_ipva-630x420.jpg 630w\" sizes=\"auto, (max-width: 675px) 100vw, 675px\" \/><figcaption class=\"blocks-gallery-item__caption\"><em>Foto: Gil Leonardi \/ Imprensa MG<\/em><\/figcaption><\/figure><\/li><\/ul><\/figure>\n\n\n\n<p>A decis\u00e3o, publicada no\u00a0<a rel=\"noreferrer noopener\" href=\"http:\/\/www.jornalminasgerais.mg.gov.br\/\" target=\"_blank\">Di\u00e1rio Oficial do Estado<\/a>, nesta sexta-feira (14\/1\/2022), considera a evid\u00eancia dos efeitos socioecon\u00f4micos decorrentes da pandemia, que foram agravados, nos \u00faltimos dias, com as fortes chuvas que atingem todo o estado.<\/p>\n\n\n\n<p>Assim, para fins de fiscaliza\u00e7\u00e3o, o CRLV referente ao ano de 2019 volta a ser exigido para comprovar a regularidade do ve\u00edculo em circula\u00e7\u00e3o. O documento poder\u00e1 ser apresentado impresso em papel comum ou no aplicativo Carteira Digital de Tr\u00e2nsito (CDT), dispon\u00edvel para aparelhos com sistemas Android e iOS.<\/p>\n\n\n\n<p>O porte do CRLV poder\u00e1 ser dispensado, caso o agente tenha condi\u00e7\u00f5es de consultar o sistema do\u00a0Departamento de Tr\u00e2nsito de Minas Gerais (Detran-MG)\u00a0para verificar se o ve\u00edculo est\u00e1 licenciado. Durante as abordagens ao condutor, a fiscaliza\u00e7\u00e3o de tr\u00e2nsito observar\u00e1 a regularidade dos documentos obrigat\u00f3rios, que s\u00e3o o CRLV e a habilita\u00e7\u00e3o, sendo desnecess\u00e1rio apresentar comprovantes de pagamento dos tributos.<\/p>\n\n\n\n<p>Em caso de d\u00favida sobre a regularidade do CRLV, o propriet\u00e1rio de ve\u00edculo poder\u00e1\u00a0 acessar o site\u00a0<a rel=\"noreferrer noopener\" href=\"http:\/\/www.detran.mg.gov.br\/\" target=\"_blank\">www.detran.mg.gov.br<\/a>, onde tamb\u00e9m \u00e9 poss\u00edvel verificar se h\u00e1 d\u00e9bitos e emitir as guias para pagamento do Imposto de Propriedade de Ve\u00edculos Automotores (IPVA), seguro obrigat\u00f3rio (DPVAT), Taxa de Renova\u00e7\u00e3o do Licenciamento Anual do Ve\u00edculo (TRLAV)\u00a0e eventuais multas.<\/p>\n\n\n\n<p>A exig\u00eancia do CRLV 2022 ser\u00e1 definida pelo Detran-MG e as datas ser\u00e3o divulgadas no segundo semestre.<\/p>\n\n\n\n<p>&#8212;&#8212;&#8212;&#8212;&#8212;&#8212;<br><em>Quer receber as not\u00edcias do <strong>Aconteceu no Vale<\/strong> em primeira m\u00e3o? Siga-nos no Facebook <a rel=\"noreferrer noopener\" href=\"http:\/\/facebook.com\/aconteceunovale\" target=\"_blank\">@aconteceunovale<\/a>, Twitter <a rel=\"noreferrer noopener\" href=\"https:\/\/twitter.com\/noticiadosvales\" target=\"_blank\">@noticiadosvales<\/a> e Instagram <a rel=\"noreferrer noopener\" href=\"https:\/\/www.instagram.com\/aconteceunovale\" target=\"_blank\">@aconteceunovale<\/a>.<\/em><\/p>\n","protected":false},"excerpt":{"rendered":"<p>Minas Gerais suspendeu a exig\u00eancia do Certificado de Registro e Licenciamento de Ve\u00edculo (CRLV) referente\u00a0 ao ano de 2021. Com a medida, o documento que estava sendo exigido nas fiscaliza\u00e7\u00f5es de tr\u00e2nsito desde 1\u00b0 de janeiro de 2022, passar\u00e1 a ser obrigat\u00f3rio a partir de 1\u00b0 de junho. A decis\u00e3o, publicada no\u00a0Di\u00e1rio Oficial do Estado, [&hellip;]<\/p>\n","protected":false},"author":4,"featured_media":154236,"comment_status":"open","ping_status":"closed","sticky":false,"template":"","format":"standard","meta":{"amp_status":"","footnotes":""},"categories":[123],"tags":[210919,39833,243974,102547,50080,220418,178833,81043,1018,1243,247241,224912,6546,29894,231910,243975,144144,131,243973,247238,247239,247240,178207,171807],"class_list":["post-185813","post","type-post","status-publish","format-standard","has-post-thumbnail","hentry","category-gerais","tag-cdt","tag-certificado-de-registro-e-licenciamento-de-veiculo","tag-certificado-de-registro-e-licenciamento-de-veiculo-2020","tag-certificado-de-registro-e-licenciamento-de-veiculos","tag-crlv","tag-crlv-2020","tag-crlv-digital","tag-departamento-de-transito-de-minas-gerais","tag-destaque","tag-detran-mg","tag-exigencia-do-crlv","tag-exigencia-do-crlv-2020","tag-governo-de-minas","tag-ipva","tag-ipva-2021","tag-licenciamento-2021","tag-licenciamento-de-veiculos-em-minas-gerais","tag-minas-gerais","tag-minas-gerais-prorroga-para-1o-de-julho-a-exigencia-do-crlv-2020","tag-minas-gerais-tem-novo-prazo-para-exigencia-do-crlv","tag-novo-prazo-para-exigencia-do-crlv","tag-prazo-para-exigencia-do-crlv","tag-romeu-zema","tag-sef-mg"],"_links":{"self":[{"href":"https:\/\/aconteceunovale.com.br\/portal\/index.php?rest_route=\/wp\/v2\/posts\/185813","targetHints":{"allow":["GET"]}}],"collection":[{"href":"https:\/\/aconteceunovale.com.br\/portal\/index.php?rest_route=\/wp\/v2\/posts"}],"about":[{"href":"https:\/\/aconteceunovale.com.br\/portal\/index.php?rest_route=\/wp\/v2\/types\/post"}],"author":[{"embeddable":true,"href":"https:\/\/aconteceunovale.com.br\/portal\/index.php?rest_route=\/wp\/v2\/users\/4"}],"replies":[{"embeddable":true,"href":"https:\/\/aconteceunovale.com.br\/portal\/index.php?rest_route=%2Fwp%2Fv2%2Fcomments&post=185813"}],"version-history":[{"count":2,"href":"https:\/\/aconteceunovale.com.br\/portal\/index.php?rest_route=\/wp\/v2\/posts\/185813\/revisions"}],"predecessor-version":[{"id":185815,"href":"https:\/\/aconteceunovale.com.br\/portal\/index.php?rest_route=\/wp\/v2\/posts\/185813\/revisions\/185815"}],"wp:featuredmedia":[{"embeddable":true,"href":"https:\/\/aconteceunovale.com.br\/portal\/index.php?rest_route=\/wp\/v2\/media\/154236"}],"wp:attachment":[{"href":"https:\/\/aconteceunovale.com.br\/portal\/index.php?rest_route=%2Fwp%2Fv2%2Fmedia&parent=185813"}],"wp:term":[{"taxonomy":"category","embeddable":true,"href":"https:\/\/aconteceunovale.com.br\/portal\/index.php?rest_route=%2Fwp%2Fv2%2Fcategories&post=185813"},{"taxonomy":"post_tag","embeddable":true,"href":"https:\/\/aconteceunovale.com.br\/portal\/index.php?rest_route=%2Fwp%2Fv2%2Ftags&post=185813"}],"curies":[{"name":"wp","href":"https:\/\/api.w.org\/{rel}","templated":true}]}}