{"id":185805,"date":"2022-01-13T22:18:12","date_gmt":"2022-01-14T01:18:12","guid":{"rendered":"https:\/\/aconteceunovale.com.br\/portal\/?p=185805"},"modified":"2022-01-13T22:19:16","modified_gmt":"2022-01-14T01:19:16","slug":"dupla-suspeita-de-participar-de-homicidio-em-janauba-e-presa","status":"publish","type":"post","link":"https:\/\/aconteceunovale.com.br\/portal\/?p=185805","title":{"rendered":"Dupla suspeita de participar de homic\u00eddio em Jana\u00faba \u00e9 presa"},"content":{"rendered":"\n<p>A Pol\u00edcia Civil de Minas Gerais (PCMG) cumpriu, na ter\u00e7a-feira (11\/1\/2022), os mandados de pris\u00f5es tempor\u00e1rias de dois suspeitos, 19 e 22 anos, acusados de envolvimento na morte de um homem, de 20 anos, ocorrido em 18 de dezembro, na comunidade de Vila Nova dos Po\u00e7\u00f5es, no munic\u00edpio de Jana\u00faba.<\/p>\n\n\n\n<p>Os dois suspeitos foram presos pela Pol\u00edcia Civil, sendo que um deles foi localizado na cidade de Uberaba, no Tri\u00e2ngulo Mineiro, para onde havia fugido.<\/p>\n\n\n\n<p>No dia do crime, um outro membro do grupo foi preso em flagrante, ap\u00f3s atirar na v\u00edtima por motivo de vingan\u00e7a. Ela teria dado informa\u00e7\u00f5es a seu respeito para uma fac\u00e7\u00e3o rival. A v\u00edtima foi baleada \u00e0 queima roupa e morreu no local.<\/p>\n\n\n\n<p>De acordo com o apurado, os suspeitos fazem parte de uma associa\u00e7\u00e3o criminosa que atua na localidade e estariam amedrontando moradores, determinando toque de recolher e promovendo tiroteios no local.<\/p>\n\n\n\n<p>As investiga\u00e7\u00f5es apontaram que o homic\u00eddio fazia parte de vingan\u00e7a do grupo criminoso, e n\u00e3o s\u00f3 do executor do crime. Um dos investigados preso teria sido respons\u00e1vel por fornecer a arma do crime e guard\u00e1-la ap\u00f3s a execu\u00e7\u00e3o. J\u00e1 o outro, segundo apurado, chutou a cabe\u00e7a da v\u00edtima ap\u00f3s os disparos, gritando no local que \u201cera ele quem deveria t\u00ea-la executado\u201d.<\/p>\n\n\n\n<p>A delegada Gl\u00eania Balieira Torres Aquino, que representou pela pris\u00e3o tempor\u00e1ria dos suspeitos, afirmou que antes do crime duas v\u00edtimas chegaram a procurar a delegacia afirmando que estavam sendo amea\u00e7adas de morte pelos suspeitos, os quais estariam atemorizando a comunidade. \u201cOs moradores n\u00e3o estavam podendo sair de suas casas, com medo dos investigados. Uma testemunha fugiu da cidade, temendo repres\u00e1lias do grupo criminoso\u201d, informou a delegada.<\/p>\n\n\n\n<p>A investiga\u00e7\u00e3o foi realizada pela equipe da Delegacia de Homic\u00eddios em Jana\u00faba e contou com o apoio da equipe policial de Uberaba para efetuar a pris\u00e3o naquela cidade.<\/p>\n\n\n\n<p>&#8212;&#8212;&#8212;&#8212;&#8212;&#8212;<br><em>Quer receber as not\u00edcias do <strong>Aconteceu no Vale<\/strong> em primeira m\u00e3o? Siga-nos no Facebook <a rel=\"noreferrer noopener\" href=\"http:\/\/facebook.com\/aconteceunovale\" target=\"_blank\">@aconteceunovale<\/a>, Twitter <a rel=\"noreferrer noopener\" href=\"https:\/\/twitter.com\/noticiadosvales\" target=\"_blank\">@noticiadosvales<\/a> e Instagram <a rel=\"noreferrer noopener\" href=\"https:\/\/www.instagram.com\/aconteceunovale\" target=\"_blank\">@aconteceunovale<\/a>.<\/em><\/p>\n","protected":false},"excerpt":{"rendered":"<p>A Pol\u00edcia Civil de Minas Gerais (PCMG) cumpriu, na ter\u00e7a-feira (11\/1\/2022), os mandados de pris\u00f5es tempor\u00e1rias de dois suspeitos, 19 e 22 anos, acusados de envolvimento na morte de um homem, de 20 anos, ocorrido em 18 de dezembro, na comunidade de Vila Nova dos Po\u00e7\u00f5es, no munic\u00edpio de Jana\u00faba. Os dois suspeitos foram presos [&hellip;]<\/p>\n","protected":false},"author":4,"featured_media":180925,"comment_status":"open","ping_status":"closed","sticky":false,"template":"","format":"standard","meta":{"amp_status":"","footnotes":""},"categories":[1236],"tags":[256103,257319,204,133484,257320,220,138014],"class_list":["post-185805","post","type-post","status-publish","format-standard","has-post-thumbnail","hentry","category-norte_de_minas","tag-delegada-glenia-balieira-torres-aquino","tag-homicidas-presos-em-janauba","tag-janauba","tag-presos-por-homicidio-em-janauba","tag-prisao-de-homicidas-em-janauba","tag-uberaba","tag-vila-nova-dos-pocoes"],"_links":{"self":[{"href":"https:\/\/aconteceunovale.com.br\/portal\/index.php?rest_route=\/wp\/v2\/posts\/185805","targetHints":{"allow":["GET"]}}],"collection":[{"href":"https:\/\/aconteceunovale.com.br\/portal\/index.php?rest_route=\/wp\/v2\/posts"}],"about":[{"href":"https:\/\/aconteceunovale.com.br\/portal\/index.php?rest_route=\/wp\/v2\/types\/post"}],"author":[{"embeddable":true,"href":"https:\/\/aconteceunovale.com.br\/portal\/index.php?rest_route=\/wp\/v2\/users\/4"}],"replies":[{"embeddable":true,"href":"https:\/\/aconteceunovale.com.br\/portal\/index.php?rest_route=%2Fwp%2Fv2%2Fcomments&post=185805"}],"version-history":[{"count":1,"href":"https:\/\/aconteceunovale.com.br\/portal\/index.php?rest_route=\/wp\/v2\/posts\/185805\/revisions"}],"predecessor-version":[{"id":185806,"href":"https:\/\/aconteceunovale.com.br\/portal\/index.php?rest_route=\/wp\/v2\/posts\/185805\/revisions\/185806"}],"wp:featuredmedia":[{"embeddable":true,"href":"https:\/\/aconteceunovale.com.br\/portal\/index.php?rest_route=\/wp\/v2\/media\/180925"}],"wp:attachment":[{"href":"https:\/\/aconteceunovale.com.br\/portal\/index.php?rest_route=%2Fwp%2Fv2%2Fmedia&parent=185805"}],"wp:term":[{"taxonomy":"category","embeddable":true,"href":"https:\/\/aconteceunovale.com.br\/portal\/index.php?rest_route=%2Fwp%2Fv2%2Fcategories&post=185805"},{"taxonomy":"post_tag","embeddable":true,"href":"https:\/\/aconteceunovale.com.br\/portal\/index.php?rest_route=%2Fwp%2Fv2%2Ftags&post=185805"}],"curies":[{"name":"wp","href":"https:\/\/api.w.org\/{rel}","templated":true}]}}