{"id":185803,"date":"2022-01-13T22:01:13","date_gmt":"2022-01-14T01:01:13","guid":{"rendered":"https:\/\/aconteceunovale.com.br\/portal\/?p=185803"},"modified":"2022-01-13T22:01:46","modified_gmt":"2022-01-14T01:01:46","slug":"homem-condenado-pela-justica-e-preso-em-santa-maria-do-suacui","status":"publish","type":"post","link":"https:\/\/aconteceunovale.com.br\/portal\/?p=185803","title":{"rendered":"Homem condenado pela Justi\u00e7a \u00e9 preso em Santa Maria do Sua\u00e7u\u00ed"},"content":{"rendered":"\n<p>A Pol\u00edcia Civil de Minas Gerais (PCMG) cumpriu, na ter\u00e7a-feira (11\/1\/2022), em Santa Maria do Sua\u00e7u\u00ed, mandado de pris\u00e3o expedido contra um homem, de 55 anos, condenado pela Justi\u00e7a por posse e porte ilegal de arma de fogo. Ele estava sendo investigado desde 2018, quando foi preso em flagrante, em Cristais, portando um rev\u00f3lver calibre 38.<\/p>\n\n\n\n<p>De acordo com o delegado Thales Borges Muniz, as investiga\u00e7\u00f5es foram conclu\u00eddas em 2019, com o indiciamento do suspeito. \u201c<em>Ap\u00f3s os tr\u00e2mites judiciais, ele foi condenado. Com o tr\u00e2nsito em julgado, a Justi\u00e7a expediu o mandado de pris\u00e3o que n\u00f3s cumprimos\u201d,<\/em> conta Thales. Ainda segundo o delegado, o preso tamb\u00e9m possui condena\u00e7\u00e3o por homic\u00eddio, ocorrido em Cristais, no dia 5 de dezembro de 2018.<\/p>\n\n\n\n<p>&#8212;&#8212;&#8212;&#8212;&#8212;&#8212;<br><em>Quer receber as not\u00edcias do <strong>Aconteceu no Vale<\/strong> em primeira m\u00e3o? Siga-nos no Facebook <a rel=\"noreferrer noopener\" href=\"http:\/\/facebook.com\/aconteceunovale\" target=\"_blank\">@aconteceunovale<\/a>, Twitter <a rel=\"noreferrer noopener\" href=\"https:\/\/twitter.com\/noticiadosvales\" target=\"_blank\">@noticiadosvales<\/a> e Instagram <a rel=\"noreferrer noopener\" href=\"https:\/\/www.instagram.com\/aconteceunovale\" target=\"_blank\">@aconteceunovale<\/a>.<\/em><\/p>\n","protected":false},"excerpt":{"rendered":"<p>A Pol\u00edcia Civil de Minas Gerais (PCMG) cumpriu, na ter\u00e7a-feira (11\/1\/2022), em Santa Maria do Sua\u00e7u\u00ed, mandado de pris\u00e3o expedido contra um homem, de 55 anos, condenado pela Justi\u00e7a por posse e porte ilegal de arma de fogo. Ele estava sendo investigado desde 2018, quando foi preso em flagrante, em Cristais, portando um rev\u00f3lver calibre [&hellip;]<\/p>\n","protected":false},"author":4,"featured_media":177160,"comment_status":"open","ping_status":"closed","sticky":false,"template":"","format":"standard","meta":{"amp_status":"","footnotes":""},"categories":[121],"tags":[31130,221423,257318,257316,604,246464,221026,257317,240],"class_list":["post-185803","post","type-post","status-publish","format-standard","has-post-thumbnail","hentry","category-leste","tag-cristais","tag-delegado-de-santa-maria-do-suacui","tag-delegado-thales-borges-muniz","tag-homem-condenado-pela-justica-e-preso-em-santa-maria-do-suacui","tag-pcmg","tag-pcmg-em-santa-maria-do-suacui","tag-preso-em-santa-maria-do-suacui","tag-prisao-de-homem-em-santa-maria-do-suacui","tag-santa-maria-do-suacui"],"_links":{"self":[{"href":"https:\/\/aconteceunovale.com.br\/portal\/index.php?rest_route=\/wp\/v2\/posts\/185803","targetHints":{"allow":["GET"]}}],"collection":[{"href":"https:\/\/aconteceunovale.com.br\/portal\/index.php?rest_route=\/wp\/v2\/posts"}],"about":[{"href":"https:\/\/aconteceunovale.com.br\/portal\/index.php?rest_route=\/wp\/v2\/types\/post"}],"author":[{"embeddable":true,"href":"https:\/\/aconteceunovale.com.br\/portal\/index.php?rest_route=\/wp\/v2\/users\/4"}],"replies":[{"embeddable":true,"href":"https:\/\/aconteceunovale.com.br\/portal\/index.php?rest_route=%2Fwp%2Fv2%2Fcomments&post=185803"}],"version-history":[{"count":1,"href":"https:\/\/aconteceunovale.com.br\/portal\/index.php?rest_route=\/wp\/v2\/posts\/185803\/revisions"}],"predecessor-version":[{"id":185804,"href":"https:\/\/aconteceunovale.com.br\/portal\/index.php?rest_route=\/wp\/v2\/posts\/185803\/revisions\/185804"}],"wp:featuredmedia":[{"embeddable":true,"href":"https:\/\/aconteceunovale.com.br\/portal\/index.php?rest_route=\/wp\/v2\/media\/177160"}],"wp:attachment":[{"href":"https:\/\/aconteceunovale.com.br\/portal\/index.php?rest_route=%2Fwp%2Fv2%2Fmedia&parent=185803"}],"wp:term":[{"taxonomy":"category","embeddable":true,"href":"https:\/\/aconteceunovale.com.br\/portal\/index.php?rest_route=%2Fwp%2Fv2%2Fcategories&post=185803"},{"taxonomy":"post_tag","embeddable":true,"href":"https:\/\/aconteceunovale.com.br\/portal\/index.php?rest_route=%2Fwp%2Fv2%2Ftags&post=185803"}],"curies":[{"name":"wp","href":"https:\/\/api.w.org\/{rel}","templated":true}]}}