{"id":185797,"date":"2022-01-13T20:17:56","date_gmt":"2022-01-13T23:17:56","guid":{"rendered":"https:\/\/aconteceunovale.com.br\/portal\/?p=185797"},"modified":"2022-01-13T20:18:51","modified_gmt":"2022-01-13T23:18:51","slug":"suspeito-de-cometer-homicidio-em-goias-e-preso-no-norte-de-minas","status":"publish","type":"post","link":"https:\/\/aconteceunovale.com.br\/portal\/?p=185797","title":{"rendered":"Suspeito de cometer homic\u00eddio em Goi\u00e1s \u00e9 preso no Norte de Minas"},"content":{"rendered":"\n<p>Uma opera\u00e7\u00e3o conjunta entre as pol\u00edcias civis de Minas Gerais (PCMG) e de Goi\u00e1s (PCGO), com apoio da Pol\u00edcia Militar mineira, prendeu, nesta quinta-feira (13\/1\/2022), em Gr\u00e3o Mogol, um foragido da Justi\u00e7a da cidade de Trindade (GO).<\/p>\n\n\n\n<figure class=\"wp-block-gallery columns-1 is-cropped wp-block-gallery-1 is-layout-flex wp-block-gallery-is-layout-flex\"><ul class=\"blocks-gallery-grid\"><li class=\"blocks-gallery-item\"><figure><img loading=\"lazy\" decoding=\"async\" width=\"678\" height=\"442\" src=\"https:\/\/aconteceunovale.com.br\/portal\/wp-content\/uploads\/2022\/01\/pcmg_grao_mogol.jpg\" alt=\"\" data-id=\"185798\" data-full-url=\"https:\/\/aconteceunovale.com.br\/portal\/wp-content\/uploads\/2022\/01\/pcmg_grao_mogol.jpg\" data-link=\"https:\/\/aconteceunovale.com.br\/portal\/?attachment_id=185798\" class=\"wp-image-185798\" srcset=\"https:\/\/aconteceunovale.com.br\/portal\/wp-content\/uploads\/2022\/01\/pcmg_grao_mogol.jpg 678w, https:\/\/aconteceunovale.com.br\/portal\/wp-content\/uploads\/2022\/01\/pcmg_grao_mogol-300x196.jpg 300w, https:\/\/aconteceunovale.com.br\/portal\/wp-content\/uploads\/2022\/01\/pcmg_grao_mogol-644x420.jpg 644w\" sizes=\"auto, (max-width: 678px) 100vw, 678px\" \/><figcaption class=\"blocks-gallery-item__caption\"><em>Foto: Divulga\u00e7\u00e3o\/PCMG<\/em><\/figcaption><\/figure><\/li><\/ul><\/figure>\n\n\n\n<p>Ap\u00f3s informa\u00e7\u00f5es repassadas pela PCGO, os investigadores da PCMG empreenderam levantamentos e localizaram o investigado, de 21 anos, escondido em um im\u00f3vel alugado no munic\u00edpio do Norte mineiro. O homem \u00e9 suspeito de pertencer a uma organiza\u00e7\u00e3o criminosa e de ter matado tr\u00eas indiv\u00edduos da fac\u00e7\u00e3o rival no estado de Goi\u00e1s.<\/p>\n\n\n\n<p>Segundo apurado pela Pol\u00edcia Civil goiana, assim que o suspeito deixou o pres\u00eddio em Trindade, ele teve por miss\u00e3o criminosa executar tr\u00eas desafetos. Ap\u00f3s os crimes, ele fugiu para Minas Gerais e fixou resid\u00eancia em Gr\u00e3o Mogol, onde foi detido, na manh\u00e3 de hoje, em cumprimento a mandado de pris\u00e3o.<\/p>\n\n\n\n<p>&#8212;&#8212;&#8212;&#8212;&#8212;&#8212;<br><em>Quer receber as not\u00edcias do <strong>Aconteceu no Vale<\/strong> em primeira m\u00e3o? Siga-nos no Facebook <a rel=\"noreferrer noopener\" href=\"http:\/\/facebook.com\/aconteceunovale\" target=\"_blank\">@aconteceunovale<\/a>, Twitter <a rel=\"noreferrer noopener\" href=\"https:\/\/twitter.com\/noticiadosvales\" target=\"_blank\">@noticiadosvales<\/a> e Instagram <a rel=\"noreferrer noopener\" href=\"https:\/\/www.instagram.com\/aconteceunovale\" target=\"_blank\">@aconteceunovale<\/a>.<\/em><\/p>\n","protected":false},"excerpt":{"rendered":"<p>Uma opera\u00e7\u00e3o conjunta entre as pol\u00edcias civis de Minas Gerais (PCMG) e de Goi\u00e1s (PCGO), com apoio da Pol\u00edcia Militar mineira, prendeu, nesta quinta-feira (13\/1\/2022), em Gr\u00e3o Mogol, um foragido da Justi\u00e7a da cidade de Trindade (GO). Ap\u00f3s informa\u00e7\u00f5es repassadas pela PCGO, os investigadores da PCMG empreenderam levantamentos e localizaram o investigado, de 21 anos, [&hellip;]<\/p>\n","protected":false},"author":4,"featured_media":185798,"comment_status":"open","ping_status":"closed","sticky":false,"template":"","format":"standard","meta":{"amp_status":"","footnotes":""},"categories":[6,1236],"tags":[1018,1153,145,235719,604,149646,257306,257305,3438],"class_list":["post-185797","post","type-post","status-publish","format-standard","has-post-thumbnail","hentry","category-br","category-norte_de_minas","tag-destaque","tag-grao-mogol","tag-norte-de-minas","tag-pcgo","tag-pcmg","tag-preso-em-grao-mogol","tag-suspeito-de-cometer-homicidio-em-goias-e-preso-em-grao-mogol","tag-suspeito-de-cometer-homicidio-em-goias-e-preso-no-norte-de-minas","tag-trindade"],"_links":{"self":[{"href":"https:\/\/aconteceunovale.com.br\/portal\/index.php?rest_route=\/wp\/v2\/posts\/185797","targetHints":{"allow":["GET"]}}],"collection":[{"href":"https:\/\/aconteceunovale.com.br\/portal\/index.php?rest_route=\/wp\/v2\/posts"}],"about":[{"href":"https:\/\/aconteceunovale.com.br\/portal\/index.php?rest_route=\/wp\/v2\/types\/post"}],"author":[{"embeddable":true,"href":"https:\/\/aconteceunovale.com.br\/portal\/index.php?rest_route=\/wp\/v2\/users\/4"}],"replies":[{"embeddable":true,"href":"https:\/\/aconteceunovale.com.br\/portal\/index.php?rest_route=%2Fwp%2Fv2%2Fcomments&post=185797"}],"version-history":[{"count":1,"href":"https:\/\/aconteceunovale.com.br\/portal\/index.php?rest_route=\/wp\/v2\/posts\/185797\/revisions"}],"predecessor-version":[{"id":185799,"href":"https:\/\/aconteceunovale.com.br\/portal\/index.php?rest_route=\/wp\/v2\/posts\/185797\/revisions\/185799"}],"wp:featuredmedia":[{"embeddable":true,"href":"https:\/\/aconteceunovale.com.br\/portal\/index.php?rest_route=\/wp\/v2\/media\/185798"}],"wp:attachment":[{"href":"https:\/\/aconteceunovale.com.br\/portal\/index.php?rest_route=%2Fwp%2Fv2%2Fmedia&parent=185797"}],"wp:term":[{"taxonomy":"category","embeddable":true,"href":"https:\/\/aconteceunovale.com.br\/portal\/index.php?rest_route=%2Fwp%2Fv2%2Fcategories&post=185797"},{"taxonomy":"post_tag","embeddable":true,"href":"https:\/\/aconteceunovale.com.br\/portal\/index.php?rest_route=%2Fwp%2Fv2%2Ftags&post=185797"}],"curies":[{"name":"wp","href":"https:\/\/api.w.org\/{rel}","templated":true}]}}