{"id":185794,"date":"2022-01-13T20:02:11","date_gmt":"2022-01-13T23:02:11","guid":{"rendered":"https:\/\/aconteceunovale.com.br\/portal\/?p=185794"},"modified":"2022-01-13T20:02:56","modified_gmt":"2022-01-13T23:02:56","slug":"dupla-e-indiciada-por-roubo-em-montes-claros","status":"publish","type":"post","link":"https:\/\/aconteceunovale.com.br\/portal\/?p=185794","title":{"rendered":"Dupla \u00e9 indiciada por roubo em Montes Claros"},"content":{"rendered":"\n<p>A Pol\u00edcia Civil de Minas Gerais (PCMG) concluiu, nesta quinta-feira (13\/1\/2022), o inqu\u00e9rito policial que apurou o roubo contra um estabelecimento comercial em Montes Claros, na regi\u00e3o Norte do Estado. Dois homens, de 25 e 28 anos, foram indiciados pelo crime, cometido no dia 5 de outubro do \u00faltimo ano.<\/p>\n\n\n\n<figure class=\"wp-block-gallery columns-1 is-cropped wp-block-gallery-1 is-layout-flex wp-block-gallery-is-layout-flex\"><ul class=\"blocks-gallery-grid\"><li class=\"blocks-gallery-item\"><figure><img loading=\"lazy\" decoding=\"async\" width=\"678\" height=\"412\" src=\"https:\/\/aconteceunovale.com.br\/portal\/wp-content\/uploads\/2022\/01\/pcmg_moc.jpg\" alt=\"\" data-id=\"185795\" data-full-url=\"https:\/\/aconteceunovale.com.br\/portal\/wp-content\/uploads\/2022\/01\/pcmg_moc.jpg\" data-link=\"https:\/\/aconteceunovale.com.br\/portal\/?attachment_id=185795\" class=\"wp-image-185795\" srcset=\"https:\/\/aconteceunovale.com.br\/portal\/wp-content\/uploads\/2022\/01\/pcmg_moc.jpg 678w, https:\/\/aconteceunovale.com.br\/portal\/wp-content\/uploads\/2022\/01\/pcmg_moc-300x182.jpg 300w\" sizes=\"auto, (max-width: 678px) 100vw, 678px\" \/><figcaption class=\"blocks-gallery-item__caption\"><em>Foto: Divulga\u00e7\u00e3o \/ PCMG<\/em><\/figcaption><\/figure><\/li><\/ul><\/figure>\n\n\n\n<p>Conforme apurado pela 1\u00aa Delegacia de Pol\u00edcia Civil em Montes Claros, os suspeitos, um deles portando um rev\u00f3lver, abordaram tr\u00eas funcion\u00e1rios e, depois de prend\u00ea-los em uma sala, levaram mais de R$ 30 mil. Em seguida, a dupla fugiu utilizando uma motocicleta que havia sido furtada na noite anterior, no Centro da cidade.<\/p>\n\n\n\n<p>A Pol\u00edcia Civil representou pela pris\u00e3o tempor\u00e1ria dos suspeitos ap\u00f3s as investiga\u00e7\u00f5es. Um deles, o de 28 anos, j\u00e1 havia sido preso no \u00faltimo dia 19, e encontra-se recolhido no sistema prisional. O outro, que \u00e9 apontado como suspeito de portar a arma no momento do crime, \u00e9 procurado pela PCMG. Ambos possuem registros anteriores por roubo, porte ilegal de arma de fogo, furto e tr\u00e1fico de drogas.<\/p>\n\n\n\n<p>No decorrer das investiga\u00e7\u00f5es, ainda foi apreendido um carro avaliado em aproximadamente R$ 10 mil, adquirido por um dos investigados com o dinheiro do roubo.<\/p>\n\n\n\n<p>&#8212;&#8212;&#8212;&#8212;&#8212;&#8212;<br><em>Quer receber as not\u00edcias do <strong>Aconteceu no Vale<\/strong> em primeira m\u00e3o? Siga-nos no Facebook <a rel=\"noreferrer noopener\" href=\"http:\/\/facebook.com\/aconteceunovale\" target=\"_blank\">@aconteceunovale<\/a>, Twitter <a rel=\"noreferrer noopener\" href=\"https:\/\/twitter.com\/noticiadosvales\" target=\"_blank\">@noticiadosvales<\/a> e Instagram <a rel=\"noreferrer noopener\" href=\"https:\/\/www.instagram.com\/aconteceunovale\" target=\"_blank\">@aconteceunovale<\/a>.<\/em><\/p>\n","protected":false},"excerpt":{"rendered":"<p>A Pol\u00edcia Civil de Minas Gerais (PCMG) concluiu, nesta quinta-feira (13\/1\/2022), o inqu\u00e9rito policial que apurou o roubo contra um estabelecimento comercial em Montes Claros, na regi\u00e3o Norte do Estado. Dois homens, de 25 e 28 anos, foram indiciados pelo crime, cometido no dia 5 de outubro do \u00faltimo ano. Conforme apurado pela 1\u00aa Delegacia [&hellip;]<\/p>\n","protected":false},"author":4,"featured_media":185795,"comment_status":"open","ping_status":"closed","sticky":false,"template":"","format":"standard","meta":{"amp_status":"","footnotes":""},"categories":[1236],"tags":[1018,257303,257304,210,245698,200127,46966],"class_list":["post-185794","post","type-post","status-publish","format-standard","has-post-thumbnail","hentry","category-norte_de_minas","tag-destaque","tag-dupla-e-indiciada-por-roubo-em-montes-claros","tag-investigados-por-roubo-em-montes-claros","tag-montes-claros","tag-pcmg-em-montes-claros","tag-policia-civil-em-montes-claros","tag-roubo-em-montes-claros"],"_links":{"self":[{"href":"https:\/\/aconteceunovale.com.br\/portal\/index.php?rest_route=\/wp\/v2\/posts\/185794","targetHints":{"allow":["GET"]}}],"collection":[{"href":"https:\/\/aconteceunovale.com.br\/portal\/index.php?rest_route=\/wp\/v2\/posts"}],"about":[{"href":"https:\/\/aconteceunovale.com.br\/portal\/index.php?rest_route=\/wp\/v2\/types\/post"}],"author":[{"embeddable":true,"href":"https:\/\/aconteceunovale.com.br\/portal\/index.php?rest_route=\/wp\/v2\/users\/4"}],"replies":[{"embeddable":true,"href":"https:\/\/aconteceunovale.com.br\/portal\/index.php?rest_route=%2Fwp%2Fv2%2Fcomments&post=185794"}],"version-history":[{"count":1,"href":"https:\/\/aconteceunovale.com.br\/portal\/index.php?rest_route=\/wp\/v2\/posts\/185794\/revisions"}],"predecessor-version":[{"id":185796,"href":"https:\/\/aconteceunovale.com.br\/portal\/index.php?rest_route=\/wp\/v2\/posts\/185794\/revisions\/185796"}],"wp:featuredmedia":[{"embeddable":true,"href":"https:\/\/aconteceunovale.com.br\/portal\/index.php?rest_route=\/wp\/v2\/media\/185795"}],"wp:attachment":[{"href":"https:\/\/aconteceunovale.com.br\/portal\/index.php?rest_route=%2Fwp%2Fv2%2Fmedia&parent=185794"}],"wp:term":[{"taxonomy":"category","embeddable":true,"href":"https:\/\/aconteceunovale.com.br\/portal\/index.php?rest_route=%2Fwp%2Fv2%2Fcategories&post=185794"},{"taxonomy":"post_tag","embeddable":true,"href":"https:\/\/aconteceunovale.com.br\/portal\/index.php?rest_route=%2Fwp%2Fv2%2Ftags&post=185794"}],"curies":[{"name":"wp","href":"https:\/\/api.w.org\/{rel}","templated":true}]}}