{"id":185789,"date":"2022-01-13T19:18:35","date_gmt":"2022-01-13T22:18:35","guid":{"rendered":"https:\/\/aconteceunovale.com.br\/portal\/?p=185789"},"modified":"2022-01-13T19:19:08","modified_gmt":"2022-01-13T22:19:08","slug":"ministerio-publico-vai-apurar-acidente-que-destruiu-casaroes-historicos-em-ouro-preto","status":"publish","type":"post","link":"https:\/\/aconteceunovale.com.br\/portal\/?p=185789","title":{"rendered":"Minist\u00e9rio P\u00fablico vai apurar acidente que destruiu casar\u00f5es hist\u00f3ricos em Ouro Preto"},"content":{"rendered":"\n<p>Poucas horas ap\u00f3s\u00a0<a href=\"https:\/\/aconteceunovale.com.br\/portal\/?p=185786\" data-type=\"post\" data-id=\"185786\" target=\"_blank\" rel=\"noreferrer noopener\">parte do Morro da Forca vir abaixo e destruir duas constru\u00e7\u00f5es no centro de Ouro Preto (MG)<\/a>, o Minist\u00e9rio P\u00fablico Federal (MPF) instaurou um procedimento administrativo para apurar as circunst\u00e2ncias da ocorr\u00eancia.<img decoding=\"async\" src=\"https:\/\/agenciabrasil.ebc.com.br\/ebc.png?id=1436673&amp;o=node\"><img decoding=\"async\" src=\"https:\/\/agenciabrasil.ebc.com.br\/ebc.gif?id=1436673&amp;o=node\"><\/p>\n\n\n\n<p>Em nota, o MPF justificou a iniciativa citando os \u201cevidentes danos ao patrim\u00f4nio cultural\u201d, j\u00e1 que parte do conjunto arquitet\u00f4nico municipal \u00e9 tombada pelo Instituto do Patrim\u00f4nio Hist\u00f3rico e Art\u00edstico Nacional (Iphan) e est\u00e1 inscrito na&nbsp;<a href=\"http:\/\/whc.unesco.org\/en\/list\/124\" target=\"_blank\" rel=\"noreferrer noopener\">Lista do Patrim\u00f4nio Mundial<\/a>&nbsp;da Organiza\u00e7\u00e3o das Na\u00e7\u00f5es Unidas para a Educa\u00e7\u00e3o, a Ci\u00eancia e a Cultura (Unesco).<\/p>\n\n\n\n<p>\u201cO MPF vai apurar as circunst\u00e2ncias em que o fato se deu e pedir esclarecimentos aos \u00f3rg\u00e3os envolvidos na tutela dos referidos bens quanto ao motivo do incidente, dimens\u00e3o dos danos e seus efeitos\u201d, informou o MPF, em nota.<\/p>\n\n\n\n<p>O MPF quer que a prefeitura informe se h\u00e1, em Ouro Preto, outros im\u00f3veis em risco iminente de serem atingidos por novos deslizamentos ou desmoronamentos e que provid\u00eancias o munic\u00edpio est\u00e1 adotando para impedir que isso ocorra. J\u00e1 do Iphan, os procuradores esperam receber um parecer sobre a extens\u00e3o do dano cultural causado pelo acidente desta quinta-feira, bem como uma rela\u00e7\u00e3o das constru\u00e7\u00f5es hist\u00f3ricas em situa\u00e7\u00e3o de risco na cidade e quais medidas j\u00e1 foram adotadas para proteger o conjunto arquitet\u00f4nico local.<\/p>\n\n\n\n<p>Uma das constru\u00e7\u00f5es destru\u00eddas esta manh\u00e3 foi um casar\u00e3o do s\u00e9culo 19, o Solar Baeta Neves. Segundo o Iphan, o im\u00f3vel integrava o Conjunto Arquitet\u00f4nico e Urban\u00edstico de Ouro Preto, mas estava interditado desde 2012, quando foi atingido por um deslizamento de terra que comprometeu parte da edifica\u00e7\u00e3o. Ainda de acordo com a autarquia federal, a Defesa Civil j\u00e1 vinha monitorando a \u00e1rea desde o fim do ano passado, por conta do risco das fortes chuvas que atingem Minas Gerais causarem um acidente como o desta manh\u00e3.<\/p>\n\n\n\n<p>Apesar do preju\u00edzo hist\u00f3rico e cultural, o deslizamento n\u00e3o feriu nenhuma pessoa. Conforme o barbeiro F\u00e1bio Rog\u00e9rio Alves contou \u00e0 Ag\u00eancia Brasil, o tr\u00e2nsito de ve\u00edculos e de pessoas pr\u00f3ximo \u00e0 \u00e1rea atingida tinha sido interrompido pouco antes de parte do talude cair sobre as constru\u00e7\u00f5es. Alves foi uma das primeiras pessoas a perceber que parte do Morro da Forca viria abaixo e, junto com outras duas pessoas, incluindo uma funcion\u00e1ria da prefeitura, alertou quem passava pelo local.<\/p>\n\n\n\n<p>\u201cAntes mesmo dos bombeiros chegarem, pouco antes da queda do morro, j\u00e1 t\u00ednhamos isolado a passagem de ve\u00edculos e de pedestres. Como o terminal [de integra\u00e7\u00e3o localizado a cerca de 300 metros] ainda n\u00e3o estava funcionando, n\u00e3o havia muita gente circulando naquela hora\u201d, disse Alves.&nbsp;<\/p>\n\n\n\n<p>Segundo ele, os dois casar\u00f5es atingidos estavam embargados e lacrados h\u00e1 v\u00e1rios anos e n\u00e3o costumavam ser acessados por ningu\u00e9m. Dono de uma barbearia de onde se v\u00ea o local do deslizamento, Alves disse que j\u00e1 havia testemunhado ao menos um acidente parecido, no mesmo lugar, em 2011. \u201cO terreno ali \u00e9 bastante inst\u00e1vel\u201d.<\/p>\n\n\n\n<h2 class=\"wp-block-heading\">V\u00eddeos<\/h2>\n\n\n\n<center><iframe loading=\"lazy\" src=\"https:\/\/www.facebook.com\/plugins\/video.php?height=308&#038;href=https%3A%2F%2Fwww.facebook.com%2Faconteceunovale%2Fvideos%2F871755196837806%2F&#038;show_text=false&#038;width=560&#038;t=0\" width=\"560\" height=\"308\" style=\"border:none;overflow:hidden\" scrolling=\"no\" frameborder=\"0\" allowfullscreen=\"true\" allow=\"autoplay; clipboard-write; encrypted-media; picture-in-picture; web-share\" allowFullScreen=\"true\"><\/iframe><\/center>\n\n\n\n<center><iframe loading=\"lazy\" src=\"https:\/\/www.facebook.com\/plugins\/video.php?height=322&#038;href=https%3A%2F%2Fwww.facebook.com%2Faconteceunovale%2Fvideos%2F517386059946213%2F&#038;show_text=false&#038;width=560&#038;t=0\" width=\"560\" height=\"322\" style=\"border:none;overflow:hidden\" scrolling=\"no\" frameborder=\"0\" allowfullscreen=\"true\" allow=\"autoplay; clipboard-write; encrypted-media; picture-in-picture; web-share\" allowFullScreen=\"true\"><\/iframe><\/center>\n\n\n\n<center><iframe loading=\"lazy\" src=\"https:\/\/www.facebook.com\/plugins\/video.php?height=476&#038;href=https%3A%2F%2Fwww.facebook.com%2Faconteceunovale%2Fvideos%2F601439467625869%2F&#038;show_text=false&#038;width=267&#038;t=0\" width=\"267\" height=\"476\" style=\"border:none;overflow:hidden\" scrolling=\"no\" frameborder=\"0\" allowfullscreen=\"true\" allow=\"autoplay; clipboard-write; encrypted-media; picture-in-picture; web-share\" allowFullScreen=\"true\"><\/iframe><\/center>\n\n\n\n<center><iframe loading=\"lazy\" src=\"https:\/\/www.facebook.com\/plugins\/video.php?height=308&#038;href=https%3A%2F%2Fwww.facebook.com%2Faconteceunovale%2Fvideos%2F251022800485288%2F&#038;show_text=false&#038;width=560&#038;t=0\" width=\"560\" height=\"308\" style=\"border:none;overflow:hidden\" scrolling=\"no\" frameborder=\"0\" allowfullscreen=\"true\" allow=\"autoplay; clipboard-write; encrypted-media; picture-in-picture; web-share\" allowFullScreen=\"true\"><\/iframe><\/center>\n\n\n\n<p>&#8212;&#8212;&#8212;&#8212;&#8212;&#8212;<br><em>Quer receber as not\u00edcias do <strong>Aconteceu no Vale<\/strong> em primeira m\u00e3o? Siga-nos no Facebook <a rel=\"noreferrer noopener\" href=\"http:\/\/facebook.com\/aconteceunovale\" target=\"_blank\">@aconteceunovale<\/a>, Twitter <a rel=\"noreferrer noopener\" href=\"https:\/\/twitter.com\/noticiadosvales\" target=\"_blank\">@noticiadosvales<\/a> e Instagram <a rel=\"noreferrer noopener\" href=\"https:\/\/www.instagram.com\/aconteceunovale\" target=\"_blank\">@aconteceunovale<\/a>.<\/em><\/p>\n","protected":false},"excerpt":{"rendered":"<p>Poucas horas ap\u00f3s\u00a0parte do Morro da Forca vir abaixo e destruir duas constru\u00e7\u00f5es no centro de Ouro Preto (MG), o Minist\u00e9rio P\u00fablico Federal (MPF) instaurou um procedimento administrativo para apurar as circunst\u00e2ncias da ocorr\u00eancia. Em nota, o MPF justificou a iniciativa citando os \u201cevidentes danos ao patrim\u00f4nio cultural\u201d, j\u00e1 que parte do conjunto arquitet\u00f4nico municipal [&hellip;]<\/p>\n","protected":false},"author":4,"featured_media":185787,"comment_status":"open","ping_status":"closed","sticky":false,"template":"","format":"standard","meta":{"amp_status":"","footnotes":""},"categories":[6,123,28848],"tags":[257291,187148,257292,257293,1018,257298,257295,257294,211,257290,257297,257296],"class_list":["post-185789","post","type-post","status-publish","format-standard","has-post-thumbnail","hentry","category-br","category-gerais","category-mundo","tag-deslizamento-de-morro-em-ouro-preto","tag-deslizamento-de-terra-em-ouro-preto","tag-deslizamento-em-ouro-preto","tag-deslizamento-no-morro-da-forca-em-ouro-preto","tag-destaque","tag-ministerio-publico-vai-apurar-acidente-que-destruiu-casaroes-historicos-em-ouro-preto","tag-morro-da-forca","tag-morro-da-forca-em-ouro-preto","tag-ouro-preto","tag-parte-de-morro-desliza-sobre-casas-em-ouro-preto","tag-videos-deslizamento-ouro-preto","tag-videos-morro-da-forca"],"_links":{"self":[{"href":"https:\/\/aconteceunovale.com.br\/portal\/index.php?rest_route=\/wp\/v2\/posts\/185789","targetHints":{"allow":["GET"]}}],"collection":[{"href":"https:\/\/aconteceunovale.com.br\/portal\/index.php?rest_route=\/wp\/v2\/posts"}],"about":[{"href":"https:\/\/aconteceunovale.com.br\/portal\/index.php?rest_route=\/wp\/v2\/types\/post"}],"author":[{"embeddable":true,"href":"https:\/\/aconteceunovale.com.br\/portal\/index.php?rest_route=\/wp\/v2\/users\/4"}],"replies":[{"embeddable":true,"href":"https:\/\/aconteceunovale.com.br\/portal\/index.php?rest_route=%2Fwp%2Fv2%2Fcomments&post=185789"}],"version-history":[{"count":1,"href":"https:\/\/aconteceunovale.com.br\/portal\/index.php?rest_route=\/wp\/v2\/posts\/185789\/revisions"}],"predecessor-version":[{"id":185790,"href":"https:\/\/aconteceunovale.com.br\/portal\/index.php?rest_route=\/wp\/v2\/posts\/185789\/revisions\/185790"}],"wp:featuredmedia":[{"embeddable":true,"href":"https:\/\/aconteceunovale.com.br\/portal\/index.php?rest_route=\/wp\/v2\/media\/185787"}],"wp:attachment":[{"href":"https:\/\/aconteceunovale.com.br\/portal\/index.php?rest_route=%2Fwp%2Fv2%2Fmedia&parent=185789"}],"wp:term":[{"taxonomy":"category","embeddable":true,"href":"https:\/\/aconteceunovale.com.br\/portal\/index.php?rest_route=%2Fwp%2Fv2%2Fcategories&post=185789"},{"taxonomy":"post_tag","embeddable":true,"href":"https:\/\/aconteceunovale.com.br\/portal\/index.php?rest_route=%2Fwp%2Fv2%2Ftags&post=185789"}],"curies":[{"name":"wp","href":"https:\/\/api.w.org\/{rel}","templated":true}]}}