{"id":185774,"date":"2022-01-13T08:41:43","date_gmt":"2022-01-13T11:41:43","guid":{"rendered":"https:\/\/aconteceunovale.com.br\/portal\/?p=185774"},"modified":"2022-01-13T08:42:21","modified_gmt":"2022-01-13T11:42:21","slug":"brasil-recebe-1o-lote-de-vacinas-contra-covid-19-para-criancas","status":"publish","type":"post","link":"https:\/\/aconteceunovale.com.br\/portal\/?p=185774","title":{"rendered":"Brasil recebe 1\u00ba lote de vacinas contra Covid-19 para crian\u00e7as"},"content":{"rendered":"\n<p>Chegaram ao Brasil, \u00e0s 4h45 desta\u00a0quinta-feira (13\/1\/2022), as primeiras vacinas contra covid-19 destinadas a crian\u00e7as de 5 a 11 anos. Remessa com 1,2 milh\u00e3o de doses do imunizante da Pfizer foi descarregada no Aeroporto de Viracopos, em Campinas (S\u00e3o Paulo).<\/p>\n\n\n\n<figure class=\"wp-block-gallery columns-1 is-cropped wp-block-gallery-1 is-layout-flex wp-block-gallery-is-layout-flex\"><ul class=\"blocks-gallery-grid\"><li class=\"blocks-gallery-item\"><figure><img loading=\"lazy\" decoding=\"async\" width=\"678\" height=\"406\" src=\"https:\/\/aconteceunovale.com.br\/portal\/wp-content\/uploads\/2022\/01\/vacina_pfizer_criancas.jpg\" alt=\"\" data-id=\"185775\" data-full-url=\"https:\/\/aconteceunovale.com.br\/portal\/wp-content\/uploads\/2022\/01\/vacina_pfizer_criancas.jpg\" data-link=\"https:\/\/aconteceunovale.com.br\/portal\/?attachment_id=185775\" class=\"wp-image-185775\" srcset=\"https:\/\/aconteceunovale.com.br\/portal\/wp-content\/uploads\/2022\/01\/vacina_pfizer_criancas.jpg 678w, https:\/\/aconteceunovale.com.br\/portal\/wp-content\/uploads\/2022\/01\/vacina_pfizer_criancas-300x180.jpg 300w\" sizes=\"auto, (max-width: 678px) 100vw, 678px\" \/><figcaption class=\"blocks-gallery-item__caption\"><em>Foto: Reuters\/Eric Seals\/via Ag\u00eancia Brasil<\/em><\/figcaption><\/figure><\/li><\/ul><\/figure>\n\n\n\n<p>O lote ser\u00e1 distribu\u00eddo a estados e munic\u00edpios para iniciar a aplica\u00e7\u00e3o. A previs\u00e3o \u00e9 que o Brasil receba em janeiro um total de 4,3 milh\u00f5es de doses da vacina. A remessa \u00e9 a primeira de tr\u00eas que ser\u00e3o enviadas ao pa\u00eds.<img decoding=\"async\" src=\"https:\/\/agenciabrasil.ebc.com.br\/ebc.png?id=1436560&amp;o=node\"><img decoding=\"async\" src=\"https:\/\/agenciabrasil.ebc.com.br\/ebc.gif?id=1436560&amp;o=node\"><\/p>\n\n\n\n<p>Segundo o Minist\u00e9rio da Sa\u00fade, durante o primeiro trimestre devem chegar ao Brasil quase 20 milh\u00f5es de doses pedi\u00e1tricas, destinadas ao p\u00fablico-alvo de 20,5 milh\u00f5es de crian\u00e7as. Em fevereiro, a previs\u00e3o \u00e9 que sejam entregues mais 7,2 milh\u00f5es, e em mar\u00e7o, 8,4 milh\u00f5es.<\/p>\n\n\n\n<p>Na semana passada, o minist\u00e9rio anunciou a\u00a0inclus\u00e3o dos imunizantes pedi\u00e1tricos no plano de operacionaliza\u00e7\u00e3o do Programa Nacional de Imuniza\u00e7\u00f5es (PNI).<\/p>\n\n\n\n<p>Segundo a pasta, a crian\u00e7a deve ir aos postos de vacina\u00e7\u00e3o acompanhada dos pais ou respons\u00e1veis ou levar uma autoriza\u00e7\u00e3o por escrito. O esquema vacinal ser\u00e1 de duas doses, com intervalo de oito semanas entre as aplica\u00e7\u00f5es.<\/p>\n\n\n\n<p>A distribui\u00e7\u00e3o ser\u00e1 feita na seguinte propor\u00e7\u00e3o (confira o percentual da popula\u00e7\u00e3o de 5 a 11 anos por estado):<\/p>\n\n\n\n<p><strong>Regi\u00e3o Centro-Oeste (8,17%)<\/strong><\/p>\n\n\n\n<ul class=\"wp-block-list\"><li>Distrito Federal &#8211; 1,30%<\/li><li>Goi\u00e1s &#8211; 3,55%<\/li><li>Mato Grosso do Sul &#8211; 1,47%<\/li><li>Mato Grosso &#8211; 1,85%<\/li><\/ul>\n\n\n\n<p><\/p>\n\n\n\n<p><strong>Regi\u00e3o Sudeste (39,18%)<\/strong><\/p>\n\n\n\n<ul class=\"wp-block-list\"><li>Esp\u00edrito Santo &#8211; 1,93%<\/li><li>Minas Gerais &#8211; 9,02%<\/li><li>Rio\u00a0de Janeiro\u00a0&#8211; 7,49%<\/li><li>S\u00e3o Paulo &#8211; 20,73%<\/li><\/ul>\n\n\n\n<p><\/p>\n\n\n\n<p><strong>Regi\u00e3o Sul (13,17%)<\/strong><\/p>\n\n\n\n<ul class=\"wp-block-list\"><li>Paran\u00e1 &#8211; 5,25%<\/li><li>Rio Grande do Sul &#8211; 4,73%<\/li><li>Santa Catarina &#8211; 3,19%<\/li><\/ul>\n\n\n\n<p><\/p>\n\n\n\n<p><strong>Regi\u00e3o Nordeste (28,43%)<\/strong><\/p>\n\n\n\n<ul class=\"wp-block-list\"><li>Alagoas &#8211; 1,77%<\/li><li>Bahia &#8211; 7,07%<\/li><li>Cear\u00e1 &#8211; 4,42%<\/li><li>Maranh\u00e3o &#8211; 4,02%<\/li><li>Para\u00edba &#8211; 1,89%<\/li><li>Pernambuco &#8211; 4,80%<\/li><li>Piau\u00ed &#8211; 1,62%<\/li><li>Rio Grande do Norte &#8211; 1,67%<\/li><li>Sergipe &#8211; 1,17%<\/li><\/ul>\n\n\n\n<p><\/p>\n\n\n\n<p><strong>Regi\u00e3o Norte (11,05%)<\/strong><\/p>\n\n\n\n<ul class=\"wp-block-list\"><li>Acre &#8211; 0,57%<\/li><li>Amazonas &#8211; 2,77%<\/li><li>Amap\u00e1 &#8211; 0,55%<\/li><li>Par\u00e1 &#8211; 4,99%<\/li><li>Rond\u00f4nia &#8211; 0,93%<\/li><li>Roraima &#8211; 0,38%<\/li><li>Tocantins &#8211; 0,86%<\/li><\/ul>\n\n\n\n<p>&#8212;&#8212;&#8212;&#8212;&#8212;&#8212;<br><em>Quer receber as not\u00edcias do <strong>Aconteceu no Vale<\/strong> em primeira m\u00e3o? Siga-nos no Facebook <a rel=\"noreferrer noopener\" href=\"http:\/\/facebook.com\/aconteceunovale\" target=\"_blank\">@aconteceunovale<\/a>, Twitter <a rel=\"noreferrer noopener\" href=\"https:\/\/twitter.com\/noticiadosvales\" target=\"_blank\">@noticiadosvales<\/a> e Instagram <a rel=\"noreferrer noopener\" href=\"https:\/\/www.instagram.com\/aconteceunovale\" target=\"_blank\">@aconteceunovale<\/a>.<\/em><\/p>\n","protected":false},"excerpt":{"rendered":"<p>Chegaram ao Brasil, \u00e0s 4h45 desta\u00a0quinta-feira (13\/1\/2022), as primeiras vacinas contra covid-19 destinadas a crian\u00e7as de 5 a 11 anos. Remessa com 1,2 milh\u00e3o de doses do imunizante da Pfizer foi descarregada no Aeroporto de Viracopos, em Campinas (S\u00e3o Paulo). O lote ser\u00e1 distribu\u00eddo a estados e munic\u00edpios para iniciar a aplica\u00e7\u00e3o. A previs\u00e3o \u00e9 [&hellip;]<\/p>\n","protected":false},"author":4,"featured_media":185775,"comment_status":"open","ping_status":"closed","sticky":false,"template":"","format":"standard","meta":{"amp_status":"","footnotes":""},"categories":[6,40242],"tags":[4785,257270,237338,257273,257271,257272],"class_list":["post-185774","post","type-post","status-publish","format-standard","has-post-thumbnail","hentry","category-br","category-saude-2","tag-brasil","tag-brasil-recebe-1o-lote-de-vacinas-contra-covid-19-para-criancas","tag-vacina-contra-covid-19-para-criancas","tag-vacina-da-pfizer-para-criancas","tag-vacina-para-criancas","tag-vacina-pediatricas"],"_links":{"self":[{"href":"https:\/\/aconteceunovale.com.br\/portal\/index.php?rest_route=\/wp\/v2\/posts\/185774","targetHints":{"allow":["GET"]}}],"collection":[{"href":"https:\/\/aconteceunovale.com.br\/portal\/index.php?rest_route=\/wp\/v2\/posts"}],"about":[{"href":"https:\/\/aconteceunovale.com.br\/portal\/index.php?rest_route=\/wp\/v2\/types\/post"}],"author":[{"embeddable":true,"href":"https:\/\/aconteceunovale.com.br\/portal\/index.php?rest_route=\/wp\/v2\/users\/4"}],"replies":[{"embeddable":true,"href":"https:\/\/aconteceunovale.com.br\/portal\/index.php?rest_route=%2Fwp%2Fv2%2Fcomments&post=185774"}],"version-history":[{"count":1,"href":"https:\/\/aconteceunovale.com.br\/portal\/index.php?rest_route=\/wp\/v2\/posts\/185774\/revisions"}],"predecessor-version":[{"id":185776,"href":"https:\/\/aconteceunovale.com.br\/portal\/index.php?rest_route=\/wp\/v2\/posts\/185774\/revisions\/185776"}],"wp:featuredmedia":[{"embeddable":true,"href":"https:\/\/aconteceunovale.com.br\/portal\/index.php?rest_route=\/wp\/v2\/media\/185775"}],"wp:attachment":[{"href":"https:\/\/aconteceunovale.com.br\/portal\/index.php?rest_route=%2Fwp%2Fv2%2Fmedia&parent=185774"}],"wp:term":[{"taxonomy":"category","embeddable":true,"href":"https:\/\/aconteceunovale.com.br\/portal\/index.php?rest_route=%2Fwp%2Fv2%2Fcategories&post=185774"},{"taxonomy":"post_tag","embeddable":true,"href":"https:\/\/aconteceunovale.com.br\/portal\/index.php?rest_route=%2Fwp%2Fv2%2Ftags&post=185774"}],"curies":[{"name":"wp","href":"https:\/\/api.w.org\/{rel}","templated":true}]}}