{"id":185769,"date":"2022-01-13T08:27:26","date_gmt":"2022-01-13T11:27:26","guid":{"rendered":"https:\/\/aconteceunovale.com.br\/portal\/?p=185769"},"modified":"2022-01-13T08:31:13","modified_gmt":"2022-01-13T11:31:13","slug":"teto-do-seguro-desemprego-sobe-para-r-2-10608","status":"publish","type":"post","link":"https:\/\/aconteceunovale.com.br\/portal\/?p=185769","title":{"rendered":"Teto do seguro-desemprego sobe para R$ 2.106,08"},"content":{"rendered":"\n<p>Desde ter\u00e7a-feira (11\/1\/2022), o trabalhador demitido sem justa causa est\u00e1 recebendo um valor maior de seguro-desemprego. A tabela das faixas salariais usadas para calcular o valor da parcela seguiu o \u00cdndice Nacional de Pre\u00e7os ao Consumidor (INPC) de 2021 e foi reajustada em 10,16%.<\/p>\n\n\n\n<p>Com a corre\u00e7\u00e3o, o valor m\u00e1ximo do seguro-desemprego subir\u00e1 de R$ 1.911,84 para R$ 2.106,08, diferen\u00e7a de R$ 194,24. O piso segue a varia\u00e7\u00e3o do sal\u00e1rio m\u00ednimo e aumenta de R$ 1,1 mil para R$ 1.212.<\/p>\n\n\n\n<p>Os novos valores est\u00e3o sendo pagos para as parcelas emitidas para saque desde ter\u00e7a-feira (11) e vale tanto para quem recebe o seguro-desemprego como para quem ainda dar\u00e1 entrada no pedido.<\/p>\n\n\n\n<p>A parcela do seguro-desemprego \u00e9 calculada com base na m\u00e9dia das tr\u00eas \u00faltimas remunera\u00e7\u00f5es do trabalhador antes da demiss\u00e3o. Ap\u00f3s a corre\u00e7\u00e3o das faixas salariais, o benef\u00edcio ser\u00e1 definido da seguinte forma. &nbsp; &nbsp;&nbsp; &nbsp;<br>&nbsp; &nbsp; &nbsp; &nbsp;<\/p>\n\n\n\n<figure class=\"wp-block-table is-style-stripes\"><table><tbody><tr><td><strong>Sal\u00e1rio m\u00e9dio<\/strong><\/td><td><strong>&nbsp;Valor da parcela<\/strong><\/td><\/tr><tr><td>At\u00e9 R$ 1.858,17 &nbsp;<\/td><td>&nbsp;80% do sal\u00e1rio m\u00e9dio ou sal\u00e1rio m\u00ednimo, prevalecendo o maior valor<\/td><\/tr><tr><td>De R$ 1.858,18 at\u00e9 R$ 3.097,26 &nbsp;<\/td><td>50% sobre o que ultrapassar R$ 1.858,17, mais valor fixo de R$ 1.486,53<\/td><\/tr><tr><td>Acima de R$ 3.097,26<\/td><td>parcela invari\u00e1vel de R$ 2.106,08<\/td><\/tr><\/tbody><\/table><\/figure>\n\n\n\n<h2 class=\"wp-block-heading\">Direitos<\/h2>\n\n\n\n<p>Pago ao trabalhador com carteira assinada dispensado sem justa causa, o seguro-desemprego tem de tr\u00eas a cinco parcelas, que dependem do n\u00famero de meses trabalhados no emprego anterior e do n\u00famero de pedidos do benef\u00edcio. O benef\u00edcio pode ser pedido por meio do&nbsp;<a rel=\"noreferrer noopener\" href=\"https:\/\/empregabrasil.mte.gov.br\/\" target=\"_blank\">Portal Emprega Brasil<\/a>, do Minist\u00e9rio do Trabalho e Previd\u00eancia.<\/p>\n\n\n\n<p>O trabalhador n\u00e3o pode ter outro v\u00ednculo empregat\u00edcio. O prazo para fazer o pedido varia entre o 7\u00ba e o 120\u00ba dia da demiss\u00e3o, para trabalhadores formais, e entre o 7\u00ba e o 90\u00ba dia, para empregados dom\u00e9sticos.<\/p>\n\n\n\n<p>&#8212;&#8212;&#8212;&#8212;&#8212;&#8212;<br><em>Quer receber as not\u00edcias do <strong>Aconteceu no Vale<\/strong> em primeira m\u00e3o? Siga-nos no Facebook <a rel=\"noreferrer noopener\" href=\"http:\/\/facebook.com\/aconteceunovale\" target=\"_blank\">@aconteceunovale<\/a>, Twitter <a rel=\"noreferrer noopener\" href=\"https:\/\/twitter.com\/noticiadosvales\" target=\"_blank\">@noticiadosvales<\/a> e Instagram <a rel=\"noreferrer noopener\" href=\"https:\/\/www.instagram.com\/aconteceunovale\" target=\"_blank\">@aconteceunovale<\/a>.<\/em><\/p>\n","protected":false},"excerpt":{"rendered":"<p>Desde ter\u00e7a-feira (11\/1\/2022), o trabalhador demitido sem justa causa est\u00e1 recebendo um valor maior de seguro-desemprego. A tabela das faixas salariais usadas para calcular o valor da parcela seguiu o \u00cdndice Nacional de Pre\u00e7os ao Consumidor (INPC) de 2021 e foi reajustada em 10,16%. Com a corre\u00e7\u00e3o, o valor m\u00e1ximo do seguro-desemprego subir\u00e1 de R$ [&hellip;]<\/p>\n","protected":false},"author":4,"featured_media":133149,"comment_status":"open","ping_status":"closed","sticky":false,"template":"","format":"standard","meta":{"amp_status":"","footnotes":""},"categories":[6,40236],"tags":[4785,1018,257265,35500,257262,257264,257261,257263],"class_list":["post-185769","post","type-post","status-publish","format-standard","has-post-thumbnail","hentry","category-br","category-empregos-2","tag-brasil","tag-destaque","tag-reajuste-do-seguro-desemprego","tag-seguro-desemprego","tag-seguro-desemprego-no-brasil","tag-tabela-do-seguro-desemprego","tag-teto-do-seguro-desemprego","tag-teto-do-seguro-desemprego-no-brasil"],"_links":{"self":[{"href":"https:\/\/aconteceunovale.com.br\/portal\/index.php?rest_route=\/wp\/v2\/posts\/185769","targetHints":{"allow":["GET"]}}],"collection":[{"href":"https:\/\/aconteceunovale.com.br\/portal\/index.php?rest_route=\/wp\/v2\/posts"}],"about":[{"href":"https:\/\/aconteceunovale.com.br\/portal\/index.php?rest_route=\/wp\/v2\/types\/post"}],"author":[{"embeddable":true,"href":"https:\/\/aconteceunovale.com.br\/portal\/index.php?rest_route=\/wp\/v2\/users\/4"}],"replies":[{"embeddable":true,"href":"https:\/\/aconteceunovale.com.br\/portal\/index.php?rest_route=%2Fwp%2Fv2%2Fcomments&post=185769"}],"version-history":[{"count":2,"href":"https:\/\/aconteceunovale.com.br\/portal\/index.php?rest_route=\/wp\/v2\/posts\/185769\/revisions"}],"predecessor-version":[{"id":185772,"href":"https:\/\/aconteceunovale.com.br\/portal\/index.php?rest_route=\/wp\/v2\/posts\/185769\/revisions\/185772"}],"wp:featuredmedia":[{"embeddable":true,"href":"https:\/\/aconteceunovale.com.br\/portal\/index.php?rest_route=\/wp\/v2\/media\/133149"}],"wp:attachment":[{"href":"https:\/\/aconteceunovale.com.br\/portal\/index.php?rest_route=%2Fwp%2Fv2%2Fmedia&parent=185769"}],"wp:term":[{"taxonomy":"category","embeddable":true,"href":"https:\/\/aconteceunovale.com.br\/portal\/index.php?rest_route=%2Fwp%2Fv2%2Fcategories&post=185769"},{"taxonomy":"post_tag","embeddable":true,"href":"https:\/\/aconteceunovale.com.br\/portal\/index.php?rest_route=%2Fwp%2Fv2%2Ftags&post=185769"}],"curies":[{"name":"wp","href":"https:\/\/api.w.org\/{rel}","templated":true}]}}