{"id":185766,"date":"2022-01-12T20:31:19","date_gmt":"2022-01-12T23:31:19","guid":{"rendered":"https:\/\/aconteceunovale.com.br\/portal\/?p=185766"},"modified":"2022-01-12T20:32:49","modified_gmt":"2022-01-12T23:32:49","slug":"atletico-mg-anuncia-diego-godin","status":"publish","type":"post","link":"https:\/\/aconteceunovale.com.br\/portal\/?p=185766","title":{"rendered":"Atl\u00e9tico-MG anuncia Diego God\u00edn"},"content":{"rendered":"\n<p>O Atl\u00e9tico-MG anunciou nesta quarta-feira (12\/1\/2022) a contrata\u00e7\u00e3o do experiente zagueiro Diego Roberto God\u00edn Leal. O jogador de 35 anos de idade, que estava no Cagliari (It\u00e1lia), acertou com o Galo at\u00e9 o dia 31 de dezembro de 2022, com possibilidade de amplia\u00e7\u00e3o do v\u00ednculo.<\/p>\n\n\n\n<figure class=\"wp-block-gallery columns-1 is-cropped wp-block-gallery-1 is-layout-flex wp-block-gallery-is-layout-flex\"><ul class=\"blocks-gallery-grid\"><li class=\"blocks-gallery-item\"><figure><img loading=\"lazy\" decoding=\"async\" width=\"678\" height=\"411\" src=\"https:\/\/aconteceunovale.com.br\/portal\/wp-content\/uploads\/2022\/01\/diego_godin_galo.jpg\" alt=\"\" data-id=\"185767\" data-full-url=\"https:\/\/aconteceunovale.com.br\/portal\/wp-content\/uploads\/2022\/01\/diego_godin_galo.jpg\" data-link=\"https:\/\/aconteceunovale.com.br\/portal\/?attachment_id=185767\" class=\"wp-image-185767\" srcset=\"https:\/\/aconteceunovale.com.br\/portal\/wp-content\/uploads\/2022\/01\/diego_godin_galo.jpg 678w, https:\/\/aconteceunovale.com.br\/portal\/wp-content\/uploads\/2022\/01\/diego_godin_galo-300x182.jpg 300w\" sizes=\"auto, (max-width: 678px) 100vw, 678px\" \/><figcaption class=\"blocks-gallery-item__caption\"><em>Cr\u00e9ditos: Divulga\u00e7\u00e3o \/ Atl\u00e9tico-MG<\/em><\/figcaption><\/figure><\/li><\/ul><\/figure>\n\n\n\n<p>Capit\u00e3o da sele\u00e7\u00e3o do Uruguai (pela qual disputou mais de 150 jogos, incluindo as \u00faltimas tr\u00eas Copas do Mundo, e conquistou a Copa Am\u00e9rica de 2011), God\u00edn alcan\u00e7ou maior protagonismo defendendo o Atl\u00e9tico de Madrid (Espanha), entre os anos de 2010 e 2019.<\/p>\n\n\n\n<p>O uruguaio chega para repor a sa\u00edda do paraguaio Junior Alonso, que fechou com o Krasnodar (R\u00fassia). Al\u00e9m de God\u00edn, o Atl\u00e9tico-MG j\u00e1 certou com os atacantes Ademir e F\u00e1bio Gomes.<\/p>\n\n\n\n<p>&#8212;&#8212;&#8212;&#8212;&#8212;&#8212;<br><em>Quer receber as not\u00edcias do <strong>Aconteceu no Vale<\/strong> em primeira m\u00e3o? Siga-nos no Facebook <a rel=\"noreferrer noopener\" href=\"http:\/\/facebook.com\/aconteceunovale\" target=\"_blank\">@aconteceunovale<\/a>, Twitter <a rel=\"noreferrer noopener\" href=\"https:\/\/twitter.com\/noticiadosvales\" target=\"_blank\">@noticiadosvales<\/a> e Instagram <a rel=\"noreferrer noopener\" href=\"https:\/\/www.instagram.com\/aconteceunovale\" target=\"_blank\">@aconteceunovale<\/a>.<\/em><\/p>\n","protected":false},"excerpt":{"rendered":"<p>O Atl\u00e9tico-MG anunciou nesta quarta-feira (12\/1\/2022) a contrata\u00e7\u00e3o do experiente zagueiro Diego Roberto God\u00edn Leal. O jogador de 35 anos de idade, que estava no Cagliari (It\u00e1lia), acertou com o Galo at\u00e9 o dia 31 de dezembro de 2022, com possibilidade de amplia\u00e7\u00e3o do v\u00ednculo. Capit\u00e3o da sele\u00e7\u00e3o do Uruguai (pela qual disputou mais de [&hellip;]<\/p>\n","protected":false},"author":4,"featured_media":185767,"comment_status":"open","ping_status":"closed","sticky":false,"template":"","format":"standard","meta":{"amp_status":"","footnotes":""},"categories":[6,59,123,28848],"tags":[2741,40575,257260,256977,257255,257254,257253,257259,257256,257257,12312,18920,19714,257258],"class_list":["post-185766","post","type-post","status-publish","format-standard","has-post-thumbnail","hentry","category-br","category-sports","category-gerais","category-mundo","tag-atletico-mineiro","tag-atletico-mg","tag-cagliari","tag-diego-godin","tag-diego-godin-no-atletico-mineiro","tag-diego-godin-no-atletico-mg","tag-diego-godin-no-galo","tag-diego-roberto-godin-leal","tag-el-farao","tag-fararo-do-galo","tag-galo","tag-italia","tag-uruguai","tag-zagueiro-diego-godin"],"_links":{"self":[{"href":"https:\/\/aconteceunovale.com.br\/portal\/index.php?rest_route=\/wp\/v2\/posts\/185766","targetHints":{"allow":["GET"]}}],"collection":[{"href":"https:\/\/aconteceunovale.com.br\/portal\/index.php?rest_route=\/wp\/v2\/posts"}],"about":[{"href":"https:\/\/aconteceunovale.com.br\/portal\/index.php?rest_route=\/wp\/v2\/types\/post"}],"author":[{"embeddable":true,"href":"https:\/\/aconteceunovale.com.br\/portal\/index.php?rest_route=\/wp\/v2\/users\/4"}],"replies":[{"embeddable":true,"href":"https:\/\/aconteceunovale.com.br\/portal\/index.php?rest_route=%2Fwp%2Fv2%2Fcomments&post=185766"}],"version-history":[{"count":1,"href":"https:\/\/aconteceunovale.com.br\/portal\/index.php?rest_route=\/wp\/v2\/posts\/185766\/revisions"}],"predecessor-version":[{"id":185768,"href":"https:\/\/aconteceunovale.com.br\/portal\/index.php?rest_route=\/wp\/v2\/posts\/185766\/revisions\/185768"}],"wp:featuredmedia":[{"embeddable":true,"href":"https:\/\/aconteceunovale.com.br\/portal\/index.php?rest_route=\/wp\/v2\/media\/185767"}],"wp:attachment":[{"href":"https:\/\/aconteceunovale.com.br\/portal\/index.php?rest_route=%2Fwp%2Fv2%2Fmedia&parent=185766"}],"wp:term":[{"taxonomy":"category","embeddable":true,"href":"https:\/\/aconteceunovale.com.br\/portal\/index.php?rest_route=%2Fwp%2Fv2%2Fcategories&post=185766"},{"taxonomy":"post_tag","embeddable":true,"href":"https:\/\/aconteceunovale.com.br\/portal\/index.php?rest_route=%2Fwp%2Fv2%2Ftags&post=185766"}],"curies":[{"name":"wp","href":"https:\/\/api.w.org\/{rel}","templated":true}]}}