{"id":185761,"date":"2022-01-12T20:14:19","date_gmt":"2022-01-12T23:14:19","guid":{"rendered":"https:\/\/aconteceunovale.com.br\/portal\/?p=185761"},"modified":"2022-01-12T20:15:59","modified_gmt":"2022-01-12T23:15:59","slug":"anvisa-confirma-novo-caso-de-superfungo","status":"publish","type":"post","link":"https:\/\/aconteceunovale.com.br\/portal\/?p=185761","title":{"rendered":"Anvisa confirma novo caso de superfungo"},"content":{"rendered":"\n<p>A Ag\u00eancia Nacional de Vigil\u00e2ncia Sanit\u00e1ria (Anvisa) informou que foi notificada sobre a terceira infec\u00e7\u00e3o pelo fungo\u00a0<em>Candida auris<\/em>. O caso foi diagnosticado em um hospital da cidade do Recife, em Pernambuco. O fungo foi identificado por an\u00e1lise do laborat\u00f3rio central Gon\u00e7alo Moniz, da Bahia.<\/p>\n\n\n\n<figure class=\"wp-block-gallery columns-1 is-cropped wp-block-gallery-1 is-layout-flex wp-block-gallery-is-layout-flex\"><ul class=\"blocks-gallery-grid\"><li class=\"blocks-gallery-item\"><figure><img loading=\"lazy\" decoding=\"async\" width=\"676\" height=\"450\" src=\"https:\/\/aconteceunovale.com.br\/portal\/wp-content\/uploads\/2022\/01\/super_fungo.png\" alt=\"\" data-id=\"185762\" data-full-url=\"https:\/\/aconteceunovale.com.br\/portal\/wp-content\/uploads\/2022\/01\/super_fungo.png\" data-link=\"https:\/\/aconteceunovale.com.br\/portal\/?attachment_id=185762\" class=\"wp-image-185762\" srcset=\"https:\/\/aconteceunovale.com.br\/portal\/wp-content\/uploads\/2022\/01\/super_fungo.png 676w, https:\/\/aconteceunovale.com.br\/portal\/wp-content\/uploads\/2022\/01\/super_fungo-300x200.png 300w, https:\/\/aconteceunovale.com.br\/portal\/wp-content\/uploads\/2022\/01\/super_fungo-631x420.png 631w\" sizes=\"auto, (max-width: 676px) 100vw, 676px\" \/><figcaption class=\"blocks-gallery-item__caption\"><em>Cr\u00e9ditos: Laborat\u00f3rio de Micologia \/ Hospital das Cl\u00ednicas da Faculdade de Medicina da USP<\/em><\/figcaption><\/figure><\/li><\/ul><\/figure>\n\n\n\n<p>Segundo a Anvisa, foram adotadas a\u00e7\u00f5es pelas autoridades de sa\u00fade para preven\u00e7\u00e3o e combate \u00e0 dissemina\u00e7\u00e3o do organismo, como protocolos de seguran\u00e7a no hospital onde estava internado o paciente infectado.<\/p>\n\n\n\n<p>A Coordena\u00e7\u00e3o Estadual de Preven\u00e7\u00e3o e Controle de Infec\u00e7\u00e3o de Pernambuco realizou uma visita t\u00e9cnica ao hospital e conforme a Anvisa est\u00e1 monitorando o caso e as a\u00e7\u00f5es para controle de novas infec\u00e7\u00f5es.<\/p>\n\n\n\n<h2 class=\"wp-block-heading\"><em>Candida Auris<\/em><\/h2>\n\n\n\n<p>O organismo \u00e9 chamado de superfungo pela resist\u00eancia que possui a antibi\u00f3ticos e outras formas de tratamento. De acordo com a Anvisa, o fungo tamb\u00e9m permanece no ambiente por longos per\u00edodos, que podem chegar a meses, e resiste a diversos tipos de desinfetantes.<\/p>\n\n\n\n<p>Por essas raz\u00f5es, casos de infec\u00e7\u00f5es pelo fungo trazem risco de surto e demandam monitoramento e medidas de preven\u00e7\u00e3o e controle para impedir a dissemina\u00e7\u00e3o em outros pacientes.<\/p>\n\n\n\n<p>Conforme nota de alerta da ag\u00eancia, o&nbsp;<em>Candida auris<\/em>&nbsp;\u201cpode causar infec\u00e7\u00e3o na corrente sangu\u00ednea e outras infec\u00e7\u00f5es invasivas, podendo ser fatal, principalmente em pacientes imunodeprimidos ou com comorbidades.\u201d<\/p>\n\n\n\n<p>O primeiro caso foi registrado em dezembro de 2020, da Bahia. Ap\u00f3s ser notificada, a Anvisa emitiu uma nota de alerta destacando que o fungo significa uma amea\u00e7a \u00e0 sa\u00fade global.<\/p>\n\n\n\n<p>&#8212;&#8212;&#8212;&#8212;&#8212;&#8212;<br><em>Quer receber as not\u00edcias do <strong>Aconteceu no Vale<\/strong> em primeira m\u00e3o? Siga-nos no Facebook <a rel=\"noreferrer noopener\" href=\"http:\/\/facebook.com\/aconteceunovale\" target=\"_blank\">@aconteceunovale<\/a>, Twitter <a rel=\"noreferrer noopener\" href=\"https:\/\/twitter.com\/noticiadosvales\" target=\"_blank\">@noticiadosvales<\/a> e Instagram <a rel=\"noreferrer noopener\" href=\"https:\/\/www.instagram.com\/aconteceunovale\" target=\"_blank\">@aconteceunovale<\/a>.<\/em><\/p>\n","protected":false},"excerpt":{"rendered":"<p>A Ag\u00eancia Nacional de Vigil\u00e2ncia Sanit\u00e1ria (Anvisa) informou que foi notificada sobre a terceira infec\u00e7\u00e3o pelo fungo\u00a0Candida auris. O caso foi diagnosticado em um hospital da cidade do Recife, em Pernambuco. O fungo foi identificado por an\u00e1lise do laborat\u00f3rio central Gon\u00e7alo Moniz, da Bahia. Segundo a Anvisa, foram adotadas a\u00e7\u00f5es pelas autoridades de sa\u00fade para [&hellip;]<\/p>\n","protected":false},"author":4,"featured_media":185762,"comment_status":"open","ping_status":"closed","sticky":false,"template":"","format":"standard","meta":{"amp_status":"","footnotes":""},"categories":[6,40242],"tags":[257248,2278,257244,257250,257249,257251,257245,257247,257246,1018,12300,21177,25476],"class_list":["post-185761","post","type-post","status-publish","format-standard","has-post-thumbnail","hentry","category-br","category-saude-2","tag-agencia-nacioanl-de-vigilancia-sanitaria","tag-anvisa","tag-anvisa-confirma-novo-caso-de-superfungo","tag-caso-de-candida-auris-em-pernambuco","tag-caso-de-candida-auris-em-recife","tag-caso-de-infeccao-por-candida-auris","tag-caso-de-superfungo","tag-caso-de-superfungo-em-pernambuco","tag-caso-de-superfungo-em-recife","tag-destaque","tag-pernambuco","tag-recife","tag-vigilancia-sanitaria"],"_links":{"self":[{"href":"https:\/\/aconteceunovale.com.br\/portal\/index.php?rest_route=\/wp\/v2\/posts\/185761","targetHints":{"allow":["GET"]}}],"collection":[{"href":"https:\/\/aconteceunovale.com.br\/portal\/index.php?rest_route=\/wp\/v2\/posts"}],"about":[{"href":"https:\/\/aconteceunovale.com.br\/portal\/index.php?rest_route=\/wp\/v2\/types\/post"}],"author":[{"embeddable":true,"href":"https:\/\/aconteceunovale.com.br\/portal\/index.php?rest_route=\/wp\/v2\/users\/4"}],"replies":[{"embeddable":true,"href":"https:\/\/aconteceunovale.com.br\/portal\/index.php?rest_route=%2Fwp%2Fv2%2Fcomments&post=185761"}],"version-history":[{"count":1,"href":"https:\/\/aconteceunovale.com.br\/portal\/index.php?rest_route=\/wp\/v2\/posts\/185761\/revisions"}],"predecessor-version":[{"id":185763,"href":"https:\/\/aconteceunovale.com.br\/portal\/index.php?rest_route=\/wp\/v2\/posts\/185761\/revisions\/185763"}],"wp:featuredmedia":[{"embeddable":true,"href":"https:\/\/aconteceunovale.com.br\/portal\/index.php?rest_route=\/wp\/v2\/media\/185762"}],"wp:attachment":[{"href":"https:\/\/aconteceunovale.com.br\/portal\/index.php?rest_route=%2Fwp%2Fv2%2Fmedia&parent=185761"}],"wp:term":[{"taxonomy":"category","embeddable":true,"href":"https:\/\/aconteceunovale.com.br\/portal\/index.php?rest_route=%2Fwp%2Fv2%2Fcategories&post=185761"},{"taxonomy":"post_tag","embeddable":true,"href":"https:\/\/aconteceunovale.com.br\/portal\/index.php?rest_route=%2Fwp%2Fv2%2Ftags&post=185761"}],"curies":[{"name":"wp","href":"https:\/\/api.w.org\/{rel}","templated":true}]}}