{"id":185754,"date":"2022-01-12T19:59:41","date_gmt":"2022-01-12T22:59:41","guid":{"rendered":"https:\/\/aconteceunovale.com.br\/portal\/?p=185754"},"modified":"2022-01-12T20:02:41","modified_gmt":"2022-01-12T23:02:41","slug":"chuvas-prejudicam-127-mil-produtores-rurais-no-estado","status":"publish","type":"post","link":"https:\/\/aconteceunovale.com.br\/portal\/?p=185754","title":{"rendered":"Chuvas prejudicam 127 mil produtores rurais em Minas Gerais"},"content":{"rendered":"\n<p>Um levantamento preliminar feito pela&nbsp;<a href=\"https:\/\/www.emater.mg.gov.br\/\" target=\"_blank\" rel=\"noreferrer noopener\">Empresa de Assist\u00eancia T\u00e9cnica e Extens\u00e3o Rural de Minas Gerais (Emater-MG)<\/a>&nbsp;mostra que, em Minas, 127 mil produtores rurais (n\u00famero aproximado) sofreram algum tipo de dano por causa das chuvas das \u00faltimas semanas. O estudo aponta que a situa\u00e7\u00e3o foi relatada em 416 munic\u00edpios do estado (48,7% do total).<\/p>\n\n\n\n<figure class=\"wp-block-gallery aligncenter columns-1 is-cropped wp-block-gallery-1 is-layout-flex wp-block-gallery-is-layout-flex\"><ul class=\"blocks-gallery-grid\"><li class=\"blocks-gallery-item\"><figure><img loading=\"lazy\" decoding=\"async\" width=\"678\" height=\"407\" src=\"https:\/\/aconteceunovale.com.br\/portal\/wp-content\/uploads\/2022\/01\/chuva_mg_enchente.jpeg\" alt=\"\" data-id=\"185756\" data-full-url=\"https:\/\/aconteceunovale.com.br\/portal\/wp-content\/uploads\/2022\/01\/chuva_mg_enchente.jpeg\" data-link=\"https:\/\/aconteceunovale.com.br\/portal\/?attachment_id=185756\" class=\"wp-image-185756\" srcset=\"https:\/\/aconteceunovale.com.br\/portal\/wp-content\/uploads\/2022\/01\/chuva_mg_enchente.jpeg 678w, https:\/\/aconteceunovale.com.br\/portal\/wp-content\/uploads\/2022\/01\/chuva_mg_enchente-300x180.jpeg 300w\" sizes=\"auto, (max-width: 678px) 100vw, 678px\" \/><figcaption class=\"blocks-gallery-item__caption\"><em>Foto: Divulga\u00e7\u00e3o \/ Emater &#8211; MG<\/em><\/figcaption><\/figure><\/li><\/ul><\/figure>\n\n\n\n<p>Entre os munic\u00edpios com estimativa de \u00e1reas afetadas, a produ\u00e7\u00e3o de feij\u00e3o primeira safra foi a mais prejudicada, com 42,2% da \u00e1rea a ser colhida. As regi\u00f5es Norte, Cerrado, Nordeste, Leste e Central foram as mais atingidas. J\u00e1 na produ\u00e7\u00e3o de hortali\u00e7as, \u00e9 estimado comprometimento de 37% da \u00e1rea, principalmente nas regi\u00f5es Nordeste, Leste e Central de Minas Gerais. A produ\u00e7\u00e3o de milho (safra ver\u00e3o) tem uma estimativa de 23,3% de \u00e1rea afetada, com destaque para as regi\u00f5es Norte, Nordeste e Central.<\/p>\n\n\n\n<h2 class=\"wp-block-heading\"><strong>Abastecimento<\/strong><\/h2>\n\n\n\n<p>De acordo com informa\u00e7\u00f5es coletadas pela Emater-MG na CeasaMinas, at\u00e9 o momento n\u00e3o houve nenhum impacto significativo na disponibilidade de frutas e hortali\u00e7as para o mercado atacadista. Por\u00e9m, em algumas pra\u00e7as da Ceasa no interior do estado, houve redu\u00e7\u00e3o de produtos como beterraba, mandioca, quiabo e batata-baroa, comercializados nos mercados locais e regionais.<\/p>\n\n\n\n<p>Nos bols\u00f5es verdes das regi\u00f5es metropolitanas, onde se concentra a maior produ\u00e7\u00e3o de folhosas, ainda h\u00e1 possibilidade de impacto no abastecimento por causa das condi\u00e7\u00f5es clim\u00e1ticas. A Emater lembra que, no per\u00edodo chuvoso, j\u00e1 \u00e9 comum ocorrer a redu\u00e7\u00e3o da \u00e1rea plantada nestes locais.<\/p>\n\n\n\n<p>H\u00e1, ainda, alguns pontos de interdi\u00e7\u00e3o em rodovias que podem prejudicar o escoamento de produtos como morango e batata, principalmente nas regi\u00f5es Sul e Campo das Vertentes.<\/p>\n\n\n\n<h2 class=\"wp-block-heading\"><strong>Pecu\u00e1ria<\/strong><\/h2>\n\n\n\n<p>Na pecu\u00e1ria leiteira, a estimativa da Emater mostra que, nos munic\u00edpios prejudicados pelas chuvas, 21,4% da produ\u00e7\u00e3o de leite foi comprometida, principalmente nas regi\u00f5es Nordeste, Leste e Central. Uma pesquisa feita pelos t\u00e9cnicos da empresa com 96 latic\u00ednios no estado indicou que, em m\u00e9dia, a queda na capta\u00e7\u00e3o de leite foi de 9%, principalmente pela dificuldade de deslocamento em algumas localidades.<\/p>\n\n\n\n<p>Outras atividades que registram possibilidade de dano com as chuvas foram piscicultura (28,3%), avicultura caipira (23,7%), pecu\u00e1ria de corte (17,7%) e suinocultura caipira (15%).<\/p>\n\n\n\n<h2 class=\"wp-block-heading\"><strong>Assist\u00eancia t\u00e9cnica<\/strong><\/h2>\n\n\n\n<p>\u201cDesde o in\u00edcio das chuvas, em dezembro, os t\u00e9cnicos da Emater est\u00e3o fazendo o levantamento dessas \u00e1reas afetadas e das estradas vicinais com problemas. Todas essas informa\u00e7\u00f5es s\u00e3o encaminhadas ao&nbsp;Governo do Estado&nbsp;e \u00e0s prefeituras. Os dados contribuem para a elabora\u00e7\u00e3o dos decretos municipais de emerg\u00eancia e a tomada de a\u00e7\u00f5es emergenciais. A Emater tamb\u00e9m est\u00e1 apoiando os produtores rurais no controle fitossanit\u00e1rio das lavouras pois, neste per\u00edodo de chuvas, aumenta a incid\u00eancia de doen\u00e7as f\u00fangicas nas plantas. Tamb\u00e9m damos assist\u00eancia aos produtores rurais na elabora\u00e7\u00e3o de projetos para recupera\u00e7\u00e3o de estruturas danificadas nas propriedades rurais\u201d, informa o diretor t\u00e9cnico da Emater-MG, Gelson Soares Lemes.<\/p>\n\n\n\n<p>Ele afirma ainda que os t\u00e9cnicos da empresa elaboram laudos e projetos t\u00e9cnicos para os produtores que precisam obter recursos junto aos agentes financeiros. Outra a\u00e7\u00e3o da empresa neste per\u00edodo \u00e9 o apoio aos agricultores do semi\u00e1rido mineiro que t\u00eam direito ao Garantia Safra, benef\u00edcio do Programa Nacional de Fortalecimento da Agricultura Familiar (Pronaf).<\/p>\n\n\n\n<p>O Garantia Safra \u00e9 pago aos agricultores inscritos, com renda mensal de at\u00e9 um sal\u00e1rio m\u00ednimo e meio, com plantio entre 0,6 e cinco hectares, e que tiverem perdas comprovadas por estiagem ou excesso de chuva em lavouras como feij\u00e3o, milho, arroz, mandioca e algod\u00e3o.<\/p>\n\n\n\n<p>&#8212;&#8212;&#8212;&#8212;&#8212;&#8212;<br><em>Quer receber as not\u00edcias do <strong>Aconteceu no Vale<\/strong> em primeira m\u00e3o? Siga-nos no Facebook <a rel=\"noreferrer noopener\" href=\"http:\/\/facebook.com\/aconteceunovale\" target=\"_blank\">@aconteceunovale<\/a>, Twitter <a rel=\"noreferrer noopener\" href=\"https:\/\/twitter.com\/noticiadosvales\" target=\"_blank\">@noticiadosvales<\/a> e Instagram <a rel=\"noreferrer noopener\" href=\"https:\/\/www.instagram.com\/aconteceunovale\" target=\"_blank\">@aconteceunovale<\/a>.<\/em><\/p>\n","protected":false},"excerpt":{"rendered":"<p>Um levantamento preliminar feito pela&nbsp;Empresa de Assist\u00eancia T\u00e9cnica e Extens\u00e3o Rural de Minas Gerais (Emater-MG)&nbsp;mostra que, em Minas, 127 mil produtores rurais (n\u00famero aproximado) sofreram algum tipo de dano por causa das chuvas das \u00faltimas semanas. O estudo aponta que a situa\u00e7\u00e3o foi relatada em 416 munic\u00edpios do estado (48,7% do total). Entre os munic\u00edpios [&hellip;]<\/p>\n","protected":false},"author":4,"featured_media":185756,"comment_status":"open","ping_status":"closed","sticky":false,"template":"","format":"standard","meta":{"amp_status":"","footnotes":""},"categories":[123],"tags":[257243,229780,2619,257242,25775,25774,2301,229781,131],"class_list":["post-185754","post","type-post","status-publish","format-standard","has-post-thumbnail","hentry","category-gerais","tag-agricultores-prejudicados-pelas-chuvas-em-minas-gerais","tag-alagamentos-em-minas-gerais","tag-chuvas-em-minas-gerais","tag-chuvas-prejudicam-127-mil-produtores-rurais-em-minas-gerais","tag-emater-mg","tag-empresa-de-assistencia-tecnica-e-extensao-rural-de-minas-gerais","tag-enchentes-em-minas-gerais","tag-inundacoes-em-minas-gerais","tag-minas-gerais"],"_links":{"self":[{"href":"https:\/\/aconteceunovale.com.br\/portal\/index.php?rest_route=\/wp\/v2\/posts\/185754","targetHints":{"allow":["GET"]}}],"collection":[{"href":"https:\/\/aconteceunovale.com.br\/portal\/index.php?rest_route=\/wp\/v2\/posts"}],"about":[{"href":"https:\/\/aconteceunovale.com.br\/portal\/index.php?rest_route=\/wp\/v2\/types\/post"}],"author":[{"embeddable":true,"href":"https:\/\/aconteceunovale.com.br\/portal\/index.php?rest_route=\/wp\/v2\/users\/4"}],"replies":[{"embeddable":true,"href":"https:\/\/aconteceunovale.com.br\/portal\/index.php?rest_route=%2Fwp%2Fv2%2Fcomments&post=185754"}],"version-history":[{"count":3,"href":"https:\/\/aconteceunovale.com.br\/portal\/index.php?rest_route=\/wp\/v2\/posts\/185754\/revisions"}],"predecessor-version":[{"id":185760,"href":"https:\/\/aconteceunovale.com.br\/portal\/index.php?rest_route=\/wp\/v2\/posts\/185754\/revisions\/185760"}],"wp:featuredmedia":[{"embeddable":true,"href":"https:\/\/aconteceunovale.com.br\/portal\/index.php?rest_route=\/wp\/v2\/media\/185756"}],"wp:attachment":[{"href":"https:\/\/aconteceunovale.com.br\/portal\/index.php?rest_route=%2Fwp%2Fv2%2Fmedia&parent=185754"}],"wp:term":[{"taxonomy":"category","embeddable":true,"href":"https:\/\/aconteceunovale.com.br\/portal\/index.php?rest_route=%2Fwp%2Fv2%2Fcategories&post=185754"},{"taxonomy":"post_tag","embeddable":true,"href":"https:\/\/aconteceunovale.com.br\/portal\/index.php?rest_route=%2Fwp%2Fv2%2Ftags&post=185754"}],"curies":[{"name":"wp","href":"https:\/\/api.w.org\/{rel}","templated":true}]}}