{"id":185742,"date":"2022-01-12T19:27:22","date_gmt":"2022-01-12T22:27:22","guid":{"rendered":"https:\/\/aconteceunovale.com.br\/portal\/?p=185742"},"modified":"2022-01-12T19:28:41","modified_gmt":"2022-01-12T22:28:41","slug":"minas-gerais-registra-mais-de-18-mil-casos-de-covid-em-24-horas-e-bate-recorde","status":"publish","type":"post","link":"https:\/\/aconteceunovale.com.br\/portal\/?p=185742","title":{"rendered":"Minas Gerais registra mais de 18 mil casos de Covid em 24 horas e bate recorde"},"content":{"rendered":"\n<p>A\u00a0Secretaria de Estado de Sa\u00fade de Minas Gerais (SES-MG)\u00a0registrou 18.153 mil novos casos de covid-19 em 24 horas. \u00c9 o maior n\u00famero de casos em um \u00fanico dia desde o in\u00edcio da pandemia. At\u00e9 ent\u00e3o, o maior registro ocorreu em abril de 2021, quando foram notificados 16.479 casos. O n\u00famero de \u00f3bitos notificados foi 11. Os dados foram divulgados nesta quarta-feira (12\/1\/2022).\u00a0<\/p>\n\n\n\n<p>O expressivo aumento no n\u00famero de casos notificados de covid-19 ocorre por fatores como a transmiss\u00e3o comunit\u00e1ria da variante \u00d4micron, associado \u00e0s aglomera\u00e7\u00f5es nos feriados de fim de ano e o relaxamento das medidas de cuidado, como o uso de m\u00e1scaras. Al\u00e9m disso, o sistema do Minist\u00e9rio da Sa\u00fade apresentou instabilidade durante algumas semanas em fun\u00e7\u00e3o de ataque hacker, causando o represamento de dados.<\/p>\n\n\n\n<p>O secret\u00e1rio de Estado de Sa\u00fade de Minas Gerais, F\u00e1bio Baccheretti, avalia que, apesar do aumento de casos, a mortalidade causada pela doen\u00e7a e a taxa de ocupa\u00e7\u00e3o nas Unidades de Terapia Intensiva (UTI) n\u00e3o aumentaram significativamente. \u201cA \u00fanica sa\u00edda para a pandemia \u00e9 a vacina\u00e7\u00e3o. As pessoas vacinadas t\u00eam menos risco de serem hospitalizadas e de evoluir para \u00f3bito. O cen\u00e1rio demonstra a import\u00e2ncia da vacina\u00e7\u00e3o para conter as hospitaliza\u00e7\u00f5es e os \u00f3bitos causados pelo coronav\u00edrus\u201d, conclui.<\/p>\n\n\n\n<p>Baccheretti destaca ainda a necessidade de se manter os protocolos sanit\u00e1rios para evitar a doen\u00e7a: lavagem constante das m\u00e3os, uso de m\u00e1scara e distanciamento social. Tais medidas s\u00e3o necess\u00e1rias, porque com o aumento dos casos pode elevar tamb\u00e9m a procura pelos servi\u00e7os de aten\u00e7\u00e3o b\u00e1sica no Sistema \u00danico de Sa\u00fade (SUS), causando press\u00e3o nos atendimentos.<\/p>\n\n\n\n<h2 class=\"wp-block-heading\"><strong>\u00d4micron<\/strong><\/h2>\n\n\n\n<p>De acordo com a coordenadora do Centro de Informa\u00e7\u00f5es Estrat\u00e9gicas em Vigil\u00e2ncia em Sa\u00fade do Estado de Minas Gerais (CIEVS-Minas), Eva L\u00eddia Arcoverde Medeiros, a variante \u00f4micron possui alta transmissibilidade, gerando um aumento expressivo da ocorr\u00eancia de casos. At\u00e9 o dia 6\/11, o estado havia confirmado 167 casos da variante, em praticamente todas as regi\u00f5es.<\/p>\n\n\n\n<p>\u201cAtualmente, a \u00f4micron j\u00e1 possui transmiss\u00e3o comunit\u00e1ria em Minas Gerais. Portanto, as medidas de seguran\u00e7a sanit\u00e1ria como o uso de m\u00e1scaras, higieniza\u00e7\u00e3o das m\u00e3os e o distanciamento social devem ser refor\u00e7ados neste momento para evitar a doen\u00e7a. Por\u00e9m, gra\u00e7as ao avan\u00e7o da vacina\u00e7\u00e3o os casos tendem a n\u00e3o evoluir para as formas graves da doen\u00e7a\u201d, refor\u00e7a Eva L\u00eddia.<\/p>\n\n\n\n<p>Para quem estiver com sintomas, a orienta\u00e7\u00e3o, segundo a coordenadora, \u00e9 cumprir o per\u00edodo de isolamento e buscar preferencialmente o posto de sa\u00fade, evitando a lota\u00e7\u00e3o das urg\u00eancias, que est\u00e3o priorizando os casos mais graves.<\/p>\n\n\n\n<h2 class=\"wp-block-heading\"><strong>Ocupa\u00e7\u00e3o de leitos<\/strong><\/h2>\n\n\n\n<p>Apesar do aumento do n\u00famero de casos notificados nas \u00faltimas semanas, Minas n\u00e3o observou um aumento significativo das taxas de ocupa\u00e7\u00e3o dos leitos nas Unidades de Terapia Intensiva (UTI). Atualmente, a taxa de ocupa\u00e7\u00e3o geral desses leitos \u00e9 de 56,26% e a taxa de ocupa\u00e7\u00e3o em &nbsp;decorr\u00eancia de pacientes internados por covid-19&nbsp;ou por suspeita da doen\u00e7a est\u00e1 em 9,64%.<\/p>\n\n\n\n<p>Um m\u00eas atr\u00e1s, em 10\/12\/2021, a taxa de ocupa\u00e7\u00e3o geral desses leitos era de 50,64% e a taxa de ocupa\u00e7\u00e3o em decorr\u00eancia de pacientes internados por covid-19 ou por suspeita da doen\u00e7a est\u00e1 em 6,49%.<\/p>\n\n\n\n<p>\u201cO que percebemos \u00e9 que a vacina acaba intervindo na evolu\u00e7\u00e3o dos casos. As pessoas se contaminam, mas n\u00e3o evoluem para casos graves. Portanto, \u00e9 mais uma mostra de que a vacina\u00e7\u00e3o tem funcionando\u201d, refor\u00e7a a coordenadora do CIEVS.<\/p>\n\n\n\n<h2 class=\"wp-block-heading\"><strong>Mundo<\/strong><\/h2>\n\n\n\n<p>A doen\u00e7a segue em crescimento em outros pa\u00edses. O mundo registrou pela 1\u00aa vez mais de 3 milh\u00f5es de casos de Covid-19 em apenas 24 horas. \u00c9 o 4\u00ba recorde di\u00e1rio de novos infectados nos \u00faltimos oito dias. Segundo dados compilados e divulgados nessa ter\u00e7a-feira (11\/1) pelo &#8220;Our World in Data&#8221;, projeto ligado \u00e0 Universidade de Oxford, foram 3,28 milh\u00f5es de novos casos somente na \u00faltima segunda-feira (10\/1).<\/p>\n\n\n\n<p>&#8212;&#8212;&#8212;&#8212;&#8212;&#8212;<br><em>Quer receber as not\u00edcias do <strong>Aconteceu no Vale<\/strong> em primeira m\u00e3o? Siga-nos no Facebook <a rel=\"noreferrer noopener\" href=\"http:\/\/facebook.com\/aconteceunovale\" target=\"_blank\">@aconteceunovale<\/a>, Twitter <a rel=\"noreferrer noopener\" href=\"https:\/\/twitter.com\/noticiadosvales\" target=\"_blank\">@noticiadosvales<\/a> e Instagram <a rel=\"noreferrer noopener\" href=\"https:\/\/www.instagram.com\/aconteceunovale\" target=\"_blank\">@aconteceunovale<\/a>.<\/em><\/p>\n","protected":false},"excerpt":{"rendered":"<p>A\u00a0Secretaria de Estado de Sa\u00fade de Minas Gerais (SES-MG)\u00a0registrou 18.153 mil novos casos de covid-19 em 24 horas. \u00c9 o maior n\u00famero de casos em um \u00fanico dia desde o in\u00edcio da pandemia. At\u00e9 ent\u00e3o, o maior registro ocorreu em abril de 2021, quando foram notificados 16.479 casos. O n\u00famero de \u00f3bitos notificados foi 11. [&hellip;]<\/p>\n","protected":false},"author":4,"featured_media":164902,"comment_status":"open","ping_status":"closed","sticky":false,"template":"","format":"standard","meta":{"amp_status":"","footnotes":""},"categories":[123,40242],"tags":[257221,257220,217542,257222,1018,239750,131,257224,257223,227992,257219,52113],"class_list":["post-185742","post","type-post","status-publish","format-standard","has-post-thumbnail","hentry","category-gerais","category-saude-2","tag-aumento-dos-casos-de-covid-em-minas-gerais","tag-casos-de-covid-em-minas-gerais","tag-coronavirus-em-minas-gerais","tag-covid-em-minas-gerais","tag-destaque","tag-fabio-baccheretti","tag-minas-gerais","tag-ocupacao-de-leitos-de-uti-em-minas-gerais","tag-omicron-em-minas-gerais","tag-pandemia-em-minas-gerais","tag-recorde-de-casos-de-covid-em-minas-gerais","tag-ses-mg"],"_links":{"self":[{"href":"https:\/\/aconteceunovale.com.br\/portal\/index.php?rest_route=\/wp\/v2\/posts\/185742","targetHints":{"allow":["GET"]}}],"collection":[{"href":"https:\/\/aconteceunovale.com.br\/portal\/index.php?rest_route=\/wp\/v2\/posts"}],"about":[{"href":"https:\/\/aconteceunovale.com.br\/portal\/index.php?rest_route=\/wp\/v2\/types\/post"}],"author":[{"embeddable":true,"href":"https:\/\/aconteceunovale.com.br\/portal\/index.php?rest_route=\/wp\/v2\/users\/4"}],"replies":[{"embeddable":true,"href":"https:\/\/aconteceunovale.com.br\/portal\/index.php?rest_route=%2Fwp%2Fv2%2Fcomments&post=185742"}],"version-history":[{"count":1,"href":"https:\/\/aconteceunovale.com.br\/portal\/index.php?rest_route=\/wp\/v2\/posts\/185742\/revisions"}],"predecessor-version":[{"id":185743,"href":"https:\/\/aconteceunovale.com.br\/portal\/index.php?rest_route=\/wp\/v2\/posts\/185742\/revisions\/185743"}],"wp:featuredmedia":[{"embeddable":true,"href":"https:\/\/aconteceunovale.com.br\/portal\/index.php?rest_route=\/wp\/v2\/media\/164902"}],"wp:attachment":[{"href":"https:\/\/aconteceunovale.com.br\/portal\/index.php?rest_route=%2Fwp%2Fv2%2Fmedia&parent=185742"}],"wp:term":[{"taxonomy":"category","embeddable":true,"href":"https:\/\/aconteceunovale.com.br\/portal\/index.php?rest_route=%2Fwp%2Fv2%2Fcategories&post=185742"},{"taxonomy":"post_tag","embeddable":true,"href":"https:\/\/aconteceunovale.com.br\/portal\/index.php?rest_route=%2Fwp%2Fv2%2Ftags&post=185742"}],"curies":[{"name":"wp","href":"https:\/\/api.w.org\/{rel}","templated":true}]}}