{"id":185738,"date":"2022-01-12T15:01:45","date_gmt":"2022-01-12T18:01:45","guid":{"rendered":"https:\/\/aconteceunovale.com.br\/portal\/?p=185738"},"modified":"2022-01-12T15:02:38","modified_gmt":"2022-01-12T18:02:38","slug":"sobe-para-24-o-numero-de-mortos-devido-as-chuvas-em-minas-gerais","status":"publish","type":"post","link":"https:\/\/aconteceunovale.com.br\/portal\/?p=185738","title":{"rendered":"Sobe para 24 o n\u00famero de mortos devido \u00e0s chuvas em Minas Gerais"},"content":{"rendered":"\n<p>As fortes chuvas que h\u00e1 semanas atingem Minas Gerais causaram mais cinco mortes ao longo dessa ter\u00e7a-feira (11\/1\/2022), elevando para 24 o total de \u00f3bitos registrados no estado desde o in\u00edcio de outubro, quando teve in\u00edcio a atual temporada de chuvas \u2013 que, este ano, come\u00e7ou um m\u00eas antes que o habitual.<\/p>\n\n\n\n<figure class=\"wp-block-gallery columns-1 is-cropped wp-block-gallery-1 is-layout-flex wp-block-gallery-is-layout-flex\"><ul class=\"blocks-gallery-grid\"><li class=\"blocks-gallery-item\"><figure><img loading=\"lazy\" decoding=\"async\" width=\"678\" height=\"381\" src=\"https:\/\/aconteceunovale.com.br\/portal\/wp-content\/uploads\/2022\/01\/deslizamento_brumadinho.jpg\" alt=\"\" data-id=\"185740\" data-full-url=\"https:\/\/aconteceunovale.com.br\/portal\/wp-content\/uploads\/2022\/01\/deslizamento_brumadinho.jpg\" data-link=\"https:\/\/aconteceunovale.com.br\/portal\/?attachment_id=185740\" class=\"wp-image-185740\" srcset=\"https:\/\/aconteceunovale.com.br\/portal\/wp-content\/uploads\/2022\/01\/deslizamento_brumadinho.jpg 678w, https:\/\/aconteceunovale.com.br\/portal\/wp-content\/uploads\/2022\/01\/deslizamento_brumadinho-300x169.jpg 300w\" sizes=\"auto, (max-width: 678px) 100vw, 678px\" \/><figcaption class=\"blocks-gallery-item__caption\"><em>Cinco pessoas de uma mesma fam\u00edlia morreram ap\u00f3s deslizamento de terra no munic\u00edpio de Brumadinho &#8211; Foto: Divulga\u00e7\u00e3o \/ PCMG<\/em><\/figcaption><\/figure><\/li><\/ul><\/figure>\n\n\n\n<p>O n\u00famero de pessoas que j\u00e1 perderam as vidas divulgado pela\u00a0Defesa Civil estadual\u00a0n\u00e3o inclui as dez mortes causadas pelo desprendimento de um bloco de pedras no Lago de Furnas, em Capit\u00f3lio (MG), no \u00faltimo s\u00e1bado (8). As causas desta trag\u00e9dia ainda est\u00e3o sendo apuradas, mas autoridades estaduais j\u00e1 anteciparam que parte do pared\u00e3o rochoso pode ter ru\u00eddo por efeito da a\u00e7\u00e3o das \u00e1guas.<\/p>\n\n\n\n<p>At\u00e9 as 10 horas de ontem, a Defesa Civil estadual j\u00e1 contabilizava 19 mortes (sem levar em conta a trag\u00e9dia de Capit\u00f3lio). Desde ent\u00e3o, foram registrados dois \u00f3bitos na cidade de Perdig\u00e3o; um em Contagem; um em Ouro Preto e um em Santana do Riacho, totalizando 24 v\u00edtimas fatais.<\/p>\n\n\n\n<p>Em Santana do Riacho, na regi\u00e3o central do estado, um homem de 47 anos morreu ao ser atingido por um raio enquanto praticava escalada, com um grupo de amigos, na Serra do Cip\u00f3. Em Ouro Preto, bombeiros localizaram o corpo de um homem que estava soterrado desde o \u00faltimo s\u00e1bado (8), quando duas casas desabaram no Bairro Santa Cruz.<\/p>\n\n\n\n<p>J\u00e1 em Contagem, a v\u00edtima, tamb\u00e9m um homem, foi atingida por um muro que cedeu e caiu sobre ela no bairro Pedra Azul. Por fim, em Perdig\u00e3o, as v\u00edtimas s\u00e3o duas mulheres, de 55 e 79 anos, cujo carro caiu e afundou em um c\u00f3rrego pr\u00f3ximo ao Povoado Canjicas.<\/p>\n\n\n\n<p>Outras 13 cidades mineiras j\u00e1 registram mortes em fun\u00e7\u00e3o das chuvas ou de suas consequ\u00eancias: Brumadinho (5); Caratinga (2); Dores de Guanh\u00e3es (2); Belo Horizonte (1); Betim (1); Coronel Fabriciano (1); Engenheiro Caldas (1); Erv\u00e1lia (1); Montes Claros (1); Nova Serrana (1); Pescador (1); S\u00e3o Gon\u00e7alo do Rio Abaixo (1) e Uberaba (1).<\/p>\n\n\n\n<p>A lista de cidades mineiras que decretaram situa\u00e7\u00e3o de emerg\u00eancia mais que dobrou nas \u00faltimas 24 horas, saltado de 145 para 341. Al\u00e9m disso, desde 1\u00ba de outubro de 2021, 24.610 desalojadas tiveram que ser acolhidas na casa de parentes, amigos, vizinhos ou em hospedagens particulares. Outras 3.992 pessoas ficaram desabrigadas, tendo que, em algum momento, ir para abrigos p\u00fablicos.<\/p>\n\n\n\n<figure class=\"wp-block-gallery columns-1 is-cropped wp-block-gallery-2 is-layout-flex wp-block-gallery-is-layout-flex\"><ul class=\"blocks-gallery-grid\"><li class=\"blocks-gallery-item\"><figure><img loading=\"lazy\" decoding=\"async\" width=\"776\" height=\"484\" src=\"https:\/\/aconteceunovale.com.br\/portal\/wp-content\/uploads\/2022\/01\/obitos_mg_chuvas_12jan.png\" alt=\"\" data-id=\"185739\" data-full-url=\"https:\/\/aconteceunovale.com.br\/portal\/wp-content\/uploads\/2022\/01\/obitos_mg_chuvas_12jan.png\" data-link=\"https:\/\/aconteceunovale.com.br\/portal\/?attachment_id=185739\" class=\"wp-image-185739\" srcset=\"https:\/\/aconteceunovale.com.br\/portal\/wp-content\/uploads\/2022\/01\/obitos_mg_chuvas_12jan.png 776w, https:\/\/aconteceunovale.com.br\/portal\/wp-content\/uploads\/2022\/01\/obitos_mg_chuvas_12jan-300x187.png 300w, https:\/\/aconteceunovale.com.br\/portal\/wp-content\/uploads\/2022\/01\/obitos_mg_chuvas_12jan-768x479.png 768w, https:\/\/aconteceunovale.com.br\/portal\/wp-content\/uploads\/2022\/01\/obitos_mg_chuvas_12jan-696x434.png 696w, https:\/\/aconteceunovale.com.br\/portal\/wp-content\/uploads\/2022\/01\/obitos_mg_chuvas_12jan-673x420.png 673w\" sizes=\"auto, (max-width: 776px) 100vw, 776px\" \/><\/figure><\/li><\/ul><\/figure>\n\n\n\n<p>&#8212;&#8212;&#8212;&#8212;&#8212;&#8212;<br><em>Quer receber as not\u00edcias do <strong>Aconteceu no Vale<\/strong> em primeira m\u00e3o? Siga-nos no Facebook <a rel=\"noreferrer noopener\" href=\"http:\/\/facebook.com\/aconteceunovale\" target=\"_blank\">@aconteceunovale<\/a>, Twitter <a rel=\"noreferrer noopener\" href=\"https:\/\/twitter.com\/noticiadosvales\" target=\"_blank\">@noticiadosvales<\/a> e Instagram <a rel=\"noreferrer noopener\" href=\"https:\/\/www.instagram.com\/aconteceunovale\" target=\"_blank\">@aconteceunovale<\/a>.<\/em><\/p>\n","protected":false},"excerpt":{"rendered":"<p>As fortes chuvas que h\u00e1 semanas atingem Minas Gerais causaram mais cinco mortes ao longo dessa ter\u00e7a-feira (11\/1\/2022), elevando para 24 o total de \u00f3bitos registrados no estado desde o in\u00edcio de outubro, quando teve in\u00edcio a atual temporada de chuvas \u2013 que, este ano, come\u00e7ou um m\u00eas antes que o habitual. O n\u00famero de [&hellip;]<\/p>\n","protected":false},"author":4,"featured_media":185740,"comment_status":"open","ping_status":"closed","sticky":false,"template":"","format":"standard","meta":{"amp_status":"","footnotes":""},"categories":[123],"tags":[194,1495,1017,3679,237,257178,2619,257181,956,1524,68280,287,288,1500,131,210,257179,257180,1515,211,1659,307,257218,1739,220],"class_list":["post-185738","post","type-post","status-publish","format-standard","has-post-thumbnail","hentry","category-gerais","tag-belo-horizonte","tag-betim","tag-bh","tag-brumadinho","tag-caratinga","tag-chuvas-causam-mais-10-mortes-em-minas-gerais","tag-chuvas-em-minas-gerais","tag-consequencias-das-chuvas-em-minas-gerais","tag-contagem","tag-coronel-fabriciano","tag-defesa-civil-de-minas-gerais","tag-dores-de-guanhaes","tag-engenheiro-caldas","tag-ervalia","tag-minas-gerais","tag-montes-claros","tag-mortes-causadas-pela-chuva-em-minas-gerais","tag-mortes-durante-as-chuvas-em-minas-gerais","tag-nova-serrana","tag-ouro-preto","tag-perdigao","tag-pescador","tag-santa-do-riacho","tag-sao-goncalo-do-rio-abaixo","tag-uberaba"],"_links":{"self":[{"href":"https:\/\/aconteceunovale.com.br\/portal\/index.php?rest_route=\/wp\/v2\/posts\/185738","targetHints":{"allow":["GET"]}}],"collection":[{"href":"https:\/\/aconteceunovale.com.br\/portal\/index.php?rest_route=\/wp\/v2\/posts"}],"about":[{"href":"https:\/\/aconteceunovale.com.br\/portal\/index.php?rest_route=\/wp\/v2\/types\/post"}],"author":[{"embeddable":true,"href":"https:\/\/aconteceunovale.com.br\/portal\/index.php?rest_route=\/wp\/v2\/users\/4"}],"replies":[{"embeddable":true,"href":"https:\/\/aconteceunovale.com.br\/portal\/index.php?rest_route=%2Fwp%2Fv2%2Fcomments&post=185738"}],"version-history":[{"count":1,"href":"https:\/\/aconteceunovale.com.br\/portal\/index.php?rest_route=\/wp\/v2\/posts\/185738\/revisions"}],"predecessor-version":[{"id":185741,"href":"https:\/\/aconteceunovale.com.br\/portal\/index.php?rest_route=\/wp\/v2\/posts\/185738\/revisions\/185741"}],"wp:featuredmedia":[{"embeddable":true,"href":"https:\/\/aconteceunovale.com.br\/portal\/index.php?rest_route=\/wp\/v2\/media\/185740"}],"wp:attachment":[{"href":"https:\/\/aconteceunovale.com.br\/portal\/index.php?rest_route=%2Fwp%2Fv2%2Fmedia&parent=185738"}],"wp:term":[{"taxonomy":"category","embeddable":true,"href":"https:\/\/aconteceunovale.com.br\/portal\/index.php?rest_route=%2Fwp%2Fv2%2Fcategories&post=185738"},{"taxonomy":"post_tag","embeddable":true,"href":"https:\/\/aconteceunovale.com.br\/portal\/index.php?rest_route=%2Fwp%2Fv2%2Ftags&post=185738"}],"curies":[{"name":"wp","href":"https:\/\/api.w.org\/{rel}","templated":true}]}}