{"id":185735,"date":"2022-01-12T14:49:08","date_gmt":"2022-01-12T17:49:08","guid":{"rendered":"https:\/\/aconteceunovale.com.br\/portal\/?p=185735"},"modified":"2022-01-12T14:52:44","modified_gmt":"2022-01-12T17:52:44","slug":"ministro-da-saude-relaciona-aumento-de-casos-de-covid-19-a-festas-de-fim-de-ano","status":"publish","type":"post","link":"https:\/\/aconteceunovale.com.br\/portal\/?p=185735","title":{"rendered":"Ministro da Sa\u00fade relaciona aumento de casos de Covid-19 a festas de fim de ano"},"content":{"rendered":"\n<p>O ministro da Sa\u00fade, Marcelo Queiroga, afirmou hoje (12\/1\/2022) que o recente aumento do n\u00famero de casos de covid-19 no pa\u00eds est\u00e1 relacionado \u00e0s festas de fim de ano, o que, segundo ele, n\u00e3o foi algo estimulado pelo governo federal. Segundo Queiroga, ainda nesta semana, o governo apresentar\u00e1 uma posi\u00e7\u00e3o oficial sobre uma \u201ceventual pol\u00edtica para a aprova\u00e7\u00e3o dos autotestes\u201d, o que poder\u00e1 ampliar a capacidade de testagem por meio de exames a serem adquiridos em farm\u00e1cias.<\/p>\n\n\n\n<figure class=\"wp-block-gallery columns-1 is-cropped wp-block-gallery-1 is-layout-flex wp-block-gallery-is-layout-flex\"><ul class=\"blocks-gallery-grid\"><li class=\"blocks-gallery-item\"><figure><img loading=\"lazy\" decoding=\"async\" width=\"678\" height=\"406\" src=\"https:\/\/aconteceunovale.com.br\/portal\/wp-content\/uploads\/2022\/01\/ministro_da_saude.jpg\" alt=\"\" data-id=\"185736\" data-full-url=\"https:\/\/aconteceunovale.com.br\/portal\/wp-content\/uploads\/2022\/01\/ministro_da_saude.jpg\" data-link=\"https:\/\/aconteceunovale.com.br\/portal\/?attachment_id=185736\" class=\"wp-image-185736\" srcset=\"https:\/\/aconteceunovale.com.br\/portal\/wp-content\/uploads\/2022\/01\/ministro_da_saude.jpg 678w, https:\/\/aconteceunovale.com.br\/portal\/wp-content\/uploads\/2022\/01\/ministro_da_saude-300x180.jpg 300w\" sizes=\"auto, (max-width: 678px) 100vw, 678px\" \/><figcaption class=\"blocks-gallery-item__caption\"><em>Foto: Valter Campanato\/Ag\u00eancia Brasil<\/em><\/figcaption><\/figure><\/li><\/ul><\/figure>\n\n\n\n<p>Queiroga disse que, em reuni\u00e3o ontem (11) com o ministro da Economia, Paulo Guedes, obteve garantias de que n\u00e3o faltar\u00e1 suporte para estados e munic\u00edpios, se aumentar a press\u00e3o sobre o sistema hospitalar e for preciso habilitar mais leitos de terapia intensiva. \u201cEle [Guedes] deixou claro que sa\u00fade e economia t\u00eam de andar de bra\u00e7os dados\u201d, resumiu Queiroga.<\/p>\n\n\n\n<p>Sobre o recente aumento do n\u00famero de pessoas contaminadas pela variante \u00d4micron, o ministro confirmou que as unidades b\u00e1sicas de sa\u00fade (UBSs) v\u00eam recebendo n\u00famero maior de pacientes. \u201cIsso \u00e9 fruto das festas de final de ano, que n\u00e3o foram estimuladas pelo governo federal\u201d, afirmou.<\/p>\n\n\n\n<p>Queiroga lembrou que o Brasil conta com 58 mil UBSs e 53 mil equipes de sa\u00fade da fam\u00edlia, e que, com a amplia\u00e7\u00e3o or\u00e7ament\u00e1ria, de R$ 17 bilh\u00f5es para R$ 25 bilh\u00f5es, o pa\u00eds ter\u00e1 condi\u00e7\u00f5es de enfrentar a pandemia. Ele reiterou que o v\u00edrus est\u00e1 sofrendo muta\u00e7\u00f5es e criando dificuldades no mundo inteiro e que, nesse sentido, a principal a\u00e7\u00e3o deve ser a campanha de vacina\u00e7\u00e3o visando \u00e0 amplia\u00e7\u00e3o da dose de refor\u00e7o. \u201cSabemos que os indiv\u00edduos que n\u00e3o t\u00eam o esquema vacinal completo t\u00eam mais chances de desenvolver formas graves da doen\u00e7a.\u201d<\/p>\n\n\n\n<p>O\u00a0 ministro alertou, no entanto, que, para o sucesso desse enfrentamento, \u00e9 necess\u00e1ria a colabora\u00e7\u00e3o de estados e munic\u00edpios, principalmente com rela\u00e7\u00e3o ao avan\u00e7o nas aplica\u00e7\u00f5es da segunda dose e da dose de refor\u00e7o. Queiroga chamou a aten\u00e7\u00e3o para a situa\u00e7\u00e3o de alguns estados, principalmente da Regi\u00e3o Norte, onde os n\u00edveis de aplica\u00e7\u00e3o da vacina est\u00e3o baixos. \u201cH\u00e1 estados l\u00e1 com baixo n\u00edvel de aplica\u00e7\u00e3o de segunda dose e da dose de refor\u00e7o. \u00c9 preciso ampliar no Par\u00e1, Maranh\u00e3o, Amap\u00e1, em Roraima e no Tocantins e em Manaus. No Par\u00e1 assistimos ao aumento no n\u00famero de hospitaliza\u00e7\u00f5es e \u00f3bito.\u201d<\/p>\n\n\n\n<p>Queiroga disse que assiste-se ao aumento do n\u00famero de casos, mas ressaltou que ainda n\u00e3o h\u00e1 press\u00e3o sobre os estados. &#8220;O n\u00famero de \u00f3bitos ainda est\u00e1 em um patamar aceit\u00e1vel, se \u00e9 que se pode aceitar \u00f3bito. Estamos ampliando os testes. Em janeiro, vamos distribuir 28 milh\u00f5es de testes r\u00e1pidos, sendo 13 milh\u00f5es at\u00e9 o dia 15. Em fevereiro, temos perspectiva concreta de 7,8 milh\u00f5es de testes\u201d, acrescentou.<img decoding=\"async\" src=\"https:\/\/agenciabrasil.ebc.com.br\/ebc.png?id=1436411&amp;o=node\"><img decoding=\"async\" src=\"https:\/\/agenciabrasil.ebc.com.br\/ebc.gif?id=1436411&amp;o=node\"><\/p>\n\n\n\n<h2 class=\"wp-block-heading\">Autotestes<\/h2>\n\n\n\n<p>De acordo com Queiroga, a Ag\u00eancia Nacional de Vigil\u00e2ncia Sanit\u00e1ria (Anvisa) fez uma consulta ao minist\u00e9rio sobre uma \u201ceventual pol\u00edtica para aprova\u00e7\u00e3o dos autotestes\u201d, neste momento em que \u00e9 necess\u00e1rio aumentar a capacidade de testagem. \u201cO autoteste \u00e9 uma iniciativa que pode se somar ao esfor\u00e7o do poder p\u00fablico de maneira geral. Nesta semana, com certeza, teremos uma resposta [sobre essa quest\u00e3o]\u201d, afirmou.<\/p>\n\n\n\n<p>Na avalia\u00e7\u00e3o do ministro, a expertise adquirida durante os per\u00edodos de pico da pandemia ajudar\u00e1 a evitar problemas como os ocorridos anteriormente, de falta de fornecimento de oxig\u00eanio nos hospitais. \u201cTemos agora uma estrutura maior e melhor capacidade de distribui\u00e7\u00e3o. Se houver press\u00e3o sobre o sistema de sa\u00fade na Regi\u00e3o Norte, o preparo hoje \u00e9 maior\u201d, disse.<\/p>\n\n\n\n<p>&#8212;&#8212;&#8212;&#8212;&#8212;&#8212;<br><em>Quer receber as not\u00edcias do <strong>Aconteceu no Vale<\/strong> em primeira m\u00e3o? Siga-nos no Facebook <a rel=\"noreferrer noopener\" href=\"http:\/\/facebook.com\/aconteceunovale\" target=\"_blank\">@aconteceunovale<\/a>, Twitter <a rel=\"noreferrer noopener\" href=\"https:\/\/twitter.com\/noticiadosvales\" target=\"_blank\">@noticiadosvales<\/a> e Instagram <a rel=\"noreferrer noopener\" href=\"https:\/\/www.instagram.com\/aconteceunovale\" target=\"_blank\">@aconteceunovale<\/a>.<\/em><\/p>\n","protected":false},"excerpt":{"rendered":"<p>O ministro da Sa\u00fade, Marcelo Queiroga, afirmou hoje (12\/1\/2022) que o recente aumento do n\u00famero de casos de covid-19 no pa\u00eds est\u00e1 relacionado \u00e0s festas de fim de ano, o que, segundo ele, n\u00e3o foi algo estimulado pelo governo federal. Segundo Queiroga, ainda nesta semana, o governo apresentar\u00e1 uma posi\u00e7\u00e3o oficial sobre uma \u201ceventual pol\u00edtica [&hellip;]<\/p>\n","protected":false},"author":4,"featured_media":185736,"comment_status":"open","ping_status":"closed","sticky":false,"template":"","format":"standard","meta":{"amp_status":"","footnotes":""},"categories":[6,125,40242],"tags":[257215,257217,215394,216498,218043,1018,257216,4610,19326,34259,224484],"class_list":["post-185735","post","type-post","status-publish","format-standard","has-post-thumbnail","hentry","category-br","category-noticias","category-saude-2","tag-aumento-dos-casos-de-covid-19-no-brasil","tag-autoteste-para-covid-19","tag-coronavirus-no-brasil","tag-covid-19","tag-covid-19-no-brasil","tag-destaque","tag-festas-de-fim-de-ano-no-brasil","tag-governo-federal","tag-ministerio-da-saude","tag-ministro-da-saude","tag-pandemia-no-brasil"],"_links":{"self":[{"href":"https:\/\/aconteceunovale.com.br\/portal\/index.php?rest_route=\/wp\/v2\/posts\/185735","targetHints":{"allow":["GET"]}}],"collection":[{"href":"https:\/\/aconteceunovale.com.br\/portal\/index.php?rest_route=\/wp\/v2\/posts"}],"about":[{"href":"https:\/\/aconteceunovale.com.br\/portal\/index.php?rest_route=\/wp\/v2\/types\/post"}],"author":[{"embeddable":true,"href":"https:\/\/aconteceunovale.com.br\/portal\/index.php?rest_route=\/wp\/v2\/users\/4"}],"replies":[{"embeddable":true,"href":"https:\/\/aconteceunovale.com.br\/portal\/index.php?rest_route=%2Fwp%2Fv2%2Fcomments&post=185735"}],"version-history":[{"count":1,"href":"https:\/\/aconteceunovale.com.br\/portal\/index.php?rest_route=\/wp\/v2\/posts\/185735\/revisions"}],"predecessor-version":[{"id":185737,"href":"https:\/\/aconteceunovale.com.br\/portal\/index.php?rest_route=\/wp\/v2\/posts\/185735\/revisions\/185737"}],"wp:featuredmedia":[{"embeddable":true,"href":"https:\/\/aconteceunovale.com.br\/portal\/index.php?rest_route=\/wp\/v2\/media\/185736"}],"wp:attachment":[{"href":"https:\/\/aconteceunovale.com.br\/portal\/index.php?rest_route=%2Fwp%2Fv2%2Fmedia&parent=185735"}],"wp:term":[{"taxonomy":"category","embeddable":true,"href":"https:\/\/aconteceunovale.com.br\/portal\/index.php?rest_route=%2Fwp%2Fv2%2Fcategories&post=185735"},{"taxonomy":"post_tag","embeddable":true,"href":"https:\/\/aconteceunovale.com.br\/portal\/index.php?rest_route=%2Fwp%2Fv2%2Ftags&post=185735"}],"curies":[{"name":"wp","href":"https:\/\/api.w.org\/{rel}","templated":true}]}}