{"id":185730,"date":"2022-01-12T12:00:34","date_gmt":"2022-01-12T15:00:34","guid":{"rendered":"https:\/\/aconteceunovale.com.br\/portal\/?p=185730"},"modified":"2022-01-12T12:01:27","modified_gmt":"2022-01-12T15:01:27","slug":"defesa-civil-de-minas-gerais-alerta-sobre-os-cuidados-durante-o-periodo-chuvoso","status":"publish","type":"post","link":"https:\/\/aconteceunovale.com.br\/portal\/?p=185730","title":{"rendered":"Defesa Civil de Minas Gerais alerta sobre os cuidados durante o per\u00edodo chuvoso"},"content":{"rendered":"\n<p>Durante o per\u00edodo de chuva, a popula\u00e7\u00e3o deve ficar atenta a uma s\u00e9rie de orienta\u00e7\u00f5es e a\u00e7\u00f5es preventivas para evitar situa\u00e7\u00f5es de risco. Os alertas enviados pela\u00a0<a rel=\"noreferrer noopener\" href=\"http:\/\/www.defesacivil.mg.gov.br\/\" target=\"_blank\">Coordenadoria Estadual de Defesa Civil (Cedec)<\/a>\u00a0\u00e9 um dos servi\u00e7os que os mineiros podem contar.<\/p>\n\n\n\n<figure class=\"wp-block-gallery columns-1 is-cropped wp-block-gallery-1 is-layout-flex wp-block-gallery-is-layout-flex\"><ul class=\"blocks-gallery-grid\"><li class=\"blocks-gallery-item\"><figure><img loading=\"lazy\" decoding=\"async\" width=\"678\" height=\"381\" src=\"https:\/\/aconteceunovale.com.br\/portal\/wp-content\/uploads\/2022\/01\/alagamento.jpg\" alt=\"\" data-id=\"185731\" data-full-url=\"https:\/\/aconteceunovale.com.br\/portal\/wp-content\/uploads\/2022\/01\/alagamento.jpg\" data-link=\"https:\/\/aconteceunovale.com.br\/portal\/?attachment_id=185731\" class=\"wp-image-185731\" srcset=\"https:\/\/aconteceunovale.com.br\/portal\/wp-content\/uploads\/2022\/01\/alagamento.jpg 678w, https:\/\/aconteceunovale.com.br\/portal\/wp-content\/uploads\/2022\/01\/alagamento-300x169.jpg 300w\" sizes=\"auto, (max-width: 678px) 100vw, 678px\" \/><figcaption class=\"blocks-gallery-item__caption\"><em>Foto: CBMMG \/ Divulga\u00e7\u00e3o<\/em><\/figcaption><\/figure><\/li><\/ul><\/figure>\n\n\n\n<p>A Defesa Civil de Minas Gerais, em parceria com o\u00a0Instituto Mineiro de Gest\u00e3o das \u00c1guas (Igam)\u00a0e apoio da\u00a0Cemig, envia, diariamente, mensagens de SMS com alertas meteorol\u00f3gicos.<\/p>\n\n\n\n<p>Para se cadastrar e receber os alertas basta enviar uma mensagem de texto (SMS), informando o CEP da resid\u00eancia ou local desejado, para o n\u00famero 40199.<\/p>\n\n\n\n<p>O coordenador Estadual de Defesa Civil, coronel Osvaldo de Souza Marques, explicou que o alerta \u00e9 uma importante ferramenta para o per\u00edodo, pois auxilia a popula\u00e7\u00e3o que est\u00e1 localizada em \u00e1reas consideradas de risco geol\u00f3gico para deslizamento ou para inunda\u00e7\u00f5es que adote um comportamento de autoprote\u00e7\u00e3o.<\/p>\n\n\n\n<p>\u201cEstamos emitindo alertas para que a popula\u00e7\u00e3o ribeirinha e pessoas que moram em \u00e1reas de risco saiam das suas casas, v\u00e3o para casa de parentes ou locais seguros. Dessa forma, conseguimos evitar que pessoas sejam afetadas, minimizando poss\u00edveis danos e trag\u00e9dias. \u00c9 uma situa\u00e7\u00e3o muito dif\u00edcil, mas o momento \u00e9 de salvar vidas\u201d, afirmou.<\/p>\n\n\n\n<h2 class=\"wp-block-heading\"><strong>Rodovias<\/strong><\/h2>\n\n\n\n<p>Outra importante orienta\u00e7\u00e3o \u00e9 com rela\u00e7\u00e3o \u00e0s pessoas que pretendem viajar. A\u00a0Pol\u00edcia Militar Rodovi\u00e1ria\u00a0aconselha que pegue estrada apenas as pessoas com extrema necessidade.<\/p>\n\n\n\n<p>De acordo com a \u00faltima atualiza\u00e7\u00e3o das For\u00e7as de Seguran\u00e7a, em Minas j\u00e1 s\u00e3o mais de 100 pontos de interdi\u00e7\u00e3o nas rodovias estaduais e federais. Dessa forma, \u00e9 preciso que o condutor fa\u00e7a um planejamento detalhado antes de sair de casa.<\/p>\n\n\n\n<h2 class=\"wp-block-heading\"><strong>Energia<\/strong><\/h2>\n\n\n\n<p>Durante as tempestades com raios, a popula\u00e7\u00e3o deve procurar abrigo imediatamente. Em \u00e1reas rurais \u00e9 ideal que as pessoas busquem um local que n\u00e3o seja embaixo de \u00e1rvores ou postes. Devido \u00e0 altura elevada, eles&nbsp;podem atrair descargas atmosf\u00e9ricas e, como consequ\u00eancia, eletrocutar quem esteja pr\u00f3ximo.<\/p>\n\n\n\n<p>Al\u00e9m disso, todos os equipamentos el\u00e9tricos devem ser retirados das tomadas para evitar risco de se queimarem. Essa atitude preventiva tamb\u00e9m contribui para a seguran\u00e7a das pessoas.<\/p>\n\n\n\n<p>O telefone celular s\u00f3 deve ser utilizado caso o carregador de bateria do aparelho n\u00e3o esteja plugado na tomada. Essa recomenda\u00e7\u00e3o vale para qualquer situa\u00e7\u00e3o, independentemente se forem dias de chuva ou de sol.<\/p>\n\n\n\n<p>Uma das principais ocorr\u00eancias durante tempestades intensas \u00e9 o fio partido, principalmente quando h\u00e1 quedas de \u00e1rvores sobre a rede el\u00e9trica. Caso as pessoas se deparem com um fio partido, elas n\u00e3o podem se aproximar ou tocar no cabeamento e, se poss\u00edvel, n\u00e3o devem permitir que outras pessoas se aproximem.<\/p>\n\n\n\n<p>&#8212;&#8212;&#8212;&#8212;&#8212;&#8212;<br><em>Quer receber as not\u00edcias do <strong>Aconteceu no Vale<\/strong> em primeira m\u00e3o? Siga-nos no Facebook <a rel=\"noreferrer noopener\" href=\"http:\/\/facebook.com\/aconteceunovale\" target=\"_blank\">@aconteceunovale<\/a>, Twitter <a rel=\"noreferrer noopener\" href=\"https:\/\/twitter.com\/noticiadosvales\" target=\"_blank\">@noticiadosvales<\/a> e Instagram <a rel=\"noreferrer noopener\" href=\"https:\/\/www.instagram.com\/aconteceunovale\" target=\"_blank\">@aconteceunovale<\/a>.<\/em><\/p>\n","protected":false},"excerpt":{"rendered":"<p>Durante o per\u00edodo de chuva, a popula\u00e7\u00e3o deve ficar atenta a uma s\u00e9rie de orienta\u00e7\u00f5es e a\u00e7\u00f5es preventivas para evitar situa\u00e7\u00f5es de risco. Os alertas enviados pela\u00a0Coordenadoria Estadual de Defesa Civil (Cedec)\u00a0\u00e9 um dos servi\u00e7os que os mineiros podem contar. A Defesa Civil de Minas Gerais, em parceria com o\u00a0Instituto Mineiro de Gest\u00e3o das \u00c1guas [&hellip;]<\/p>\n","protected":false},"author":4,"featured_media":185731,"comment_status":"open","ping_status":"closed","sticky":false,"template":"","format":"standard","meta":{"amp_status":"","footnotes":""},"categories":[123],"tags":[257207,257208,257209,209101,347,2619,68280,36840,131,257210],"class_list":["post-185730","post","type-post","status-publish","format-standard","has-post-thumbnail","hentry","category-gerais","tag-alerta-da-defesa-civil-de-minas-gerais","tag-alerta-sobre-periodo-chuvoso","tag-alerta-sobre-periodo-de-chuvas","tag-cedec-minas-gerais","tag-cemig","tag-chuvas-em-minas-gerais","tag-defesa-civil-de-minas-gerais","tag-igam","tag-minas-gerais","tag-sms-da-defesa-civil"],"_links":{"self":[{"href":"https:\/\/aconteceunovale.com.br\/portal\/index.php?rest_route=\/wp\/v2\/posts\/185730","targetHints":{"allow":["GET"]}}],"collection":[{"href":"https:\/\/aconteceunovale.com.br\/portal\/index.php?rest_route=\/wp\/v2\/posts"}],"about":[{"href":"https:\/\/aconteceunovale.com.br\/portal\/index.php?rest_route=\/wp\/v2\/types\/post"}],"author":[{"embeddable":true,"href":"https:\/\/aconteceunovale.com.br\/portal\/index.php?rest_route=\/wp\/v2\/users\/4"}],"replies":[{"embeddable":true,"href":"https:\/\/aconteceunovale.com.br\/portal\/index.php?rest_route=%2Fwp%2Fv2%2Fcomments&post=185730"}],"version-history":[{"count":1,"href":"https:\/\/aconteceunovale.com.br\/portal\/index.php?rest_route=\/wp\/v2\/posts\/185730\/revisions"}],"predecessor-version":[{"id":185732,"href":"https:\/\/aconteceunovale.com.br\/portal\/index.php?rest_route=\/wp\/v2\/posts\/185730\/revisions\/185732"}],"wp:featuredmedia":[{"embeddable":true,"href":"https:\/\/aconteceunovale.com.br\/portal\/index.php?rest_route=\/wp\/v2\/media\/185731"}],"wp:attachment":[{"href":"https:\/\/aconteceunovale.com.br\/portal\/index.php?rest_route=%2Fwp%2Fv2%2Fmedia&parent=185730"}],"wp:term":[{"taxonomy":"category","embeddable":true,"href":"https:\/\/aconteceunovale.com.br\/portal\/index.php?rest_route=%2Fwp%2Fv2%2Fcategories&post=185730"},{"taxonomy":"post_tag","embeddable":true,"href":"https:\/\/aconteceunovale.com.br\/portal\/index.php?rest_route=%2Fwp%2Fv2%2Ftags&post=185730"}],"curies":[{"name":"wp","href":"https:\/\/api.w.org\/{rel}","templated":true}]}}