{"id":185727,"date":"2022-01-12T11:56:28","date_gmt":"2022-01-12T14:56:28","guid":{"rendered":"https:\/\/aconteceunovale.com.br\/portal\/?p=185727"},"modified":"2022-01-12T11:57:14","modified_gmt":"2022-01-12T14:57:14","slug":"educacao-prorroga-periodo-de-matriculas-na-rede-estadual","status":"publish","type":"post","link":"https:\/\/aconteceunovale.com.br\/portal\/?p=185727","title":{"rendered":"Educa\u00e7\u00e3o prorroga per\u00edodo de matr\u00edculas na rede estadual"},"content":{"rendered":"\n<p>Em raz\u00e3o dos transtornos provocados pelas fortes chuvas em v\u00e1rias regi\u00f5es de Minas Gerais nas \u00faltimas semanas, o que provocou situa\u00e7\u00e3o de emerg\u00eancia em v\u00e1rios munic\u00edpios, a\u00a0<a href=\"https:\/\/www2.educacao.mg.gov.br\/\" target=\"_blank\" rel=\"noreferrer noopener\">Secretaria de Estado de Educa\u00e7\u00e3o de Minas Gerais (SEE\/MG)<\/a>\u00a0ir\u00e1 prorrogar o per\u00edodo de matr\u00edculas dos estudantes que se cadastraram para uma vaga na rede p\u00fablica de ensino em 2022 para at\u00e9 21\/1, e n\u00e3o 14\/1. Ou seja, pais e\/ou respons\u00e1veis ou jovens maiores de 18 anos ganharam mais uma semana para comparecer \u00e0 escola para a qual o estudante foi encaminhado e efetivar a matr\u00edcula. As altera\u00e7\u00f5es no cronograma est\u00e3o na Resolu\u00e7\u00e3o SEE N\u00ba 4.695, publicada no Di\u00e1rio Oficial de Minas Gerais desta quarta-feira (12\/1).<\/p>\n\n\n\n<p>Os inscritos no Sistema \u00danico de Cadastro e Encaminhamento para Matr\u00edcula (Sucem) podem consultar a escola para qual o estudante foi encaminhado acessando o site\u00a0<a href=\"https:\/\/cadastroescolar.educacao.mg.gov.br\/\" target=\"_blank\" rel=\"noreferrer noopener\">cadastroescolar.educacao.mg.gov.br<\/a>.<\/p>\n\n\n\n<p>A distribui\u00e7\u00e3o dos alunos inscritos no Sucem foi realizada de acordo com a disponibilidade de vagas por turno, o espa\u00e7o f\u00edsico de cada escola, o tipo de atendimento prestado e o n\u00edvel de ensino disponibilizado, sempre respeitando os crit\u00e9rios de aloca\u00e7\u00e3o e desempate na seguinte ordem de prioridade: I &#8211; aluno com defici\u00eancia; II &#8211; zoneamento; III &#8211; zona; IV &#8211; aluno com irm\u00e3os que frequentam a escola pretendida, respeitando-se o zoneamento; V &#8211; aluno j\u00e1 integrante da rede p\u00fablica de ensino e VI &#8211; aluno com menor idade.<\/p>\n\n\n\n<h2 class=\"wp-block-heading\"><strong>Documenta\u00e7\u00e3o<\/strong><\/h2>\n\n\n\n<p>Para a efetiva\u00e7\u00e3o da matr\u00edcula, os pais\/respons\u00e1veis ou o pr\u00f3prio aluno, quando maior de idade, dever\u00e3o apresentar a seguinte documenta\u00e7\u00e3o:<\/p>\n\n\n\n<p>&#8211; Documento de Identidade ou, na sua aus\u00eancia, Certid\u00e3o de Nascimento\/Casamento do aluno, original e c\u00f3pia;<\/p>\n\n\n\n<p>&#8211; CPF do aluno, original e c\u00f3pia, sendo obrigat\u00f3ria a apresenta\u00e7\u00e3o se for maior de idade e facultativa se menor de idade;<\/p>\n\n\n\n<p>&#8211; Comprovante de resid\u00eancia, original e c\u00f3pia, no nome de um dos pais\/respons\u00e1veis ou do aluno, quando maior de idade;<\/p>\n\n\n\n<p>&#8211; Hist\u00f3rico Escolar ou Declara\u00e7\u00e3o de Transfer\u00eancia, com indica\u00e7\u00e3o do ano de escolaridade que o aluno est\u00e1 habilitado a cursar em 2022, ficando o documento original na escola;<\/p>\n\n\n\n<p>&#8211; Hist\u00f3rico Escolar ou Declara\u00e7\u00e3o de Conclus\u00e3o do Ensino M\u00e9dio ou Parecer da Secretaria de Estado de Educa\u00e7\u00e3o e publica\u00e7\u00e3o de Equival\u00eancia de Estudos, conclu\u00eddos no exterior, ao ensino m\u00e9dio brasileiro, para o candidato\/aluno que for ingressar no curso t\u00e9cnico na forma subsequente; ou<\/p>\n\n\n\n<p>&#8211; Hist\u00f3rico Escolar ou Declara\u00e7\u00e3o de Escolaridade, comprovando matr\u00edcula no ensino m\u00e9dio, para o aluno que for ingressar no curso t\u00e9cnico na forma concomitante.<\/p>\n\n\n\n<p>Para o aluno menor de idade \u00e9 necess\u00e1ria, ainda, a apresenta\u00e7\u00e3o de documento de identidade e do CPF, originais e c\u00f3pias, de um dos pais\/respons\u00e1veis.<\/p>\n\n\n\n<h2 class=\"wp-block-heading\"><strong>Vagas remanescentes<\/strong><\/h2>\n\n\n\n<p>Com a prorroga\u00e7\u00e3o do per\u00edodo de matr\u00edcula, o prazo para inscri\u00e7\u00e3o nas vagas remanescentes tamb\u00e9m ser\u00e1 alterado. Agora, o candidato que n\u00e3o fez o cadastro no Sucem dentro do prazo estabelecido dever\u00e1 aguardar o per\u00edodo de vagas remanescentes, previsto para o per\u00edodo de 1 a 23\/2.<\/p>\n\n\n\n<p>&#8212;&#8212;&#8212;&#8212;&#8212;&#8212;<br><em>Quer receber as not\u00edcias do <strong>Aconteceu no Vale<\/strong> em primeira m\u00e3o? Siga-nos no Facebook <a rel=\"noreferrer noopener\" href=\"http:\/\/facebook.com\/aconteceunovale\" target=\"_blank\">@aconteceunovale<\/a>, Twitter <a rel=\"noreferrer noopener\" href=\"https:\/\/twitter.com\/noticiadosvales\" target=\"_blank\">@noticiadosvales<\/a> e Instagram <a rel=\"noreferrer noopener\" href=\"https:\/\/www.instagram.com\/aconteceunovale\" target=\"_blank\">@aconteceunovale<\/a>.<\/em><\/p>\n","protected":false},"excerpt":{"rendered":"<p>Em raz\u00e3o dos transtornos provocados pelas fortes chuvas em v\u00e1rias regi\u00f5es de Minas Gerais nas \u00faltimas semanas, o que provocou situa\u00e7\u00e3o de emerg\u00eancia em v\u00e1rios munic\u00edpios, a\u00a0Secretaria de Estado de Educa\u00e7\u00e3o de Minas Gerais (SEE\/MG)\u00a0ir\u00e1 prorrogar o per\u00edodo de matr\u00edculas dos estudantes que se cadastraram para uma vaga na rede p\u00fablica de ensino em 2022 [&hellip;]<\/p>\n","protected":false},"author":4,"featured_media":185728,"comment_status":"open","ping_status":"closed","sticky":false,"template":"","format":"standard","meta":{"amp_status":"","footnotes":""},"categories":[40238,123],"tags":[255397,230795,230794,1018,257206,230797,255398,256859,256860,255399,255400,255402,255655,255401,230796],"class_list":["post-185727","post","type-post","status-publish","format-standard","has-post-thumbnail","hentry","category-educacao-2","category-gerais","tag-cadastro-escolar-2022","tag-cadastro-escolas-estaduais","tag-cadastro-escolas-municipais","tag-destaque","tag-educacao-prorroga-periodo-de-matriculas-na-rede-estadual","tag-informacoes-sobre-cadastro-escolar","tag-iniciado-o-cadastro-escolar-para-2022-na-rede-publica","tag-matricula-escolar-em-minas-gerais","tag-matricula-escolar-na-rede-estadual","tag-prazo-do-cadastro-escolar-para-2022","tag-prazo-para-cadastro-escolar-de-2022-termina-nesta-sexta-feira","tag-prazo-para-fazer-cadastro-escolar-2022-em-minas-gerais-termina-na-proxima-sexta","tag-prazo-para-fazer-cadastro-escolar-de-2022-em-minas-gerais-termina-hoje","tag-prorrogado-prazo-do-cadastro-escolar-para-2022","tag-site-para-cadastro-escolar"],"_links":{"self":[{"href":"https:\/\/aconteceunovale.com.br\/portal\/index.php?rest_route=\/wp\/v2\/posts\/185727","targetHints":{"allow":["GET"]}}],"collection":[{"href":"https:\/\/aconteceunovale.com.br\/portal\/index.php?rest_route=\/wp\/v2\/posts"}],"about":[{"href":"https:\/\/aconteceunovale.com.br\/portal\/index.php?rest_route=\/wp\/v2\/types\/post"}],"author":[{"embeddable":true,"href":"https:\/\/aconteceunovale.com.br\/portal\/index.php?rest_route=\/wp\/v2\/users\/4"}],"replies":[{"embeddable":true,"href":"https:\/\/aconteceunovale.com.br\/portal\/index.php?rest_route=%2Fwp%2Fv2%2Fcomments&post=185727"}],"version-history":[{"count":1,"href":"https:\/\/aconteceunovale.com.br\/portal\/index.php?rest_route=\/wp\/v2\/posts\/185727\/revisions"}],"predecessor-version":[{"id":185729,"href":"https:\/\/aconteceunovale.com.br\/portal\/index.php?rest_route=\/wp\/v2\/posts\/185727\/revisions\/185729"}],"wp:featuredmedia":[{"embeddable":true,"href":"https:\/\/aconteceunovale.com.br\/portal\/index.php?rest_route=\/wp\/v2\/media\/185728"}],"wp:attachment":[{"href":"https:\/\/aconteceunovale.com.br\/portal\/index.php?rest_route=%2Fwp%2Fv2%2Fmedia&parent=185727"}],"wp:term":[{"taxonomy":"category","embeddable":true,"href":"https:\/\/aconteceunovale.com.br\/portal\/index.php?rest_route=%2Fwp%2Fv2%2Fcategories&post=185727"},{"taxonomy":"post_tag","embeddable":true,"href":"https:\/\/aconteceunovale.com.br\/portal\/index.php?rest_route=%2Fwp%2Fv2%2Ftags&post=185727"}],"curies":[{"name":"wp","href":"https:\/\/api.w.org\/{rel}","templated":true}]}}