{"id":185725,"date":"2022-01-12T11:46:31","date_gmt":"2022-01-12T14:46:31","guid":{"rendered":"https:\/\/aconteceunovale.com.br\/portal\/?p=185725"},"modified":"2022-01-12T11:47:19","modified_gmt":"2022-01-12T14:47:19","slug":"suspeito-de-estuprar-quatro-pessoas-da-mesma-familia-e-preso-no-norte-de-minas","status":"publish","type":"post","link":"https:\/\/aconteceunovale.com.br\/portal\/?p=185725","title":{"rendered":"Suspeito de estuprar quatro pessoas da mesma fam\u00edlia \u00e9 preso no Norte de Minas"},"content":{"rendered":"\n<p>Um homem de 38 anos foi preso em V\u00e1rzea da Palma, na regi\u00e3o Norte de Minas Gerais, nessa ter\u00e7a-feira (11\/1\/2022). Ele estava foragido da Justi\u00e7a desde dezembro de 2020.<\/p>\n\n\n\n<figure class=\"wp-block-gallery columns-1 is-cropped wp-block-gallery-1 is-layout-flex wp-block-gallery-is-layout-flex\"><ul class=\"blocks-gallery-grid\"><li class=\"blocks-gallery-item\"><figure><img loading=\"lazy\" decoding=\"async\" width=\"678\" height=\"447\" src=\"https:\/\/aconteceunovale.com.br\/portal\/wp-content\/uploads\/2021\/10\/pcmg_varzea-da-palma.jpg\" alt=\"\" data-id=\"183284\" data-full-url=\"https:\/\/aconteceunovale.com.br\/portal\/wp-content\/uploads\/2021\/10\/pcmg_varzea-da-palma.jpg\" data-link=\"https:\/\/aconteceunovale.com.br\/portal\/?attachment_id=183284\" class=\"wp-image-183284\" srcset=\"https:\/\/aconteceunovale.com.br\/portal\/wp-content\/uploads\/2021\/10\/pcmg_varzea-da-palma.jpg 678w, https:\/\/aconteceunovale.com.br\/portal\/wp-content\/uploads\/2021\/10\/pcmg_varzea-da-palma-300x198.jpg 300w, https:\/\/aconteceunovale.com.br\/portal\/wp-content\/uploads\/2021\/10\/pcmg_varzea-da-palma-637x420.jpg 637w\" sizes=\"auto, (max-width: 678px) 100vw, 678px\" \/><figcaption class=\"blocks-gallery-item__caption\"><em>Foto: Divulga\u00e7\u00e3o \/ PCMG<\/em><\/figcaption><\/figure><\/li><\/ul><\/figure>\n\n\n\n<p>O preso \u00e9 investigado pelos crimes de estupro e estupro de vulner\u00e1vel, cometidos contra quatro pessoas de uma mesma fam\u00edlia. Uma das v\u00edtimas ainda foi esfaqueada e teve a casa incendiada pelo suspeito.<\/p>\n\n\n\n<p>Diante disso, a Pol\u00edcia Civil representou pela pris\u00e3o preventiva do homem, concedida pela Justi\u00e7a, mas ele j\u00e1 havia fugido. Ap\u00f3s intenso trabalho, os policiais conseguiram localizar o investigado.<\/p>\n\n\n\n<h2 class=\"wp-block-heading\"><strong>Crimes<\/strong><\/h2>\n\n\n\n<p>Ap\u00f3s ser denunciado pelas quatro v\u00edtimas, o suspeito teria invadido a casa de uma delas e a atingido com golpes de faca. Em seguida, o homem ainda ateou fogo no im\u00f3vel, que ficou completamente destru\u00eddo. Na ocasi\u00e3o, ele tamb\u00e9m teria agredido a ex-companheira com uma faca, uma vez que todas as denunciantes dos crimes de estupro pertenciam a fam\u00edlia dela.<\/p>\n\n\n\n<p>De acordo com as investiga\u00e7\u00f5es, uma das v\u00edtimas teria sido estuprada pelo homem durante nove anos, sendo amea\u00e7ada de morte caso denunciasse o crime. Depois que essa v\u00edtima relatou os abusos \u00e0 Pol\u00edcia Civil, as outras tr\u00eas foram localizadas e ouvidas, revelando tamb\u00e9m terem sofrido os estupros e amea\u00e7as de morte por parte do suspeito.<\/p>\n\n\n\n<p>&#8212;&#8212;&#8212;&#8212;&#8212;&#8212;<br><em>Quer receber as not\u00edcias do <strong>Aconteceu no Vale<\/strong> em primeira m\u00e3o? Siga-nos no Facebook <a rel=\"noreferrer noopener\" href=\"http:\/\/facebook.com\/aconteceunovale\" target=\"_blank\">@aconteceunovale<\/a>, Twitter <a rel=\"noreferrer noopener\" href=\"https:\/\/twitter.com\/noticiadosvales\" target=\"_blank\">@noticiadosvales<\/a> e Instagram <a rel=\"noreferrer noopener\" href=\"https:\/\/www.instagram.com\/aconteceunovale\" target=\"_blank\">@aconteceunovale<\/a>.<\/em><\/p>\n","protected":false},"excerpt":{"rendered":"<p>Um homem de 38 anos foi preso em V\u00e1rzea da Palma, na regi\u00e3o Norte de Minas Gerais, nessa ter\u00e7a-feira (11\/1\/2022). Ele estava foragido da Justi\u00e7a desde dezembro de 2020. O preso \u00e9 investigado pelos crimes de estupro e estupro de vulner\u00e1vel, cometidos contra quatro pessoas de uma mesma fam\u00edlia. Uma das v\u00edtimas ainda foi esfaqueada [&hellip;]<\/p>\n","protected":false},"author":4,"featured_media":183284,"comment_status":"open","ping_status":"closed","sticky":false,"template":"","format":"standard","meta":{"amp_status":"","footnotes":""},"categories":[1236],"tags":[221037,257205,229309,227804,72855,237147,257204,257203],"class_list":["post-185725","post","type-post","status-publish","format-standard","has-post-thumbnail","hentry","category-norte_de_minas","tag-delegacia-de-varzea-da-palma","tag-estuprador-preso-em-varzea-da-palma","tag-pcmg-em-varzea-da-palma","tag-policia-civil-de-varzea-da-palma","tag-preso-em-varzea-da-palma","tag-prisao-de-estuprador-em-varzea-da-palma","tag-suspeito-de-estuprar-quatro-pessoas-da-mesma-familia-e-preso-em-varzea-da-palma","tag-suspeito-de-estuprar-quatro-pessoas-da-mesma-familia-e-preso-no-norte-de-minas"],"_links":{"self":[{"href":"https:\/\/aconteceunovale.com.br\/portal\/index.php?rest_route=\/wp\/v2\/posts\/185725","targetHints":{"allow":["GET"]}}],"collection":[{"href":"https:\/\/aconteceunovale.com.br\/portal\/index.php?rest_route=\/wp\/v2\/posts"}],"about":[{"href":"https:\/\/aconteceunovale.com.br\/portal\/index.php?rest_route=\/wp\/v2\/types\/post"}],"author":[{"embeddable":true,"href":"https:\/\/aconteceunovale.com.br\/portal\/index.php?rest_route=\/wp\/v2\/users\/4"}],"replies":[{"embeddable":true,"href":"https:\/\/aconteceunovale.com.br\/portal\/index.php?rest_route=%2Fwp%2Fv2%2Fcomments&post=185725"}],"version-history":[{"count":1,"href":"https:\/\/aconteceunovale.com.br\/portal\/index.php?rest_route=\/wp\/v2\/posts\/185725\/revisions"}],"predecessor-version":[{"id":185726,"href":"https:\/\/aconteceunovale.com.br\/portal\/index.php?rest_route=\/wp\/v2\/posts\/185725\/revisions\/185726"}],"wp:featuredmedia":[{"embeddable":true,"href":"https:\/\/aconteceunovale.com.br\/portal\/index.php?rest_route=\/wp\/v2\/media\/183284"}],"wp:attachment":[{"href":"https:\/\/aconteceunovale.com.br\/portal\/index.php?rest_route=%2Fwp%2Fv2%2Fmedia&parent=185725"}],"wp:term":[{"taxonomy":"category","embeddable":true,"href":"https:\/\/aconteceunovale.com.br\/portal\/index.php?rest_route=%2Fwp%2Fv2%2Fcategories&post=185725"},{"taxonomy":"post_tag","embeddable":true,"href":"https:\/\/aconteceunovale.com.br\/portal\/index.php?rest_route=%2Fwp%2Fv2%2Ftags&post=185725"}],"curies":[{"name":"wp","href":"https:\/\/api.w.org\/{rel}","templated":true}]}}