{"id":185721,"date":"2022-01-11T23:40:02","date_gmt":"2022-01-12T02:40:02","guid":{"rendered":"https:\/\/aconteceunovale.com.br\/portal\/?p=185721"},"modified":"2022-01-11T23:40:34","modified_gmt":"2022-01-12T02:40:34","slug":"ministerio-publico-abre-inquerito-para-investigar-tragedia-em-capitolio","status":"publish","type":"post","link":"https:\/\/aconteceunovale.com.br\/portal\/?p=185721","title":{"rendered":"Minist\u00e9rio P\u00fablico abre inqu\u00e9rito para investigar trag\u00e9dia em Capit\u00f3lio"},"content":{"rendered":"\n<p>O Minist\u00e9rio P\u00fablico de Minas Gerais (MPMG) anunciou hoje (11\/1\/2022) a abertura de um inqu\u00e9rito civil para apurar a conduta do munic\u00edpio de\u00a0Capit\u00f3lio na trag\u00e9dia que levou 10 pessoas \u00e0 morte. O epis\u00f3dio ocorreu no \u00faltimo s\u00e1bado (8) ap\u00f3s o deslizamento de uma rocha do c\u00e2nion do Lago de Furnas, uma das principais atra\u00e7\u00f5es tur\u00edsticas da regi\u00e3o.<\/p>\n\n\n\n<figure class=\"wp-block-gallery columns-1 is-cropped wp-block-gallery-1 is-layout-flex wp-block-gallery-is-layout-flex\"><ul class=\"blocks-gallery-grid\"><li class=\"blocks-gallery-item\"><figure><img loading=\"lazy\" decoding=\"async\" width=\"678\" height=\"406\" src=\"https:\/\/aconteceunovale.com.br\/portal\/wp-content\/uploads\/2022\/01\/acidente_capitolio_2.jpg\" alt=\"\" data-id=\"185559\" data-full-url=\"https:\/\/aconteceunovale.com.br\/portal\/wp-content\/uploads\/2022\/01\/acidente_capitolio_2.jpg\" data-link=\"https:\/\/aconteceunovale.com.br\/portal\/?attachment_id=185559\" class=\"wp-image-185559\" srcset=\"https:\/\/aconteceunovale.com.br\/portal\/wp-content\/uploads\/2022\/01\/acidente_capitolio_2.jpg 678w, https:\/\/aconteceunovale.com.br\/portal\/wp-content\/uploads\/2022\/01\/acidente_capitolio_2-300x180.jpg 300w\" sizes=\"auto, (max-width: 678px) 100vw, 678px\" \/><figcaption class=\"blocks-gallery-item__caption\"><em>Foto: Divulga\u00e7\u00e3o \/ CBMMG<\/em><\/figcaption><\/figure><\/li><\/ul><\/figure>\n\n\n\n<p>O bloco de pedra despencou por volta de 12h30 no local onde estavam lanchas que transportavam dezenas de turistas. Logo depois do ocorrido, imagens gravadas por quem estava em embarca\u00e7\u00f5es menos afetadas se disseminaram pelas redes sociais.<\/p>\n\n\n\n<p>De acordo com o MPMG, ser\u00e1 apurado se a prefeitura cumpriu obriga\u00e7\u00f5es de identifica\u00e7\u00e3o, mapeamento e fiscaliza\u00e7\u00e3o das \u00e1reas de risco. Os promotores tamb\u00e9m querem saber se a popula\u00e7\u00e3o estava suficientemente informada sobre os riscos dessas \u00e1reas. Ser\u00e1 o terceiro inqu\u00e9rito aberto. Outra investiga\u00e7\u00e3o j\u00e1 est\u00e1 em andamento pela Marinha, respons\u00e1vel por fiscalizar a navega\u00e7\u00e3o e estabelecer o ordenamento da orla nos cursos d \u0301\u00e1gua. Responsabilidades ser\u00e3o apuradas ainda pela Pol\u00edcia Civil, que pretende recorrer ao aux\u00edlio de peritos em geologia.<\/p>\n\n\n\n<p>Segundo o Corpo de Bombeiros de Minas Gerais, todos os mortos estavam em uma \u00fanica lancha, embora mais uma tenha afundado e outras duas tamb\u00e9m tenham sido fortemente atingidas pelo impacto da rocha no lago. V\u00eddeos que se disseminaram pela internet mostraram o ponto de vista de outras embarca\u00e7\u00f5es que, mesmo um pouco mais distantes, foram afetadas pela enxurrada de \u00e1gua que se formou, mas conseguiram deixar o local. Al\u00e9m dos mortos, pelo menos 24 v\u00edtimas precisaram de socorro em unidades de sa\u00fade, algumas com fraturas e escoria\u00e7\u00f5es.<\/p>\n\n\n\n<p>Assim como em boa parte do estado de Minas Gerais, um alto volume de chuvas vem sendo registrado nas \u00faltimas semanas em Capit\u00f3lio, localizado a cerca de 290 quil\u00f4metros de Belo Horizonte. Cerca de duas horas antes da trag\u00e9dia, a Defesa Civil de Minas Gerais chegou a emitir um alerta de cabe\u00e7a d&#8217;\u00e1gua (forte enxurrada em rios provocada por chuvas) para a regi\u00e3o. Os passeios tur\u00edsticos, no entanto, foram mantidos.<\/p>\n\n\n\n<p>O prefeito da cidade Paulo S\u00e9rgio de Oliveira diz que o desprendimento de um bloco de grande porte \u00e9 um\u00a0acontecimento in\u00e9dito\u00a0e que uma lei municipal de 2019 disciplina o turismo no c\u00e2nion, proibindo banhos na \u00e1rea de circula\u00e7\u00e3o das lanchas e limitando a 40 o n\u00famero de embarca\u00e7\u00f5es que podem permanecer por at\u00e9 30 minutos na \u00e1rea. Ontem, uma reuni\u00e3o entre as prefeituras de Capit\u00f3lio e da vizinha S\u00e3o Jos\u00e9 da Barra foi realizada para discutir medidas voltadas para refor\u00e7ar a seguran\u00e7a do turismo no Lago de Furnas.<\/p>\n\n\n\n<p>A empresa Furnas Centrais El\u00e9tricas, que \u00e9 controlada pela Eletrobras, divulgou nota lamentando o ocorrido e informando que apenas usa a \u00e1gua do lago para gerar energia el\u00e9trica. \u201cCompete ao poder p\u00fablico a gest\u00e3o dos demais usos m\u00faltiplos do reservat\u00f3rio\u201d, sustenta a empresa, referindo-se ao controle das atividades tur\u00edsticas na regi\u00e3o.<\/p>\n\n\n\n<p>&#8212;&#8212;&#8212;&#8212;&#8212;&#8212;<br><em>Quer receber as not\u00edcias do <strong>Aconteceu no Vale<\/strong> em primeira m\u00e3o? Siga-nos no Facebook <a rel=\"noreferrer noopener\" href=\"http:\/\/facebook.com\/aconteceunovale\" target=\"_blank\">@aconteceunovale<\/a>, Twitter <a rel=\"noreferrer noopener\" href=\"https:\/\/twitter.com\/noticiadosvales\" target=\"_blank\">@noticiadosvales<\/a> e Instagram <a rel=\"noreferrer noopener\" href=\"https:\/\/www.instagram.com\/aconteceunovale\" target=\"_blank\">@aconteceunovale<\/a>.<\/em><\/p>\n","protected":false},"excerpt":{"rendered":"<p>O Minist\u00e9rio P\u00fablico de Minas Gerais (MPMG) anunciou hoje (11\/1\/2022) a abertura de um inqu\u00e9rito civil para apurar a conduta do munic\u00edpio de\u00a0Capit\u00f3lio na trag\u00e9dia que levou 10 pessoas \u00e0 morte. O epis\u00f3dio ocorreu no \u00faltimo s\u00e1bado (8) ap\u00f3s o deslizamento de uma rocha do c\u00e2nion do Lago de Furnas, uma das principais atra\u00e7\u00f5es tur\u00edsticas [&hellip;]<\/p>\n","protected":false},"author":4,"featured_media":185559,"comment_status":"open","ping_status":"closed","sticky":false,"template":"","format":"standard","meta":{"amp_status":"","footnotes":""},"categories":[123],"tags":[257007,257005,257002,257001,257006,957,13982,1495,257032,82138,257048,4607,4890,257076,29660,257050,257056,257003,1018,257080,257078,257043,14315,257047,36997,257053,257045,257046,80304,257052,131,257202,210,257015,257049,257044,257014,257013,257016,257054,257057,213,15949,604,1783,257081,257033,257000,257004,257077,31133,257051,257079,257034,257035,257055],"class_list":["post-185721","post","type-post","status-publish","format-standard","has-post-thumbnail","hentry","category-gerais","tag-acidente-capitolio","tag-acidente-com-lanchas-em-capitolio","tag-acidente-com-rocha-em-capitolio","tag-acidente-em-capitolio","tag-acidente-no-canion-de-capitolio","tag-alfenas","tag-alpinopolis","tag-betim","tag-buscas-em-capitolio","tag-cajamar","tag-camila-silva-machado","tag-campinas","tag-capitolio","tag-carmem-pinheiro-da-silva","tag-cbmmg","tag-de-24-anos","tag-de-onde-sao-as-vitimas-do-acidente-em-capitolio","tag-desabamento-de-rocha-em-capitolio","tag-destaque","tag-geovany-gabriel-oliveira-da-silva","tag-geovany-teixeira-da-silva","tag-identificacao-da-vitimas-do-acidente-em-capitolio","tag-itau-de-minas","tag-julio-borges-antunes","tag-lago-de-furnas","tag-lancha-jesus","tag-lista-com-nomes-das-vitimas-do-acidente-em-capitolio","tag-lista-das-vitimas-do-acidente-em-capitolio","tag-marinha-do-brasil","tag-marlene-augusta-teixeira-da-silva","tag-minas-gerais","tag-ministerio-publico-abre-inquerito-para-investigar-tragedia-em-capitolio","tag-montes-claros","tag-mortos-em-capitolio","tag-mykon-douglas-de-osti","tag-nome-das-vitimas-do-acidente-em-capitolio","tag-numero-de-mortos-em-capitolio","tag-numero-de-mortos-em-desabamento-de-rocha-em-capitolio-sobe-para-cinco","tag-obitos-em-capitolio","tag-ocupantes-da-lancha-jesus","tag-onde-residiam-as-vitimas-do-acidente-de-capitolio","tag-passos","tag-paulinia","tag-pcmg","tag-piumhi","tag-policia-civil-identifica-decima-vitima-do-acidente-em-capitolio","tag-resgate-de-vitimas-em-capitolio","tag-rocha-atinge-barcos-e-causa-morte-em-capitolio","tag-rocha-desaba-em-capitolio","tag-rodrigo-alves-dos-anjos","tag-sao-jose-da-barra","tag-sebastiao-teixeira-da-silva","tag-tiago-teixeira-da-silva-nascimento","tag-trabalho-de-busca-em-capitolio","tag-trabalho-de-resgate-em-capitolio","tag-vitimas-lancha-jesus"],"_links":{"self":[{"href":"https:\/\/aconteceunovale.com.br\/portal\/index.php?rest_route=\/wp\/v2\/posts\/185721","targetHints":{"allow":["GET"]}}],"collection":[{"href":"https:\/\/aconteceunovale.com.br\/portal\/index.php?rest_route=\/wp\/v2\/posts"}],"about":[{"href":"https:\/\/aconteceunovale.com.br\/portal\/index.php?rest_route=\/wp\/v2\/types\/post"}],"author":[{"embeddable":true,"href":"https:\/\/aconteceunovale.com.br\/portal\/index.php?rest_route=\/wp\/v2\/users\/4"}],"replies":[{"embeddable":true,"href":"https:\/\/aconteceunovale.com.br\/portal\/index.php?rest_route=%2Fwp%2Fv2%2Fcomments&post=185721"}],"version-history":[{"count":1,"href":"https:\/\/aconteceunovale.com.br\/portal\/index.php?rest_route=\/wp\/v2\/posts\/185721\/revisions"}],"predecessor-version":[{"id":185722,"href":"https:\/\/aconteceunovale.com.br\/portal\/index.php?rest_route=\/wp\/v2\/posts\/185721\/revisions\/185722"}],"wp:featuredmedia":[{"embeddable":true,"href":"https:\/\/aconteceunovale.com.br\/portal\/index.php?rest_route=\/wp\/v2\/media\/185559"}],"wp:attachment":[{"href":"https:\/\/aconteceunovale.com.br\/portal\/index.php?rest_route=%2Fwp%2Fv2%2Fmedia&parent=185721"}],"wp:term":[{"taxonomy":"category","embeddable":true,"href":"https:\/\/aconteceunovale.com.br\/portal\/index.php?rest_route=%2Fwp%2Fv2%2Fcategories&post=185721"},{"taxonomy":"post_tag","embeddable":true,"href":"https:\/\/aconteceunovale.com.br\/portal\/index.php?rest_route=%2Fwp%2Fv2%2Ftags&post=185721"}],"curies":[{"name":"wp","href":"https:\/\/api.w.org\/{rel}","templated":true}]}}