{"id":185718,"date":"2022-01-11T23:31:43","date_gmt":"2022-01-12T02:31:43","guid":{"rendered":"https:\/\/aconteceunovale.com.br\/portal\/?p=185718"},"modified":"2022-01-11T23:33:05","modified_gmt":"2022-01-12T02:33:05","slug":"floradas-decepcionam-e-perspectivas-da-producao-de-cafe-no-sul-de-minas-gerais-sao-pessimistas","status":"publish","type":"post","link":"https:\/\/aconteceunovale.com.br\/portal\/?p=185718","title":{"rendered":"Floradas decepcionam e perspectivas da produ\u00e7\u00e3o de caf\u00e9 no Sul de Minas Gerais s\u00e3o pessimistas"},"content":{"rendered":"\n<p>Apesar de 2022 ser um ano de bienalidade positiva na cultura do caf\u00e9, o que significa que as plantas ter\u00e3o maior potencial produtivo, as expectativas s\u00e3o pessimistas entre os cafeicultores de Minas Gerais. Para esse cen\u00e1rio, pesaram as condi\u00e7\u00f5es clim\u00e1ticas adversas enfrentadas no ano passado, com per\u00edodos prolongados de seca e muito calor na \u00e9poca das floradas. E isso com cafezais j\u00e1 prejudicados pelas geadas ocorridas no \u00faltimo inverno.<\/p>\n\n\n\n<figure class=\"wp-block-gallery aligncenter columns-1 is-cropped wp-block-gallery-1 is-layout-flex wp-block-gallery-is-layout-flex\"><ul class=\"blocks-gallery-grid\"><li class=\"blocks-gallery-item\"><figure><img loading=\"lazy\" decoding=\"async\" width=\"644\" height=\"450\" src=\"https:\/\/aconteceunovale.com.br\/portal\/wp-content\/uploads\/2022\/01\/florada_cafe.jpg\" alt=\"\" data-id=\"185719\" data-full-url=\"https:\/\/aconteceunovale.com.br\/portal\/wp-content\/uploads\/2022\/01\/florada_cafe.jpg\" data-link=\"https:\/\/aconteceunovale.com.br\/portal\/?attachment_id=185719\" class=\"wp-image-185719\" srcset=\"https:\/\/aconteceunovale.com.br\/portal\/wp-content\/uploads\/2022\/01\/florada_cafe.jpg 644w, https:\/\/aconteceunovale.com.br\/portal\/wp-content\/uploads\/2022\/01\/florada_cafe-300x210.jpg 300w, https:\/\/aconteceunovale.com.br\/portal\/wp-content\/uploads\/2022\/01\/florada_cafe-100x70.jpg 100w, https:\/\/aconteceunovale.com.br\/portal\/wp-content\/uploads\/2022\/01\/florada_cafe-601x420.jpg 601w\" sizes=\"auto, (max-width: 644px) 100vw, 644px\" \/><figcaption class=\"blocks-gallery-item__caption\"><em>Foto: Divulga\u00e7\u00e3o \/ Emater-MG<\/em><\/figcaption><\/figure><\/li><\/ul><\/figure>\n\n\n\n<p>O gerente regional da\u00a0Empresa de Assist\u00eancia T\u00e9cnica e Extens\u00e3o Rural do Estado de Minas Gerais (Emater-MG)\u00a0em Guaxup\u00e9, Willem de Ara\u00fajo, explica que as esperan\u00e7as de uma boa safra neste ano foram contrariadas ainda em dezembro.<\/p>\n\n\n\n<p><em>\u201cInfelizmente, houve um baixo vingamento dos frutos e, em algumas regi\u00f5es, o caf\u00e9 teve uma \u00fanica florada. Isso foi devido a algumas quest\u00f5es clim\u00e1ticas que enfrentamos aqui no Sul de Minas, como a geada, em julho e agosto, e o longo per\u00edodo de estiagem, que em alguns munic\u00edpios foi superior a cem dias. Embora o cafeeiro precise de um pouco de estresse h\u00eddrico, no \u00faltimo ano esse fen\u00f4meno foi muito acima do esperado, o que acarretou esse baixo pegamento\u201d.<\/em><\/p>\n\n\n\n<p>Willem Ara\u00fajo informou ainda que os ramos e as rosetas, onde s\u00e3o inseridos os gr\u00e3os, est\u00e3o com metade do que seria esperado para esse per\u00edodo do ano, o que ter\u00e1 impacto negativo no volume da pr\u00f3xima safra. <em>\u201cPossivelmente, a colheita ficar\u00e1 no m\u00e1ximo no mesmo n\u00edvel de 2021, que era um ano de baixa produ\u00e7\u00e3o, de acordo com a caracter\u00edstica bianual dos cafeeiros\u201d, <\/em>lamentou.<\/p>\n\n\n\n<p>O gerente da Emater-MG aponta ainda, al\u00e9m do clima, outro fator de preocupa\u00e7\u00e3o quanto ao desempenho da cafeicultura no estado de Minas, em 2022. <em>\u201cOs produtores de caf\u00e9 tamb\u00e9m enfrentaram outro problema, em novembro e dezembro, que foi a escassez de fertilizantes. Muitos come\u00e7aram a realizar a primeira aduba\u00e7\u00e3o do ciclo no final de dezembro, e o caf\u00e9 necessita no m\u00ednimo tr\u00eas a quatro aduba\u00e7\u00f5es, durante o per\u00edodo de forma\u00e7\u00e3o dos frutos at\u00e9 a colheita\u201d,<\/em> relata.<\/p>\n\n\n\n<p>Os t\u00e9cnicos da Emater-MG em todo o estado j\u00e1 est\u00e3o em campo para avaliar detalhadamente as perspectivas para a colheita deste ano, al\u00e9m de fazerem as recomenda\u00e7\u00f5es junto aos produtores, no sentido de empregar as melhores pr\u00e1ticas de manejo para a melhoria da produ\u00e7\u00e3o e da qualidade do caf\u00e9.<\/p>\n\n\n\n<p><em>\u201c\u00c9 fundamental manter em dia os tratos culturais, como o controle do mato e das doen\u00e7as, como a ferrugem, que costuma aparecer nesta \u00e9poca de mais chuvas. E muita aten\u00e7\u00e3o tamb\u00e9m com o monitoramento da broca, que afeta muito a qualidade do caf\u00e9, j\u00e1 que esta praga consome a parte interna dos frutos. Os extensionistas da Emater-MG est\u00e3o sempre \u00e0 disposi\u00e7\u00e3o para orient\u00e1-los a tomar as melhores decis\u00f5es, o que neste momento de incertezas e dificuldades \u00e9 ainda mais importante, para evitar maiores perdas\u201d, <\/em>aconselha Willem de Ara\u00fajo.<\/p>\n\n\n\n<h2 class=\"wp-block-heading\"><strong>Queda na produ\u00e7\u00e3o<\/strong><\/h2>\n\n\n\n<p>De acordo com o quarto e \u00faltimo levantamento de estimativa de safra de 2021, divulgado pela Companhia Nacional de Abastecimento (Conab) em dezembro, o volume total de caf\u00e9 (ar\u00e1bica e conilon) produzido no pa\u00eds foi de 47,716 milh\u00f5es de sacas do produto beneficiado. Este resultado foi 24,4% menor do que o obtido no ano de 2020.<\/p>\n\n\n\n<p>Em Minas Gerais, a produ\u00e7\u00e3o ficou em 22,142 milh\u00f5es de sacas de caf\u00e9 beneficiado, com queda de 36,1% em rela\u00e7\u00e3o ao volume obtido em 2020 e 9,8% abaixo do total colhido em 2019 (\u00faltima safra de bienalidade negativa). Desse total, cerca de 11,751 milh\u00f5es de sacas foram colhidas nas regi\u00f5es Sul e Centro-Oeste do estado, onde as condi\u00e7\u00f5es clim\u00e1ticas durante o \u00faltimo ciclo da lavoura foram especialmente desfavor\u00e1veis, com escassez de chuvas e ocorr\u00eancia de geadas. Tanto que o resultado ficou abaixo da m\u00e9dia estadual, com queda de 38,6% em rela\u00e7\u00e3o ao total produzido em 2020.<\/p>\n\n\n\n<p>&#8212;&#8212;&#8212;&#8212;&#8212;&#8212;<br><em>Quer receber as not\u00edcias do <strong>Aconteceu no Vale<\/strong> em primeira m\u00e3o? Siga-nos no Facebook <a rel=\"noreferrer noopener\" href=\"http:\/\/facebook.com\/aconteceunovale\" target=\"_blank\">@aconteceunovale<\/a>, Twitter <a rel=\"noreferrer noopener\" href=\"https:\/\/twitter.com\/noticiadosvales\" target=\"_blank\">@noticiadosvales<\/a> e Instagram <a rel=\"noreferrer noopener\" href=\"https:\/\/www.instagram.com\/aconteceunovale\" target=\"_blank\">@aconteceunovale<\/a>.<\/em><\/p>\n","protected":false},"excerpt":{"rendered":"<p>Apesar de 2022 ser um ano de bienalidade positiva na cultura do caf\u00e9, o que significa que as plantas ter\u00e3o maior potencial produtivo, as expectativas s\u00e3o pessimistas entre os cafeicultores de Minas Gerais. Para esse cen\u00e1rio, pesaram as condi\u00e7\u00f5es clim\u00e1ticas adversas enfrentadas no ano passado, com per\u00edodos prolongados de seca e muito calor na \u00e9poca [&hellip;]<\/p>\n","protected":false},"author":4,"featured_media":185719,"comment_status":"open","ping_status":"closed","sticky":false,"template":"","format":"standard","meta":{"amp_status":"","footnotes":""},"categories":[123],"tags":[257199,257196,257198,257200,25775,257195,959,257197,257201,36989,187223],"class_list":["post-185718","post","type-post","status-publish","format-standard","has-post-thumbnail","hentry","category-gerais","tag-cafeicultura-no-sul-de-minas","tag-cafezais-do-sul-de-minas","tag-cultura-do-cafe-no-sul-de-minas","tag-emater-em-guaxupe","tag-emater-mg","tag-floradas-dos-cafezais-no-sul-de-minas","tag-guaxupe","tag-producao-de-cafe-no-sul-de-minas","tag-queda-na-producao-de-cafe-no-sul-de-minas","tag-sul-de-minas","tag-willem-de-araujo"],"_links":{"self":[{"href":"https:\/\/aconteceunovale.com.br\/portal\/index.php?rest_route=\/wp\/v2\/posts\/185718","targetHints":{"allow":["GET"]}}],"collection":[{"href":"https:\/\/aconteceunovale.com.br\/portal\/index.php?rest_route=\/wp\/v2\/posts"}],"about":[{"href":"https:\/\/aconteceunovale.com.br\/portal\/index.php?rest_route=\/wp\/v2\/types\/post"}],"author":[{"embeddable":true,"href":"https:\/\/aconteceunovale.com.br\/portal\/index.php?rest_route=\/wp\/v2\/users\/4"}],"replies":[{"embeddable":true,"href":"https:\/\/aconteceunovale.com.br\/portal\/index.php?rest_route=%2Fwp%2Fv2%2Fcomments&post=185718"}],"version-history":[{"count":1,"href":"https:\/\/aconteceunovale.com.br\/portal\/index.php?rest_route=\/wp\/v2\/posts\/185718\/revisions"}],"predecessor-version":[{"id":185720,"href":"https:\/\/aconteceunovale.com.br\/portal\/index.php?rest_route=\/wp\/v2\/posts\/185718\/revisions\/185720"}],"wp:featuredmedia":[{"embeddable":true,"href":"https:\/\/aconteceunovale.com.br\/portal\/index.php?rest_route=\/wp\/v2\/media\/185719"}],"wp:attachment":[{"href":"https:\/\/aconteceunovale.com.br\/portal\/index.php?rest_route=%2Fwp%2Fv2%2Fmedia&parent=185718"}],"wp:term":[{"taxonomy":"category","embeddable":true,"href":"https:\/\/aconteceunovale.com.br\/portal\/index.php?rest_route=%2Fwp%2Fv2%2Fcategories&post=185718"},{"taxonomy":"post_tag","embeddable":true,"href":"https:\/\/aconteceunovale.com.br\/portal\/index.php?rest_route=%2Fwp%2Fv2%2Ftags&post=185718"}],"curies":[{"name":"wp","href":"https:\/\/api.w.org\/{rel}","templated":true}]}}