{"id":185713,"date":"2022-01-11T23:25:26","date_gmt":"2022-01-12T02:25:26","guid":{"rendered":"https:\/\/aconteceunovale.com.br\/portal\/?p=185713"},"modified":"2022-01-11T23:26:32","modified_gmt":"2022-01-12T02:26:32","slug":"estado-multa-vallourec-em-mais-de-r-288-milhoes-por-danos-ambientais","status":"publish","type":"post","link":"https:\/\/aconteceunovale.com.br\/portal\/?p=185713","title":{"rendered":"Estado multa Vallourec em mais de R$ 288 milh\u00f5es por danos ambientais"},"content":{"rendered":"\n<p>O\u00a0Governo de Minas\u00a0notificou, nessa segunda-feira (10\/1), a empresa Vallourec pelos danos ambientais causados ap\u00f3s o transbordamento do dique de conten\u00e7\u00e3o de sedimentos da Mina Pau Branco, localizada em Nova Lima, na Regi\u00e3o Metropolitana de Belo Horizonte (RMBH). O auto de infra\u00e7\u00e3o prev\u00ea multa de 60.503.388,18 Unidades Fiscais do Estado de Minas Gerais (UFEMGs), totalizando R$ 288.619.312,64.<\/p>\n\n\n\n<figure class=\"wp-block-gallery aligncenter columns-1 is-cropped wp-block-gallery-1 is-layout-flex wp-block-gallery-is-layout-flex\"><ul class=\"blocks-gallery-grid\"><li class=\"blocks-gallery-item\"><figure><img loading=\"lazy\" decoding=\"async\" width=\"640\" height=\"377\" src=\"https:\/\/aconteceunovale.com.br\/portal\/wp-content\/uploads\/2022\/01\/vallourec_1.png\" alt=\"\" data-id=\"185714\" data-full-url=\"https:\/\/aconteceunovale.com.br\/portal\/wp-content\/uploads\/2022\/01\/vallourec_1.png\" data-link=\"https:\/\/aconteceunovale.com.br\/portal\/?attachment_id=185714\" class=\"wp-image-185714\" srcset=\"https:\/\/aconteceunovale.com.br\/portal\/wp-content\/uploads\/2022\/01\/vallourec_1.png 640w, https:\/\/aconteceunovale.com.br\/portal\/wp-content\/uploads\/2022\/01\/vallourec_1-300x177.png 300w\" sizes=\"auto, (max-width: 640px) 100vw, 640px\" \/><figcaption class=\"blocks-gallery-item__caption\"><em>Foto: Sisema \/ Divulga\u00e7\u00e3o<\/em><\/figcaption><\/figure><\/li><\/ul><\/figure>\n\n\n\n<p>A notifica\u00e7\u00e3o determina ainda a suspens\u00e3o imediata das atividades relacionadas \u00e0 Pilha Cachoeirinha e ao Dique Lisa at\u00e9 que sejam apresentados documentos que garantam a estabilidade das estruturas. A empresa autuada tem 20 dias para efetuar o pagamento da multa ou apresentar defesa aos \u00f3rg\u00e3os ambientais do Estado.\u00a0<\/p>\n\n\n\n<p>O Auto de Infra\u00e7\u00e3o 289702\/2022,&nbsp;recebido pela Vallourec na noite dessa segunda-feira (10\/1),&nbsp;indica que a mineradora francesa foi autuada por \u201ccausar interven\u00e7\u00e3o de qualquer natureza que resulte em polui\u00e7\u00e3o, degrada\u00e7\u00e3o ou dano aos recursos h\u00eddricos, \u00e0s esp\u00e9cies vegetais e animais, aos ecossistemas e habitats ou ao patrim\u00f4nio natural ou cultural, ou que prejudique a sa\u00fade, a seguran\u00e7a e o bem-estar da popula\u00e7\u00e3o\u201d. &nbsp;<\/p>\n\n\n\n<p>O superintendente de Fiscaliza\u00e7\u00e3o da\u00a0Secretaria de Estado de Meio Ambiente e Desenvolvimento Sustent\u00e1vel (Semad), Alexandre Leal, explica que a multa foi aplicada em seu valor m\u00e1ximo, dentro da faixa permitida pelo\u00a0<a rel=\"noreferrer noopener\" href=\"http:\/\/www.siam.mg.gov.br\/sla\/download.pdf?idNorma=45918\" target=\"_blank\">Decreto Estadual 47.383\/18<\/a>, em raz\u00e3o de reincid\u00eancia por parte da empresa autuada. \u00a0<\/p>\n\n\n\n<p>\u201cA empresa foi considerada reincidente, pois em 2020 foi multada por descumprir prazos estabelecidos pela\u00a0<a rel=\"noreferrer noopener\" href=\"http:\/\/www.siam.mg.gov.br\/sla\/download.pdf?idNorma=47918\" target=\"_blank\">Portaria Igam n\u00ba 02\/2019<\/a>\u00a0para envio de documenta\u00e7\u00e3o relativa a barragens de \u00e1gua. Isso fez com que o valor da multa fosse dobrado, nos termos da legisla\u00e7\u00e3o que regulamenta as penalidades por infra\u00e7\u00e3o ambiental no Estado\u201d, disse o superintendente.<\/p>\n\n\n\n<p>Entre os impactos ambientais vis\u00edveis e imediatos, segundo o Auto de Fiscaliza\u00e7\u00e3o 218172\/2022, lavrado pelo N\u00facleo de Emerg\u00eancia Ambiental da\u00a0Funda\u00e7\u00e3o Estadual do Meio Ambiente (Feam), est\u00e3o a degrada\u00e7\u00e3o da paisagem e fragmenta\u00e7\u00e3o de habitats, polui\u00e7\u00e3o de corpos h\u00eddricos, com o aumento dos s\u00f3lidos em suspens\u00e3o, al\u00e9m da potencial mortandade de peixes e supress\u00e3o e degrada\u00e7\u00e3o de habitats aqu\u00e1ticos e rip\u00e1rios.\u00a0<\/p>\n\n\n\n<p>O documento constata ainda impactos ambientas em duas unidades de conserva\u00e7\u00e3o situadas no entorno do local onde o transbordamento ocorreu. S\u00e3o elas a \u00c1rea de Prote\u00e7\u00e3o Ambiental Estadual Sul da Regi\u00e3o Metropolitana de Belo Horizonte (APA Sul RMBH) e o Monumento Natural Municipal Serra da Cal\u00e7ada, em Nova Lima. A extens\u00e3o dos danos ainda est\u00e1 sendo avaliada pelos \u00f3rg\u00e3os que integram o Sistema Estadual de Meio Ambiente e Recursos H\u00eddricos (Sisema) e novas autua\u00e7\u00f5es poder\u00e3o ser lavradas em desfavor da empresa.<\/p>\n\n\n\n<figure class=\"wp-block-gallery columns-1 is-cropped wp-block-gallery-2 is-layout-flex wp-block-gallery-is-layout-flex\"><ul class=\"blocks-gallery-grid\"><li class=\"blocks-gallery-item\"><figure><img loading=\"lazy\" decoding=\"async\" width=\"678\" height=\"431\" src=\"https:\/\/aconteceunovale.com.br\/portal\/wp-content\/uploads\/2022\/01\/vallourec_2.jpg\" alt=\"\" data-id=\"185715\" data-full-url=\"https:\/\/aconteceunovale.com.br\/portal\/wp-content\/uploads\/2022\/01\/vallourec_2.jpg\" data-link=\"https:\/\/aconteceunovale.com.br\/portal\/?attachment_id=185715\" class=\"wp-image-185715\" srcset=\"https:\/\/aconteceunovale.com.br\/portal\/wp-content\/uploads\/2022\/01\/vallourec_2.jpg 678w, https:\/\/aconteceunovale.com.br\/portal\/wp-content\/uploads\/2022\/01\/vallourec_2-300x191.jpg 300w, https:\/\/aconteceunovale.com.br\/portal\/wp-content\/uploads\/2022\/01\/vallourec_2-661x420.jpg 661w\" sizes=\"auto, (max-width: 678px) 100vw, 678px\" \/><figcaption class=\"blocks-gallery-item__caption\"><em>Foto: Sisema \/ Divulga\u00e7\u00e3o<\/em><\/figcaption><\/figure><\/li><\/ul><\/figure>\n\n\n\n<p>A secret\u00e1ria de Estado de Meio Ambiente e Desenvolvimento Sustent\u00e1vel, Mar\u00edlia Melo, salienta que a autua\u00e7\u00e3o \u00e9 uma medida administrativa decorrente dos impactos causados pela empresa ao meio ambiente.<br><br>\u201cA infra\u00e7\u00e3o est\u00e1 prevista no art. 80 do Decreto Estadual 47383\/18 e teve seu valor fixado na faixa m\u00e1xima em raz\u00e3o de haver reincid\u00eancia. N\u00e3o se trata de um valor destinado \u00e0 repara\u00e7\u00e3o dos danos causados, mas de uma multa prevista em legisla\u00e7\u00e3o estadual. A repara\u00e7\u00e3o \u00e9 uma &#8216;obriga\u00e7\u00e3o de fazer&#8217;\u00a0da empresa e dever\u00e1 ser executada independentemente do valor da multa aplicada\u201d, ressalta. <\/p>\n\n\n\n<h2 class=\"wp-block-heading\">V\u00eddeo<\/h2>\n\n\n\n<figure class=\"wp-block-embed is-type-rich is-provider-incorporar-manipulador wp-block-embed-incorporar-manipulador wp-embed-aspect-16-9 wp-has-aspect-ratio\"><div class=\"wp-block-embed__wrapper\">\n<iframe loading=\"lazy\" title=\"V\u00eddeo impressionante mostra o momento exato de transbordamento em dique de mineradora em Nova Lima\" width=\"696\" height=\"392\" src=\"https:\/\/www.youtube.com\/embed\/yybTbnf86gM?feature=oembed\" frameborder=\"0\" allow=\"accelerometer; autoplay; clipboard-write; encrypted-media; gyroscope; picture-in-picture\" allowfullscreen><\/iframe>\n<\/div><\/figure>\n\n\n\n<p>&#8212;&#8212;&#8212;&#8212;&#8212;&#8212;<br><em>Quer receber as not\u00edcias do <strong>Aconteceu no Vale<\/strong> em primeira m\u00e3o? Siga-nos no Facebook <a rel=\"noreferrer noopener\" href=\"http:\/\/facebook.com\/aconteceunovale\" target=\"_blank\">@aconteceunovale<\/a>, Twitter <a rel=\"noreferrer noopener\" href=\"https:\/\/twitter.com\/noticiadosvales\" target=\"_blank\">@noticiadosvales<\/a> e Instagram <a rel=\"noreferrer noopener\" href=\"https:\/\/www.instagram.com\/aconteceunovale\" target=\"_blank\">@aconteceunovale<\/a>.<\/em><\/p>\n","protected":false},"excerpt":{"rendered":"<p>O\u00a0Governo de Minas\u00a0notificou, nessa segunda-feira (10\/1), a empresa Vallourec pelos danos ambientais causados ap\u00f3s o transbordamento do dique de conten\u00e7\u00e3o de sedimentos da Mina Pau Branco, localizada em Nova Lima, na Regi\u00e3o Metropolitana de Belo Horizonte (RMBH). O auto de infra\u00e7\u00e3o prev\u00ea multa de 60.503.388,18 Unidades Fiscais do Estado de Minas Gerais (UFEMGs), totalizando R$ [&hellip;]<\/p>\n","protected":false},"author":4,"featured_media":185715,"comment_status":"open","ping_status":"closed","sticky":false,"template":"","format":"standard","meta":{"amp_status":"","footnotes":""},"categories":[123],"tags":[257011,1018,257025,32251,257009,257008,257010,131,257190,257193,257192,257194,1496,257018,257017,257012,257191],"class_list":["post-185713","post","type-post","status-publish","format-standard","has-post-thumbnail","hentry","category-gerais","tag-barragem-da-vallourec","tag-destaque","tag-dique-que-transbordou-em-minas-gerais-tem-nivel-de-emergencia-elevado","tag-interdicao-da-br-040","tag-lama-br-040","tag-lama-de-barragem-em-nova-lima","tag-mina-de-pau-branco","tag-minas-gerais","tag-multa-contra-a-vallourec","tag-multa-mina-pau-branco","tag-multa-vallourec","tag-multa-vallourec-mina-pau-branco","tag-nova-lima","tag-transbordamento-em-nova-lima","tag-um-fica-ferido-e-seis-abandonam-casas-apos-transbordamento-em-nova-lima","tag-vallourec","tag-valor-da-multa-aplicada-na-vallourec"],"_links":{"self":[{"href":"https:\/\/aconteceunovale.com.br\/portal\/index.php?rest_route=\/wp\/v2\/posts\/185713","targetHints":{"allow":["GET"]}}],"collection":[{"href":"https:\/\/aconteceunovale.com.br\/portal\/index.php?rest_route=\/wp\/v2\/posts"}],"about":[{"href":"https:\/\/aconteceunovale.com.br\/portal\/index.php?rest_route=\/wp\/v2\/types\/post"}],"author":[{"embeddable":true,"href":"https:\/\/aconteceunovale.com.br\/portal\/index.php?rest_route=\/wp\/v2\/users\/4"}],"replies":[{"embeddable":true,"href":"https:\/\/aconteceunovale.com.br\/portal\/index.php?rest_route=%2Fwp%2Fv2%2Fcomments&post=185713"}],"version-history":[{"count":1,"href":"https:\/\/aconteceunovale.com.br\/portal\/index.php?rest_route=\/wp\/v2\/posts\/185713\/revisions"}],"predecessor-version":[{"id":185717,"href":"https:\/\/aconteceunovale.com.br\/portal\/index.php?rest_route=\/wp\/v2\/posts\/185713\/revisions\/185717"}],"wp:featuredmedia":[{"embeddable":true,"href":"https:\/\/aconteceunovale.com.br\/portal\/index.php?rest_route=\/wp\/v2\/media\/185715"}],"wp:attachment":[{"href":"https:\/\/aconteceunovale.com.br\/portal\/index.php?rest_route=%2Fwp%2Fv2%2Fmedia&parent=185713"}],"wp:term":[{"taxonomy":"category","embeddable":true,"href":"https:\/\/aconteceunovale.com.br\/portal\/index.php?rest_route=%2Fwp%2Fv2%2Fcategories&post=185713"},{"taxonomy":"post_tag","embeddable":true,"href":"https:\/\/aconteceunovale.com.br\/portal\/index.php?rest_route=%2Fwp%2Fv2%2Ftags&post=185713"}],"curies":[{"name":"wp","href":"https:\/\/api.w.org\/{rel}","templated":true}]}}