{"id":185696,"date":"2022-01-11T20:01:06","date_gmt":"2022-01-11T23:01:06","guid":{"rendered":"https:\/\/aconteceunovale.com.br\/portal\/?p=185696"},"modified":"2022-01-11T20:01:45","modified_gmt":"2022-01-11T23:01:45","slug":"mineradora-eleva-nivel-de-emergencia-de-barragem-em-rio-acima","status":"publish","type":"post","link":"https:\/\/aconteceunovale.com.br\/portal\/?p=185696","title":{"rendered":"Mineradora eleva n\u00edvel de emerg\u00eancia de barragem em Rio Acima"},"content":{"rendered":"\n<p>T\u00e9cnicos dos \u00f3rg\u00e3os p\u00fablicos respons\u00e1veis por fiscalizar as barragens de minera\u00e7\u00e3o existentes em Minas Gerais fizeram vistorias, na manh\u00e3 de hoje (11\/1\/2022), na chamada Barragem B2, localizada na cidade de Rio Acima, na regi\u00e3o metropolitana de Belo Horizonte.<img decoding=\"async\" src=\"https:\/\/agenciabrasil.ebc.com.br\/ebc.png?id=1436211&amp;o=node\"><img decoding=\"async\" src=\"https:\/\/agenciabrasil.ebc.com.br\/ebc.gif?id=1436211&amp;o=node\"><\/p>\n\n\n\n<p>Em nota, a empresa Min\u00e9rios Nacional informa que acionou o n\u00edvel 2 de emerg\u00eancia da estrutura devido \u00e0s consequ\u00eancias do grande volume de chuvas que h\u00e1 semanas atinge o estado. Segundo a Defesa Civil estadual, o n\u00edvel 2 n\u00e3o indica risco iminente de rompimento da barragem. Ainda assim, o local est\u00e1 passando por uma vistoria t\u00e9cnica.<\/p>\n\n\n\n<p>Controlada pela Companhia Sider\u00fargica Nacional (SCN), a Min\u00e9rios Nacional afirma que n\u00e3o h\u00e1 pessoas morando na chamada Zona de Autossalvamento (ZAS) da barragem, ou seja, na regi\u00e3o imediatamente abaixo da estrutura. Informa\u00e7\u00e3o confirmada pela Defesa Civil estadual.<\/p>\n\n\n\n<p>Ainda em sua nota, a Min\u00e9rios Nacional acrescentou que o acionamento segue o Plano de Emerg\u00eancia de Barragem de Minera\u00e7\u00e3o e que est\u00e1 \u201ctrabalhando para minimizar os impactos na estrutura\u201d, sem detalhar quais impactos s\u00e3o estes. \u201cCom a redu\u00e7\u00e3o das chuvas ser\u00e1 poss\u00edvel avan\u00e7ar nos reparos para restabelecer o n\u00edvel de seguran\u00e7a\u201d, acrescenta a empresa.<\/p>\n\n\n\n<p>Rio Acima\u00a0\u00e9 uma das 145 cidades mineiras que j\u00e1 decretaram situa\u00e7\u00e3o de emerg\u00eancia em raz\u00e3o das chuvas. Desde a semana passada, a precipita\u00e7\u00e3o pluviom\u00e9trica na regi\u00e3o fez com que cursos d\u00b4\u00e1gua que cortam a cidade, como o Rio das Velhas e o C\u00f3rrego Santo Ant\u00f4nio, transbordassem. Segundo a prefeitura, nos \u00faltimos dias, a popula\u00e7\u00e3o enfrentou inunda\u00e7\u00f5es, alagamentos, enxurradas, deslizamento de terra, eros\u00e3o de terrenos, desabamentos e a interrup\u00e7\u00e3o do tr\u00e1fego de ve\u00edculos. Al\u00e9m disso, moradores de \u00e1reas ribeirinhas, como o bairro Matadouro, tiveram que ser removidos. O abastecimento de \u00e1gua e o transporte p\u00fablico foram interrompidos.<\/p>\n\n\n\n<p>&#8212;&#8212;&#8212;&#8212;&#8212;&#8212;<br><em>Quer receber as not\u00edcias do <strong>Aconteceu no Vale<\/strong> em primeira m\u00e3o? Siga-nos no Facebook <a rel=\"noreferrer noopener\" href=\"http:\/\/facebook.com\/aconteceunovale\" target=\"_blank\">@aconteceunovale<\/a>, Twitter <a rel=\"noreferrer noopener\" href=\"https:\/\/twitter.com\/noticiadosvales\" target=\"_blank\">@noticiadosvales<\/a> e Instagram <a rel=\"noreferrer noopener\" href=\"https:\/\/www.instagram.com\/aconteceunovale\" target=\"_blank\">@aconteceunovale<\/a>.<\/em><\/p>\n","protected":false},"excerpt":{"rendered":"<p>T\u00e9cnicos dos \u00f3rg\u00e3os p\u00fablicos respons\u00e1veis por fiscalizar as barragens de minera\u00e7\u00e3o existentes em Minas Gerais fizeram vistorias, na manh\u00e3 de hoje (11\/1\/2022), na chamada Barragem B2, localizada na cidade de Rio Acima, na regi\u00e3o metropolitana de Belo Horizonte. Em nota, a empresa Min\u00e9rios Nacional informa que acionou o n\u00edvel 2 de emerg\u00eancia da estrutura devido [&hellip;]<\/p>\n","protected":false},"author":4,"featured_media":185697,"comment_status":"open","ping_status":"closed","sticky":false,"template":"","format":"standard","meta":{"amp_status":"","footnotes":""},"categories":[123],"tags":[257177,257175,43101,43100,131,170983,257176,18765],"class_list":["post-185696","post","type-post","status-publish","format-standard","has-post-thumbnail","hentry","category-gerais","tag-barragem-da-csn-em-rio-acima","tag-barragem-em-rio-acima","tag-companhia-siderurgica-nacional","tag-csn","tag-minas-gerais","tag-minerios-nacional","tag-nivel-de-emergencia-de-barragem-em-rio-acima","tag-rio-acima"],"_links":{"self":[{"href":"https:\/\/aconteceunovale.com.br\/portal\/index.php?rest_route=\/wp\/v2\/posts\/185696","targetHints":{"allow":["GET"]}}],"collection":[{"href":"https:\/\/aconteceunovale.com.br\/portal\/index.php?rest_route=\/wp\/v2\/posts"}],"about":[{"href":"https:\/\/aconteceunovale.com.br\/portal\/index.php?rest_route=\/wp\/v2\/types\/post"}],"author":[{"embeddable":true,"href":"https:\/\/aconteceunovale.com.br\/portal\/index.php?rest_route=\/wp\/v2\/users\/4"}],"replies":[{"embeddable":true,"href":"https:\/\/aconteceunovale.com.br\/portal\/index.php?rest_route=%2Fwp%2Fv2%2Fcomments&post=185696"}],"version-history":[{"count":1,"href":"https:\/\/aconteceunovale.com.br\/portal\/index.php?rest_route=\/wp\/v2\/posts\/185696\/revisions"}],"predecessor-version":[{"id":185698,"href":"https:\/\/aconteceunovale.com.br\/portal\/index.php?rest_route=\/wp\/v2\/posts\/185696\/revisions\/185698"}],"wp:featuredmedia":[{"embeddable":true,"href":"https:\/\/aconteceunovale.com.br\/portal\/index.php?rest_route=\/wp\/v2\/media\/185697"}],"wp:attachment":[{"href":"https:\/\/aconteceunovale.com.br\/portal\/index.php?rest_route=%2Fwp%2Fv2%2Fmedia&parent=185696"}],"wp:term":[{"taxonomy":"category","embeddable":true,"href":"https:\/\/aconteceunovale.com.br\/portal\/index.php?rest_route=%2Fwp%2Fv2%2Fcategories&post=185696"},{"taxonomy":"post_tag","embeddable":true,"href":"https:\/\/aconteceunovale.com.br\/portal\/index.php?rest_route=%2Fwp%2Fv2%2Ftags&post=185696"}],"curies":[{"name":"wp","href":"https:\/\/api.w.org\/{rel}","templated":true}]}}