{"id":18564,"date":"2014-01-15T17:53:35","date_gmt":"2014-01-15T19:53:35","guid":{"rendered":"http:\/\/aconteceunovale.com.br\/portal\/?p=18564"},"modified":"2014-01-15T17:53:35","modified_gmt":"2014-01-15T19:53:35","slug":"justica-proibe-reformas-na-igreja-sao-jose-em-timoteo","status":"publish","type":"post","link":"https:\/\/aconteceunovale.com.br\/portal\/?p=18564","title":{"rendered":"Justi\u00e7a pro\u00edbe reformas na Igreja S\u00e3o Jos\u00e9 em Tim\u00f3teo"},"content":{"rendered":"<p>A Par\u00f3quia S\u00e3o Jos\u00e9 de Acesita n\u00e3o poder\u00e1 fazer interven\u00e7\u00f5es que possam descaracterizar a Igreja S\u00e3o Jos\u00e9, em Tim\u00f3teo, na Regi\u00e3o do Rio Doce. O pedido do Minist\u00e9rio P\u00fablico de Minas Gerais (MPMG) foi acatado, em car\u00e1ter liminar, pela Justi\u00e7a. Na decis\u00e3o ficou estabelecido que a par\u00f3quia ter\u00e1 de reparar toda a rede el\u00e9trica do im\u00f3vel no prazo de 30 dias. Caso descumpra, est\u00e1 sujeito a interdi\u00e7\u00e3o. A igreja \u00e9 tradicional na cidade. Ela foi constru\u00edda em 1947, e sua hist\u00f3ria est\u00e1 ligada ao desenvolvimento de Tim\u00f3teo e da constru\u00e7\u00e3o da Companhia A\u00e7os Especiais Itabira (Acesita). O im\u00f3vel tamb\u00e9m foi inclu\u00eddo no Invent\u00e1rio de Prote\u00e7\u00e3o do Acervo Cultural do munic\u00edpio.<\/p>\n<p><img decoding=\"async\" src=\"http:\/\/aconteceunovale.com.br\/portal\/wp-content\/uploads\/2014\/01\/igreja_de_timoteo_mpmg.jpg\" alt=\"\" \/><br \/>\n<em><strong>A igreja foi constru\u00edda em 1947 e sua hist\u00f3ria confunde com o crescimento da cidade<\/strong><\/em><\/p>\n<p>A promotoria de Justi\u00e7a de Defesa do Patrim\u00f4nio Cultural de Tim\u00f3teo, instaurou inqu\u00e9rito para apurar o caso depois que surgiram informa\u00e7\u00f5es de que um projeto de reforma do pr\u00e9dio j\u00e1 havia sido confeccionado. Conforme o MP, a par\u00f3quia confirmou a pretens\u00e3o de reformar o im\u00f3vel, sob a alega\u00e7\u00e3o de que o local recebe p\u00fablico superior a 1,5 mil pessoas nas celebra\u00e7\u00f5es religiosas e a estrutura f\u00edsica n\u00e3o oferece seguran\u00e7a e conforto para abrigar todos os fi\u00e9is.<\/p>\n<p>O promotor de Justi\u00e7a, Kepler Cota Cavalcante Silva, apurou a situa\u00e7\u00e3o e afirmou que, apesar das raz\u00f5es invocadas pela comunidade paroquial, o im\u00f3vel ocupa lugar de destaque no processo de forma\u00e7\u00e3o da cidade. Segundo ele, os eventos com maior porte p\u00fablico podem ser transferidos para a Matriz S\u00e3o Jos\u00e9, que tamb\u00e9m est\u00e1 inclu\u00edda no Invent\u00e1rio de Prote\u00e7\u00e3o do Acervo Cultural de Tim\u00f3teo. \u201cA pretendida reforma para amplia\u00e7\u00e3o do im\u00f3vel resultaria na descaracteriza\u00e7\u00e3o do pr\u00e9dio e preju\u00edzo incalcul\u00e1vel para a mem\u00f3ria de milhares de timotenses, n\u00e3o se revelando como a medida mais acertada para o patrim\u00f4nio hist\u00f3rico e cultural do munic\u00edpio\u201d, diz o promotor de Justi\u00e7a.<\/p>\n<p>Laudo t\u00e9cnico elaborado pela Promotoria Estadual de Defesa do Patrim\u00f4nio Cultural e Tur\u00edstico de Minas Gerais atestou o valor hist\u00f3rico, paisag\u00edstico e simb\u00f3lico do templo religioso. O documento tamb\u00e9m detectou as instala\u00e7\u00f5es el\u00e9tricas do im\u00f3vel est\u00e3o prec\u00e1rias, com fia\u00e7\u00e3o externa junto \u00e0 madeira, sem eletrodutos, o que causa risco de inc\u00eandio. <\/p>\n<p>Em sua decis\u00e3o, o juiz Rodrigo Antunes Lage, disse que \u201ca liminar postulada pelo MPMG \u00e9 imperiosa pelo incontroverso valor hist\u00f3rico e cultural da edifica\u00e7\u00e3o para o munic\u00edpio de Tim\u00f3teo, bem como pelo manifesto perigo de que, caso realizadas as interven\u00e7\u00f5es nos moldes pretendidos, haja descaracteriza\u00e7\u00e3o do bem, associado ao iminente risco de inc\u00eandio em raz\u00e3o do prec\u00e1rio estado da rede el\u00e9trica da igreja\u201d.<\/p>\n<p>(Com informa\u00e7\u00f5es do MPMG, via Estado de Minas)<\/p>\n","protected":false},"excerpt":{"rendered":"<p>A Par\u00f3quia S\u00e3o Jos\u00e9 de Acesita n\u00e3o poder\u00e1 fazer interven\u00e7\u00f5es que possam descaracterizar a Igreja S\u00e3o Jos\u00e9, em Tim\u00f3teo, na Regi\u00e3o do Rio Doce. O pedido do Minist\u00e9rio P\u00fablico de Minas Gerais (MPMG) foi acatado, em car\u00e1ter liminar, pela Justi\u00e7a. Na decis\u00e3o ficou estabelecido que a par\u00f3quia ter\u00e1 de reparar toda a rede el\u00e9trica do [&hellip;]<\/p>\n","protected":false},"author":1,"featured_media":0,"comment_status":"open","ping_status":"closed","sticky":false,"template":"","format":"standard","meta":{"amp_status":"","footnotes":""},"categories":[121],"tags":[3017,3016,1105],"class_list":["post-18564","post","type-post","status-publish","format-standard","hentry","category-leste","tag-justica-proibe-reformas-na-igreja-sao-jose-em-timoteo","tag-paroquia-e-proibida-pela-justica-de-fazer-reformas-na-igreja-sao-jose-em-timoteo","tag-timoteo"],"_links":{"self":[{"href":"https:\/\/aconteceunovale.com.br\/portal\/index.php?rest_route=\/wp\/v2\/posts\/18564","targetHints":{"allow":["GET"]}}],"collection":[{"href":"https:\/\/aconteceunovale.com.br\/portal\/index.php?rest_route=\/wp\/v2\/posts"}],"about":[{"href":"https:\/\/aconteceunovale.com.br\/portal\/index.php?rest_route=\/wp\/v2\/types\/post"}],"author":[{"embeddable":true,"href":"https:\/\/aconteceunovale.com.br\/portal\/index.php?rest_route=\/wp\/v2\/users\/1"}],"replies":[{"embeddable":true,"href":"https:\/\/aconteceunovale.com.br\/portal\/index.php?rest_route=%2Fwp%2Fv2%2Fcomments&post=18564"}],"version-history":[{"count":0,"href":"https:\/\/aconteceunovale.com.br\/portal\/index.php?rest_route=\/wp\/v2\/posts\/18564\/revisions"}],"wp:attachment":[{"href":"https:\/\/aconteceunovale.com.br\/portal\/index.php?rest_route=%2Fwp%2Fv2%2Fmedia&parent=18564"}],"wp:term":[{"taxonomy":"category","embeddable":true,"href":"https:\/\/aconteceunovale.com.br\/portal\/index.php?rest_route=%2Fwp%2Fv2%2Fcategories&post=18564"},{"taxonomy":"post_tag","embeddable":true,"href":"https:\/\/aconteceunovale.com.br\/portal\/index.php?rest_route=%2Fwp%2Fv2%2Ftags&post=18564"}],"curies":[{"name":"wp","href":"https:\/\/api.w.org\/{rel}","templated":true}]}}