{"id":185584,"date":"2022-01-09T17:41:02","date_gmt":"2022-01-09T20:41:02","guid":{"rendered":"https:\/\/aconteceunovale.com.br\/portal\/?p=185584"},"modified":"2022-01-09T17:41:44","modified_gmt":"2022-01-09T20:41:44","slug":"buscas-por-fragmentos-de-corpos-continuarao-em-capitolio","status":"publish","type":"post","link":"https:\/\/aconteceunovale.com.br\/portal\/?p=185584","title":{"rendered":"Buscas por fragmentos de corpos continuar\u00e3o em Capit\u00f3lio"},"content":{"rendered":"\n<p class=\"wp-block-paragraph\">As buscas no Lago de Furnas, em Capit\u00f3lio (MG), continuar\u00e3o pelos pr\u00f3ximos dias, anunciaram hoje (9\/1\/2022) a Defesa Civil e a Pol\u00edcia Civil de Minas Gerais. Segundo os \u00f3rg\u00e3os, os trabalhos prosseguir\u00e3o porque\u00a0embora todos os dez mortos tenham sido resgatados, algumas v\u00edtimas tiveram somente peda\u00e7os de corpos encontrados.<\/p>\n\n\n\n<figure class=\"wp-block-gallery columns-1 is-cropped wp-block-gallery-1 is-layout-flex wp-block-gallery-is-layout-flex\"><ul class=\"blocks-gallery-grid\"><li class=\"blocks-gallery-item\"><figure><img loading=\"lazy\" decoding=\"async\" width=\"678\" height=\"406\" src=\"https:\/\/aconteceunovale.com.br\/portal\/wp-content\/uploads\/2022\/01\/buscas_capitolio.jpg\" alt=\"\" data-id=\"185585\" data-full-url=\"https:\/\/aconteceunovale.com.br\/portal\/wp-content\/uploads\/2022\/01\/buscas_capitolio.jpg\" data-link=\"https:\/\/aconteceunovale.com.br\/portal\/?attachment_id=185585\" class=\"wp-image-185585\" srcset=\"https:\/\/aconteceunovale.com.br\/portal\/wp-content\/uploads\/2022\/01\/buscas_capitolio.jpg 678w, https:\/\/aconteceunovale.com.br\/portal\/wp-content\/uploads\/2022\/01\/buscas_capitolio-300x180.jpg 300w\" sizes=\"auto, (max-width: 678px) 100vw, 678px\" \/><figcaption class=\"blocks-gallery-item__caption\"><em>Foto: Divulga\u00e7\u00e3o \/ CBMMG<\/em><\/figcaption><\/figure><\/li><\/ul><\/figure>\n\n\n\n<p class=\"wp-block-paragraph\">Al\u00e9m disso, a pol\u00edcia aguarda eventuais comunica\u00e7\u00f5es de novos desaparecimentos, no caso de turistas que estavam sozinhos. <em>\u201cPode ser que uma pessoa ou um casal estivesse caminhando e tenha ca\u00eddo\u00a0uma pedra. At\u00e9 o momento, nenhum dos \u00f3rg\u00e3os recebeu informa\u00e7\u00e3o de outros desaparecidos. N\u00f3s estamos iniciando e n\u00e3o temos pressa de terminar os trabalhos\u201d, <\/em>disse o delegado Marcos Pimenta, da Pol\u00edcia Civil mineira.<\/p>\n\n\n\n<p class=\"wp-block-paragraph\">Segundo Pimenta, at\u00e9 agora foram identificados apenas dois corpos, um formalmente, com base nas impress\u00f5es digitais, e outro com base em reconhecimento prec\u00e1rio de parentes, que ainda requer compara\u00e7\u00e3o com material gen\u00e9tico. O impacto da rocha, informou o delegado, est\u00e1 dificultando os trabalhos de reconhecimento.<\/p>\n\n\n\n<h3 class=\"wp-block-heading\">Responsabilidades<\/h3>\n\n\n\n<p class=\"wp-block-paragraph\">O sargento da Defesa Civil de Minas Gerais Wander Silva informou que a apura\u00e7\u00e3o sobre a falta de fiscaliza\u00e7\u00e3o e de medidas de seguran\u00e7a, que poderiam\u00a0ter\u00a0prevenido a trag\u00e9dia, ser\u00e1 discutida na investiga\u00e7\u00e3o do inqu\u00e9rito aberto pela Marinha.<br><br><em>\u201cEste n\u00e3o \u00e9 o momento [de discutir isso]. Estamos concentrados nas buscas, e essas responsabilidades, no decorrer do inqu\u00e9rito, ser\u00e3o apuradas. Isso ser\u00e1 verificado posteriormente\u201d, <\/em>argumentou. Cerca de duas horas antes da trag\u00e9dia, a Defesa Civil mineira emitiu um alerta de cabe\u00e7a d\u00b4\u00e1gua (forte enxurrada em rios provocada por chuvas) para a regi\u00e3o de Capit\u00f3lio, mas os passeios tur\u00edsticos continuaram normalmente.<\/p>\n\n\n\n<h3 class=\"wp-block-heading\">Reuni\u00e3o<\/h3>\n\n\n\n<p class=\"wp-block-paragraph\">Os prefeitos de S\u00e3o Jos\u00e9 da Barra, Paulo Sergio de Oliveira, e de Capit\u00f3lio, Cristiano Silva, anunciaram que medidas para refor\u00e7ar a seguran\u00e7a do turismo no Lago de Furnas ser\u00e3o discutidas amanh\u00e3 (10\/1). O encontro reunir\u00e1 prefeitos da regi\u00e3o e representantes da Defesa Civil de Minas Gerais, da Pol\u00edcia Militar e da Marinha.<\/p>\n\n\n\n<p class=\"wp-block-paragraph\">Segundo o prefeito de Capit\u00f3lio, uma lei municipal de 2019 disciplina o turismo no c\u00e2nion, proibindo banhos na \u00e1rea de circula\u00e7\u00e3o das lanchas e limitando a 40 o n\u00famero de embarca\u00e7\u00f5es que podem permanecer por at\u00e9 30 minutos na \u00e1rea do c\u00e2nion. Al\u00e9m disso, normas da Marinha estabelecem o ordenamento da orla do lago.<\/p>\n\n\n\n<p class=\"wp-block-paragraph\">Ele admitiu, no entanto, que, at\u00e9 agora, n\u00e3o existia uma norma sobre a dist\u00e2ncia m\u00ednima entre as lanchas e os pared\u00f5es rochosos. Segundo ele, um per\u00edmetro m\u00ednimo de seguran\u00e7a s\u00f3 poder\u00e1 ser definido ap\u00f3s estudo t\u00e9cnico. O prefeito ressaltou que o desprendimento de um bloco t\u00e3o grande \u00e9 in\u00e9dito na regi\u00e3o.<\/p>\n\n\n\n<p class=\"wp-block-paragraph\"><em>\u201cMeu pai vive aqui h\u00e1\u00a076 anos e nunca viu um desligamento de rocha desses. Acredito que, daqui para a frente, a gente precisa fazer uma an\u00e1lise [geol\u00f3gica]. Aquelas fal\u00e9sias est\u00e3o ali h\u00e1 milhares de anos. Essa forma\u00e7\u00e3o rochosa de quartzito tem essas fendas e fissuras. J\u00e1 foram feitos v\u00e1rios estudos geol\u00f3gicos. Se tinha algum risco, tinha de ser emitido por um \u00f3rg\u00e3o superior\u201d, <\/em>explicou.<\/p>\n\n\n\n<p class=\"wp-block-paragraph\">O prefeito disse ainda que uma foto de 2012, divulgada&nbsp;ontem&nbsp;nas redes sociais, com pared\u00e3o com fissura larga, n\u00e3o se refere \u00e0 rocha que desabou, mas a um que continua intacto no trecho central do c\u00e2nion. De acordo&nbsp;com&nbsp;ele, a fissura no bloco que desmoronou era menor que a da pedra mostrada na foto.<\/p>\n\n\n\n<h3 class=\"wp-block-heading\">Visita cancelada<\/h3>\n\n\n\n<p class=\"wp-block-paragraph\">O governador de Minas Gerais, Romeu Zema, que visitaria o munic\u00edpio de Capit\u00f3lio neste&nbsp;domingo, cancelou a ida \u00e0 regi\u00e3o. Segundo o governo estadual, o mau tempo impossibilitou a viagem.<\/p>\n\n\n\n<p class=\"wp-block-paragraph\"><em>\u201cPor causa das fortes chuvas que atingem o estado, as quais inviabilizam as autoriza\u00e7\u00f5es e condi\u00e7\u00f5es para voo, o governador n\u00e3o ir\u00e1 a Capit\u00f3lio neste\u00a0domingo. Nova data para a viagem ser\u00e1 anunciada em breve\u201d,<\/em> informou a Secretaria de Governo do estado.<\/p>\n\n\n\n<h2 class=\"wp-block-heading\">Dez corpos encontrados<\/h2>\n\n\n\n<p class=\"wp-block-paragraph\">Os corpos das duas \u00faltimas v\u00edtimas desaparecidas ap\u00f3s o desmoronamento do bloco de pedras no lago de Furnas, em Capit\u00f3lio (MG), foram encontrados agora \u00e0 tarde, informou o Corpo de Bombeiros Militar de Minas Gerais. Segundo a corpora\u00e7\u00e3o, a trag\u00e9dia deixou um saldo de dez\u00a0mortos e pelo menos 32 feridos.<\/p>\n\n\n\n<p class=\"wp-block-paragraph\">O oitavo corpo havia sido resgatado de&nbsp;manh\u00e3. Os corpos foram levados para o Instituto M\u00e9dico Legal de Passos (MG), onde est\u00e3o sendo identificados&nbsp;com a ajuda de papiloscopistas enviados pela Superintend\u00eancia da Pol\u00edcia Federal em Belo Horizonte.<\/p>\n\n\n\n<p class=\"wp-block-paragraph\">Os trabalhos de busca tinham recome\u00e7ado \u00e0s 5h de&nbsp;hoje&nbsp;(9) e envolveram cerca de 50 pessoas, entre bombeiros e militares da Marinha. Ao todo, 11 mergulhadores do Corpo de Bombeiros atuaram na opera\u00e7\u00e3o.<\/p>\n\n\n\n<p class=\"wp-block-paragraph\">A Marinha do Brasil empregou sete embarca\u00e7\u00f5es \u2013 quatro lanchas e tr\u00eas motos aqu\u00e1ticas. Ao todo, 30 militares trabalharam na opera\u00e7\u00e3o: 20 no local do desastre e 10 no centro de coordena\u00e7\u00e3o montado no munic\u00edpio de S\u00e3o Jo\u00e3o Batista do Gl\u00f3ria, perto de Capit\u00f3lio.<\/p>\n\n\n\n<p class=\"wp-block-paragraph\">As opera\u00e7\u00f5es haviam sido interrompidas \u00e0s 19h de\u00a0ontem\u00a0(8) por falta de visibilidade. O desabamento ocorreu por volta das 12h30 desse\u00a0s\u00e1bado, quando um grande bloco de pedra se desprendeu do c\u00e2nion do Lago de Furnas e caiu sobre lanchas. Duas embarca\u00e7\u00f5es afundaram.<\/p>\n\n\n\n<p class=\"wp-block-paragraph\">Em rela\u00e7\u00e3o aos feridos, a maioria sofreu ferimentos leves, mas pelo menos duas pessoas tiveram fraturas expostas e passaram por cirurgias em hospitais da regi\u00e3o. V\u00eddeos nas redes sociais mostraram o momento do desabamento, no principal ponto tur\u00edstico do passeio de lancha, com duas cachoeiras na entrada do c\u00e2nion.<\/p>\n\n\n\n<p class=\"wp-block-paragraph\">&#8212;&#8212;&#8212;&#8212;&#8212;&#8212;<br><em>Quer receber as not\u00edcias do <strong>Aconteceu no Vale<\/strong> em primeira m\u00e3o? Siga-nos no Facebook <a rel=\"noreferrer noopener\" href=\"http:\/\/facebook.com\/aconteceunovale\" target=\"_blank\">@aconteceunovale<\/a>, Twitter <a rel=\"noreferrer noopener\" href=\"https:\/\/twitter.com\/noticiadosvales\" target=\"_blank\">@noticiadosvales<\/a> e Instagram <a rel=\"noreferrer noopener\" href=\"https:\/\/www.instagram.com\/aconteceunovale\" target=\"_blank\">@aconteceunovale<\/a>.<\/em><\/p>\n","protected":false},"excerpt":{"rendered":"<p>As buscas no Lago de Furnas, em Capit\u00f3lio (MG), continuar\u00e3o pelos pr\u00f3ximos dias, anunciaram hoje (9\/1\/2022) a Defesa Civil e a Pol\u00edcia Civil de Minas Gerais. Segundo os \u00f3rg\u00e3os, os trabalhos prosseguir\u00e3o porque\u00a0embora todos os dez mortos tenham sido resgatados, algumas v\u00edtimas tiveram somente peda\u00e7os de corpos encontrados. Al\u00e9m disso, a pol\u00edcia aguarda eventuais comunica\u00e7\u00f5es [&hellip;]<\/p>\n","protected":false},"author":4,"featured_media":185585,"comment_status":"open","ping_status":"closed","sticky":false,"template":"","format":"standard","meta":{"amp_status":"","footnotes":""},"categories":[123],"tags":[257007,257005,257002,257001,257006,257032,4890,29660,257003,1018,36997,80304,131,257015,257014,257013,257016,213,604,1783,257033,257000,257004,31133,257034,257035],"class_list":["post-185584","post","type-post","status-publish","format-standard","has-post-thumbnail","hentry","category-gerais","tag-acidente-capitolio","tag-acidente-com-lanchas-em-capitolio","tag-acidente-com-rocha-em-capitolio","tag-acidente-em-capitolio","tag-acidente-no-canion-de-capitolio","tag-buscas-em-capitolio","tag-capitolio","tag-cbmmg","tag-desabamento-de-rocha-em-capitolio","tag-destaque","tag-lago-de-furnas","tag-marinha-do-brasil","tag-minas-gerais","tag-mortos-em-capitolio","tag-numero-de-mortos-em-capitolio","tag-numero-de-mortos-em-desabamento-de-rocha-em-capitolio-sobe-para-cinco","tag-obitos-em-capitolio","tag-passos","tag-pcmg","tag-piumhi","tag-resgate-de-vitimas-em-capitolio","tag-rocha-atinge-barcos-e-causa-morte-em-capitolio","tag-rocha-desaba-em-capitolio","tag-sao-jose-da-barra","tag-trabalho-de-busca-em-capitolio","tag-trabalho-de-resgate-em-capitolio"],"yoast_head":"<!-- This site is optimized with the Yoast SEO plugin v28.3 - https:\/\/yoast.com\/product\/yoast-seo-wordpress\/ -->\n<title>Buscas por fragmentos de corpos continuar\u00e3o em Capit\u00f3lio - Aconteceu no Vale<\/title>\n<meta name=\"robots\" content=\"index, follow, max-snippet:-1, max-image-preview:large, max-video-preview:-1\" \/>\n<link rel=\"canonical\" href=\"https:\/\/aconteceunovale.com.br\/portal\/?p=185584\" \/>\n<meta property=\"og:locale\" content=\"pt_BR\" \/>\n<meta property=\"og:type\" content=\"article\" \/>\n<meta property=\"og:title\" content=\"Buscas por fragmentos de corpos continuar\u00e3o em Capit\u00f3lio - Aconteceu no Vale\" \/>\n<meta property=\"og:description\" content=\"As buscas no Lago de Furnas, em Capit\u00f3lio (MG), continuar\u00e3o pelos pr\u00f3ximos dias, anunciaram hoje (9\/1\/2022) a Defesa Civil e a Pol\u00edcia Civil de Minas Gerais. Segundo os \u00f3rg\u00e3os, os trabalhos prosseguir\u00e3o porque\u00a0embora todos os dez mortos tenham sido resgatados, algumas v\u00edtimas tiveram somente peda\u00e7os de corpos encontrados. Al\u00e9m disso, a pol\u00edcia aguarda eventuais comunica\u00e7\u00f5es [&hellip;]\" \/>\n<meta property=\"og:url\" content=\"https:\/\/aconteceunovale.com.br\/portal\/?p=185584\" \/>\n<meta property=\"og:site_name\" content=\"Aconteceu no Vale\" \/>\n<meta property=\"article:publisher\" content=\"https:\/\/www.facebook.com\/aconteceunovale\/\" \/>\n<meta property=\"article:published_time\" content=\"2022-01-09T20:41:02+00:00\" \/>\n<meta property=\"article:modified_time\" content=\"2022-01-09T20:41:44+00:00\" \/>\n<meta property=\"og:image\" content=\"https:\/\/aconteceunovale.com.br\/portal\/wp-content\/uploads\/2022\/01\/buscas_capitolio.jpg\" \/>\n\t<meta property=\"og:image:width\" content=\"678\" \/>\n\t<meta property=\"og:image:height\" content=\"406\" \/>\n\t<meta property=\"og:image:type\" content=\"image\/jpeg\" \/>\n<meta name=\"author\" content=\"Reda\u00e7\u00e3o Aconteceu no Vale\" \/>\n<meta name=\"twitter:card\" content=\"summary_large_image\" \/>\n<meta name=\"twitter:creator\" content=\"@noticiadosvales\" \/>\n<meta name=\"twitter:site\" content=\"@noticiadosvales\" \/>\n<meta name=\"twitter:label1\" content=\"Escrito por\" \/>\n\t<meta name=\"twitter:data1\" content=\"Reda\u00e7\u00e3o Aconteceu no Vale\" \/>\n\t<meta name=\"twitter:label2\" content=\"Est. tempo de leitura\" \/>\n\t<meta name=\"twitter:data2\" content=\"5 minutos\" \/>\n<script type=\"application\/ld+json\" class=\"yoast-schema-graph\">{\"@context\":\"https:\\\/\\\/schema.org\",\"@graph\":[{\"@type\":\"Article\",\"@id\":\"https:\\\/\\\/aconteceunovale.com.br\\\/portal\\\/?p=185584#article\",\"isPartOf\":{\"@id\":\"https:\\\/\\\/aconteceunovale.com.br\\\/portal\\\/?p=185584\"},\"author\":{\"name\":\"Reda\u00e7\u00e3o Aconteceu no Vale\",\"@id\":\"https:\\\/\\\/aconteceunovale.com.br\\\/portal\\\/#\\\/schema\\\/person\\\/7d2f26d1483f8a63de73da1ee0754d35\"},\"headline\":\"Buscas por fragmentos de corpos continuar\u00e3o em Capit\u00f3lio\",\"datePublished\":\"2022-01-09T20:41:02+00:00\",\"dateModified\":\"2022-01-09T20:41:44+00:00\",\"mainEntityOfPage\":{\"@id\":\"https:\\\/\\\/aconteceunovale.com.br\\\/portal\\\/?p=185584\"},\"wordCount\":1011,\"commentCount\":0,\"image\":{\"@id\":\"https:\\\/\\\/aconteceunovale.com.br\\\/portal\\\/?p=185584#primaryimage\"},\"thumbnailUrl\":\"https:\\\/\\\/aconteceunovale.com.br\\\/portal\\\/wp-content\\\/uploads\\\/2022\\\/01\\\/buscas_capitolio.jpg\",\"keywords\":[\"Acidente Capit\u00f3lio\",\"Acidente com lanchas em Capit\u00f3lio\",\"Acidente com rocha em Capit\u00f3lio\",\"Acidente em Capit\u00f3lio\",\"Acidente no c\u00e2nion de Capit\u00f3lio\",\"Buscas em Capit\u00f3lio\",\"Capit\u00f3lio\",\"CBMMG\",\"Desabamento de rocha em Capit\u00f3lio\",\"destaque\",\"Lago de Furnas\",\"Marinha do Brasil\",\"Minas Gerais\",\"Mortos em Capit\u00f3lio\",\"N\u00famero de mortos em Capit\u00f3lio\",\"N\u00famero de mortos em desabamento de rocha em Capit\u00f3lio sobe para cinco\",\"\u00d3bitos em Capit\u00f3lio\",\"Passos\",\"PCMG\",\"Piumhi\",\"Resgate de v\u00edtimas em Capit\u00f3lio\",\"Rocha atinge barcos e causa morte em Capit\u00f3lio\",\"Rocha desaba em Capit\u00f3lio\",\"S\u00e3o Jos\u00e9 da Barra\",\"Trabalho de busca em Capit\u00f3lio\",\"Trabalho de resgate em Capit\u00f3lio\"],\"articleSection\":[\"Minas Gerais\"],\"inLanguage\":\"pt-BR\",\"potentialAction\":[{\"@type\":\"CommentAction\",\"name\":\"Comment\",\"target\":[\"https:\\\/\\\/aconteceunovale.com.br\\\/portal\\\/?p=185584#respond\"]}]},{\"@type\":\"WebPage\",\"@id\":\"https:\\\/\\\/aconteceunovale.com.br\\\/portal\\\/?p=185584\",\"url\":\"https:\\\/\\\/aconteceunovale.com.br\\\/portal\\\/?p=185584\",\"name\":\"Buscas por fragmentos de corpos continuar\u00e3o em Capit\u00f3lio - Aconteceu no Vale\",\"isPartOf\":{\"@id\":\"https:\\\/\\\/aconteceunovale.com.br\\\/portal\\\/#website\"},\"primaryImageOfPage\":{\"@id\":\"https:\\\/\\\/aconteceunovale.com.br\\\/portal\\\/?p=185584#primaryimage\"},\"image\":{\"@id\":\"https:\\\/\\\/aconteceunovale.com.br\\\/portal\\\/?p=185584#primaryimage\"},\"thumbnailUrl\":\"https:\\\/\\\/aconteceunovale.com.br\\\/portal\\\/wp-content\\\/uploads\\\/2022\\\/01\\\/buscas_capitolio.jpg\",\"datePublished\":\"2022-01-09T20:41:02+00:00\",\"dateModified\":\"2022-01-09T20:41:44+00:00\",\"author\":{\"@id\":\"https:\\\/\\\/aconteceunovale.com.br\\\/portal\\\/#\\\/schema\\\/person\\\/7d2f26d1483f8a63de73da1ee0754d35\"},\"breadcrumb\":{\"@id\":\"https:\\\/\\\/aconteceunovale.com.br\\\/portal\\\/?p=185584#breadcrumb\"},\"inLanguage\":\"pt-BR\",\"potentialAction\":[{\"@type\":\"ReadAction\",\"target\":[\"https:\\\/\\\/aconteceunovale.com.br\\\/portal\\\/?p=185584\"]}]},{\"@type\":\"ImageObject\",\"inLanguage\":\"pt-BR\",\"@id\":\"https:\\\/\\\/aconteceunovale.com.br\\\/portal\\\/?p=185584#primaryimage\",\"url\":\"https:\\\/\\\/aconteceunovale.com.br\\\/portal\\\/wp-content\\\/uploads\\\/2022\\\/01\\\/buscas_capitolio.jpg\",\"contentUrl\":\"https:\\\/\\\/aconteceunovale.com.br\\\/portal\\\/wp-content\\\/uploads\\\/2022\\\/01\\\/buscas_capitolio.jpg\",\"width\":678,\"height\":406},{\"@type\":\"BreadcrumbList\",\"@id\":\"https:\\\/\\\/aconteceunovale.com.br\\\/portal\\\/?p=185584#breadcrumb\",\"itemListElement\":[{\"@type\":\"ListItem\",\"position\":1,\"name\":\"In\u00edcio\",\"item\":\"https:\\\/\\\/aconteceunovale.com.br\\\/portal\\\/\"},{\"@type\":\"ListItem\",\"position\":2,\"name\":\"Buscas por fragmentos de corpos continuar\u00e3o em Capit\u00f3lio\"}]},{\"@type\":\"WebSite\",\"@id\":\"https:\\\/\\\/aconteceunovale.com.br\\\/portal\\\/#website\",\"url\":\"https:\\\/\\\/aconteceunovale.com.br\\\/portal\\\/\",\"name\":\"Aconteceu no Vale\",\"description\":\"Portal de Not\u00edcias\",\"potentialAction\":[{\"@type\":\"SearchAction\",\"target\":{\"@type\":\"EntryPoint\",\"urlTemplate\":\"https:\\\/\\\/aconteceunovale.com.br\\\/portal\\\/?s={search_term_string}\"},\"query-input\":{\"@type\":\"PropertyValueSpecification\",\"valueRequired\":true,\"valueName\":\"search_term_string\"}}],\"inLanguage\":\"pt-BR\"},{\"@type\":\"Person\",\"@id\":\"https:\\\/\\\/aconteceunovale.com.br\\\/portal\\\/#\\\/schema\\\/person\\\/7d2f26d1483f8a63de73da1ee0754d35\",\"name\":\"Reda\u00e7\u00e3o Aconteceu no Vale\",\"description\":\"Equipe de reportagem do Aconteceu no Vale, portal de not\u00edcias do Vale do Jequitinhonha, em Minas Gerais. Cobrimos as 51 cidades do Vale desde 2013. Sugest\u00f5es de pauta e pedidos de corre\u00e7\u00e3o: contato@aconteceunovale.com.br\",\"url\":\"https:\\\/\\\/aconteceunovale.com.br\\\/portal\\\/?author=4\"}]}<\/script>\n<!-- \/ Yoast SEO plugin. -->","yoast_head_json":{"title":"Buscas por fragmentos de corpos continuar\u00e3o em Capit\u00f3lio - Aconteceu no Vale","robots":{"index":"index","follow":"follow","max-snippet":"max-snippet:-1","max-image-preview":"max-image-preview:large","max-video-preview":"max-video-preview:-1"},"canonical":"https:\/\/aconteceunovale.com.br\/portal\/?p=185584","og_locale":"pt_BR","og_type":"article","og_title":"Buscas por fragmentos de corpos continuar\u00e3o em Capit\u00f3lio - Aconteceu no Vale","og_description":"As buscas no Lago de Furnas, em Capit\u00f3lio (MG), continuar\u00e3o pelos pr\u00f3ximos dias, anunciaram hoje (9\/1\/2022) a Defesa Civil e a Pol\u00edcia Civil de Minas Gerais. Segundo os \u00f3rg\u00e3os, os trabalhos prosseguir\u00e3o porque\u00a0embora todos os dez mortos tenham sido resgatados, algumas v\u00edtimas tiveram somente peda\u00e7os de corpos encontrados. Al\u00e9m disso, a pol\u00edcia aguarda eventuais comunica\u00e7\u00f5es [&hellip;]","og_url":"https:\/\/aconteceunovale.com.br\/portal\/?p=185584","og_site_name":"Aconteceu no Vale","article_publisher":"https:\/\/www.facebook.com\/aconteceunovale\/","article_published_time":"2022-01-09T20:41:02+00:00","article_modified_time":"2022-01-09T20:41:44+00:00","og_image":[{"width":678,"height":406,"url":"https:\/\/aconteceunovale.com.br\/portal\/wp-content\/uploads\/2022\/01\/buscas_capitolio.jpg","type":"image\/jpeg"}],"author":"Reda\u00e7\u00e3o Aconteceu no Vale","twitter_card":"summary_large_image","twitter_creator":"@noticiadosvales","twitter_site":"@noticiadosvales","twitter_misc":{"Escrito por":"Reda\u00e7\u00e3o Aconteceu no Vale","Est. tempo de leitura":"5 minutos"},"schema":{"@context":"https:\/\/schema.org","@graph":[{"@type":"Article","@id":"https:\/\/aconteceunovale.com.br\/portal\/?p=185584#article","isPartOf":{"@id":"https:\/\/aconteceunovale.com.br\/portal\/?p=185584"},"author":{"name":"Reda\u00e7\u00e3o Aconteceu no Vale","@id":"https:\/\/aconteceunovale.com.br\/portal\/#\/schema\/person\/7d2f26d1483f8a63de73da1ee0754d35"},"headline":"Buscas por fragmentos de corpos continuar\u00e3o em Capit\u00f3lio","datePublished":"2022-01-09T20:41:02+00:00","dateModified":"2022-01-09T20:41:44+00:00","mainEntityOfPage":{"@id":"https:\/\/aconteceunovale.com.br\/portal\/?p=185584"},"wordCount":1011,"commentCount":0,"image":{"@id":"https:\/\/aconteceunovale.com.br\/portal\/?p=185584#primaryimage"},"thumbnailUrl":"https:\/\/aconteceunovale.com.br\/portal\/wp-content\/uploads\/2022\/01\/buscas_capitolio.jpg","keywords":["Acidente Capit\u00f3lio","Acidente com lanchas em Capit\u00f3lio","Acidente com rocha em Capit\u00f3lio","Acidente em Capit\u00f3lio","Acidente no c\u00e2nion de Capit\u00f3lio","Buscas em Capit\u00f3lio","Capit\u00f3lio","CBMMG","Desabamento de rocha em Capit\u00f3lio","destaque","Lago de Furnas","Marinha do Brasil","Minas Gerais","Mortos em Capit\u00f3lio","N\u00famero de mortos em Capit\u00f3lio","N\u00famero de mortos em desabamento de rocha em Capit\u00f3lio sobe para cinco","\u00d3bitos em Capit\u00f3lio","Passos","PCMG","Piumhi","Resgate de v\u00edtimas em Capit\u00f3lio","Rocha atinge barcos e causa morte em Capit\u00f3lio","Rocha desaba em Capit\u00f3lio","S\u00e3o Jos\u00e9 da Barra","Trabalho de busca em Capit\u00f3lio","Trabalho de resgate em Capit\u00f3lio"],"articleSection":["Minas Gerais"],"inLanguage":"pt-BR","potentialAction":[{"@type":"CommentAction","name":"Comment","target":["https:\/\/aconteceunovale.com.br\/portal\/?p=185584#respond"]}]},{"@type":"WebPage","@id":"https:\/\/aconteceunovale.com.br\/portal\/?p=185584","url":"https:\/\/aconteceunovale.com.br\/portal\/?p=185584","name":"Buscas por fragmentos de corpos continuar\u00e3o em Capit\u00f3lio - Aconteceu no Vale","isPartOf":{"@id":"https:\/\/aconteceunovale.com.br\/portal\/#website"},"primaryImageOfPage":{"@id":"https:\/\/aconteceunovale.com.br\/portal\/?p=185584#primaryimage"},"image":{"@id":"https:\/\/aconteceunovale.com.br\/portal\/?p=185584#primaryimage"},"thumbnailUrl":"https:\/\/aconteceunovale.com.br\/portal\/wp-content\/uploads\/2022\/01\/buscas_capitolio.jpg","datePublished":"2022-01-09T20:41:02+00:00","dateModified":"2022-01-09T20:41:44+00:00","author":{"@id":"https:\/\/aconteceunovale.com.br\/portal\/#\/schema\/person\/7d2f26d1483f8a63de73da1ee0754d35"},"breadcrumb":{"@id":"https:\/\/aconteceunovale.com.br\/portal\/?p=185584#breadcrumb"},"inLanguage":"pt-BR","potentialAction":[{"@type":"ReadAction","target":["https:\/\/aconteceunovale.com.br\/portal\/?p=185584"]}]},{"@type":"ImageObject","inLanguage":"pt-BR","@id":"https:\/\/aconteceunovale.com.br\/portal\/?p=185584#primaryimage","url":"https:\/\/aconteceunovale.com.br\/portal\/wp-content\/uploads\/2022\/01\/buscas_capitolio.jpg","contentUrl":"https:\/\/aconteceunovale.com.br\/portal\/wp-content\/uploads\/2022\/01\/buscas_capitolio.jpg","width":678,"height":406},{"@type":"BreadcrumbList","@id":"https:\/\/aconteceunovale.com.br\/portal\/?p=185584#breadcrumb","itemListElement":[{"@type":"ListItem","position":1,"name":"In\u00edcio","item":"https:\/\/aconteceunovale.com.br\/portal\/"},{"@type":"ListItem","position":2,"name":"Buscas por fragmentos de corpos continuar\u00e3o em Capit\u00f3lio"}]},{"@type":"WebSite","@id":"https:\/\/aconteceunovale.com.br\/portal\/#website","url":"https:\/\/aconteceunovale.com.br\/portal\/","name":"Aconteceu no Vale","description":"Portal de Not\u00edcias","potentialAction":[{"@type":"SearchAction","target":{"@type":"EntryPoint","urlTemplate":"https:\/\/aconteceunovale.com.br\/portal\/?s={search_term_string}"},"query-input":{"@type":"PropertyValueSpecification","valueRequired":true,"valueName":"search_term_string"}}],"inLanguage":"pt-BR"},{"@type":"Person","@id":"https:\/\/aconteceunovale.com.br\/portal\/#\/schema\/person\/7d2f26d1483f8a63de73da1ee0754d35","name":"Reda\u00e7\u00e3o Aconteceu no Vale","description":"Equipe de reportagem do Aconteceu no Vale, portal de not\u00edcias do Vale do Jequitinhonha, em Minas Gerais. Cobrimos as 51 cidades do Vale desde 2013. Sugest\u00f5es de pauta e pedidos de corre\u00e7\u00e3o: contato@aconteceunovale.com.br","url":"https:\/\/aconteceunovale.com.br\/portal\/?author=4"}]}},"_links":{"self":[{"href":"https:\/\/aconteceunovale.com.br\/portal\/index.php?rest_route=\/wp\/v2\/posts\/185584","targetHints":{"allow":["GET"]}}],"collection":[{"href":"https:\/\/aconteceunovale.com.br\/portal\/index.php?rest_route=\/wp\/v2\/posts"}],"about":[{"href":"https:\/\/aconteceunovale.com.br\/portal\/index.php?rest_route=\/wp\/v2\/types\/post"}],"author":[{"embeddable":true,"href":"https:\/\/aconteceunovale.com.br\/portal\/index.php?rest_route=\/wp\/v2\/users\/4"}],"replies":[{"embeddable":true,"href":"https:\/\/aconteceunovale.com.br\/portal\/index.php?rest_route=%2Fwp%2Fv2%2Fcomments&post=185584"}],"version-history":[{"count":1,"href":"https:\/\/aconteceunovale.com.br\/portal\/index.php?rest_route=\/wp\/v2\/posts\/185584\/revisions"}],"predecessor-version":[{"id":185586,"href":"https:\/\/aconteceunovale.com.br\/portal\/index.php?rest_route=\/wp\/v2\/posts\/185584\/revisions\/185586"}],"wp:featuredmedia":[{"embeddable":true,"href":"https:\/\/aconteceunovale.com.br\/portal\/index.php?rest_route=\/wp\/v2\/media\/185585"}],"wp:attachment":[{"href":"https:\/\/aconteceunovale.com.br\/portal\/index.php?rest_route=%2Fwp%2Fv2%2Fmedia&parent=185584"}],"wp:term":[{"taxonomy":"category","embeddable":true,"href":"https:\/\/aconteceunovale.com.br\/portal\/index.php?rest_route=%2Fwp%2Fv2%2Fcategories&post=185584"},{"taxonomy":"post_tag","embeddable":true,"href":"https:\/\/aconteceunovale.com.br\/portal\/index.php?rest_route=%2Fwp%2Fv2%2Ftags&post=185584"}],"curies":[{"name":"wp","href":"https:\/\/api.w.org\/{rel}","templated":true}]}}