{"id":185571,"date":"2022-01-09T12:19:48","date_gmt":"2022-01-09T15:19:48","guid":{"rendered":"https:\/\/aconteceunovale.com.br\/portal\/?p=185571"},"modified":"2022-01-09T12:23:39","modified_gmt":"2022-01-09T15:23:39","slug":"encontrado-o-oitavo-corpo-de-vitima-de-desmoronamento-em-capitolio","status":"publish","type":"post","link":"https:\/\/aconteceunovale.com.br\/portal\/?p=185571","title":{"rendered":"Encontrado o oitavo corpo de v\u00edtima de desmoronamento em Capit\u00f3lio"},"content":{"rendered":"\n<p class=\"wp-block-paragraph\">O oitavo corpo de v\u00edtima do desmoronamento de um bloco de pedras no lago de Furnas, em Capit\u00f3lio (MG), foi encontrado, confirmou h\u00e1 pouco o Corpo de Bombeiros Militar de Minas Gerais. Segundo a corpora\u00e7\u00e3o, ainda existem dois desaparecidos.<\/p>\n\n\n\n<figure class=\"wp-block-gallery columns-1 is-cropped wp-block-gallery-1 is-layout-flex wp-block-gallery-is-layout-flex\"><ul class=\"blocks-gallery-grid\"><li class=\"blocks-gallery-item\"><figure><img loading=\"lazy\" decoding=\"async\" width=\"678\" height=\"406\" src=\"https:\/\/aconteceunovale.com.br\/portal\/wp-content\/uploads\/2022\/01\/desmoronamento_capitolio_1.jpg\" alt=\"\" data-id=\"185572\" data-full-url=\"https:\/\/aconteceunovale.com.br\/portal\/wp-content\/uploads\/2022\/01\/desmoronamento_capitolio_1.jpg\" data-link=\"https:\/\/aconteceunovale.com.br\/portal\/?attachment_id=185572\" class=\"wp-image-185572\" srcset=\"https:\/\/aconteceunovale.com.br\/portal\/wp-content\/uploads\/2022\/01\/desmoronamento_capitolio_1.jpg 678w, https:\/\/aconteceunovale.com.br\/portal\/wp-content\/uploads\/2022\/01\/desmoronamento_capitolio_1-300x180.jpg 300w\" sizes=\"auto, (max-width: 678px) 100vw, 678px\" \/><figcaption class=\"blocks-gallery-item__caption\"><em>Foto: Divulga\u00e7\u00e3o \/ CBMMG<\/em><\/figcaption><\/figure><\/li><\/ul><\/figure>\n\n\n\n<p class=\"wp-block-paragraph\">Os trabalhos de busca recome\u00e7aram \u00e0s 5h de\u00a0hoje\u00a0(9\/1\/2022) e envolvem cerca de 50 pessoas, entre bombeiros e militares da Marinha. Ao todo, 11 mergulhadores do Corpo de Bombeiros atuam na opera\u00e7\u00e3o.<\/p>\n\n\n\n<p class=\"wp-block-paragraph\">As opera\u00e7\u00f5es haviam sido interrompidas \u00e0s 19h de\u00a0ontem\u00a0(8\/1) por falta de visibilidade. O desabamento ocorreu por volta das 12h30, quando um grande bloco de pedra se desprendeu do c\u00e2nion do Lago de Furnas e caiu sobre quatro lanchas. Duas embarca\u00e7\u00f5es afundaram.<br><br>Al\u00e9m dos oito mortos, a trag\u00e9dia deixou 32 pessoas feridas. Pelo menos duas v\u00edtimas tiveram fraturas expostas e passaram por cirurgias em hospitais da regi\u00e3o. V\u00eddeos nas redes sociais mostraram o momento do desabamento, no principal ponto tur\u00edstico do passeio de lancha, com duas cachoeiras na entrada do c\u00e2nion.<\/p>\n\n\n\n<figure class=\"wp-block-gallery columns-1 is-cropped wp-block-gallery-2 is-layout-flex wp-block-gallery-is-layout-flex\"><ul class=\"blocks-gallery-grid\"><li class=\"blocks-gallery-item\"><figure><img loading=\"lazy\" decoding=\"async\" width=\"678\" height=\"406\" src=\"https:\/\/aconteceunovale.com.br\/portal\/wp-content\/uploads\/2022\/01\/acidente_capitolio.jpg\" alt=\"\" data-id=\"185555\" data-full-url=\"https:\/\/aconteceunovale.com.br\/portal\/wp-content\/uploads\/2022\/01\/acidente_capitolio.jpg\" data-link=\"https:\/\/aconteceunovale.com.br\/portal\/?attachment_id=185555\" class=\"wp-image-185555\" srcset=\"https:\/\/aconteceunovale.com.br\/portal\/wp-content\/uploads\/2022\/01\/acidente_capitolio.jpg 678w, https:\/\/aconteceunovale.com.br\/portal\/wp-content\/uploads\/2022\/01\/acidente_capitolio-300x180.jpg 300w\" sizes=\"auto, (max-width: 678px) 100vw, 678px\" \/><figcaption class=\"blocks-gallery-item__caption\"><em>Foto: Divulga\u00e7\u00e3o \/ CBMMG<\/em><\/figcaption><\/figure><\/li><\/ul><\/figure>\n\n\n\n<h2 class=\"wp-block-heading\">Pol\u00edcia Federal refor\u00e7ar\u00e1 identifica\u00e7\u00e3o de v\u00edtimas<\/h2>\n\n\n\n<p class=\"wp-block-paragraph\">Papiloscopistas da Pol\u00edcia Federal ajudar\u00e3o no trabalho de identifica\u00e7\u00e3o dos corpos das v\u00edtimas do desmoronamento do pared\u00e3o rochoso em Capit\u00f3lio. Por meio do Twitter, o ministro da Justi\u00e7a, Anderson Torres, lamentou a trag\u00e9dia e reiterou o apoio da pasta \u00e0 Pol\u00edcia Civil de Minas Gerais.<\/p>\n\n\n\n<p class=\"wp-block-paragraph\"><em>\u201cO pa\u00eds amanhece em choque com as tristes cenas de\u00a0ontem. Al\u00e9m de toda nossa solidariedade \u00e0s fam\u00edlias atingidas, a certeza da nossa ajuda direta. O Minist\u00e9rio da Justi\u00e7a, por meio da Pol\u00edcia Federal, est\u00e1 na regi\u00e3o em apoio \u00e0 Pol\u00edcia Civil de Minas Gerais. Romeu Zema [governador de Minas Gerais], conte conosco\u201d, <\/em>postou o ministro.<\/p>\n\n\n\n<p class=\"wp-block-paragraph\">Os policiais federais enviados a\u00a0Capit\u00f3lio s\u00e3o\u00a0do N\u00facleo de Identifica\u00e7\u00e3o da Superintend\u00eancia da Pol\u00edcia Federal em Minas Gerais. Eles est\u00e3o sendo enviados para o Instituto M\u00e9dico Legal de Passos (MG), para onde foram levados os corpos encontrados pelos bombeiros.<\/p>\n\n\n\n<figure class=\"wp-block-gallery columns-1 is-cropped wp-block-gallery-3 is-layout-flex wp-block-gallery-is-layout-flex\"><ul class=\"blocks-gallery-grid\"><li class=\"blocks-gallery-item\"><figure><img loading=\"lazy\" decoding=\"async\" width=\"678\" height=\"406\" src=\"https:\/\/aconteceunovale.com.br\/portal\/wp-content\/uploads\/2022\/01\/desmoronamento_capitolio_2.jpg\" alt=\"\" data-id=\"185575\" data-full-url=\"https:\/\/aconteceunovale.com.br\/portal\/wp-content\/uploads\/2022\/01\/desmoronamento_capitolio_2.jpg\" data-link=\"https:\/\/aconteceunovale.com.br\/portal\/?attachment_id=185575\" class=\"wp-image-185575\" srcset=\"https:\/\/aconteceunovale.com.br\/portal\/wp-content\/uploads\/2022\/01\/desmoronamento_capitolio_2.jpg 678w, https:\/\/aconteceunovale.com.br\/portal\/wp-content\/uploads\/2022\/01\/desmoronamento_capitolio_2-300x180.jpg 300w\" sizes=\"auto, (max-width: 678px) 100vw, 678px\" \/><figcaption class=\"blocks-gallery-item__caption\"><em>Foto: Divulga\u00e7\u00e3o \/ CBMMG<\/em><\/figcaption><\/figure><\/li><\/ul><\/figure>\n\n\n\n<h2 class=\"wp-block-heading\">V\u00eddeos<\/h2>\n\n\n\n<figure class=\"wp-block-embed is-type-rich is-provider-incorporar-manipulador wp-block-embed-incorporar-manipulador wp-embed-aspect-4-3 wp-has-aspect-ratio\"><div class=\"wp-block-embed__wrapper\">\n<iframe loading=\"lazy\" title=\"Rocha atinge barcos e causa mortes em Capit\u00f3lio\" width=\"696\" height=\"522\" src=\"https:\/\/www.youtube.com\/embed\/haZpGKiDhvQ?feature=oembed\" frameborder=\"0\" allow=\"accelerometer; autoplay; clipboard-write; encrypted-media; gyroscope; picture-in-picture\" allowfullscreen><\/iframe>\n<\/div><\/figure>\n\n\n\n<p class=\"wp-block-paragraph\"><blockquote class=\"twitter-tweet\"><p lang=\"pt\" dir=\"ltr\">MOMENTOS ANTES DA TRAG\u00c9DIA EM CAPIT\u00d3LIO<br><br>Turistas e respons\u00e1veis por lanchas foram avisados para se afastarem de rocha gigante que desabou na regi\u00e3o dos c\u00e2nions de Capit\u00f3lio (MG); veja outros v\u00eddeos<br><br>Saiba mais em <a href=\"https:\/\/t.co\/77CpMRUVTN\">https:\/\/t.co\/77CpMRUVTN<\/a> <a href=\"https:\/\/t.co\/9YY38IV9lI\">pic.twitter.com\/9YY38IV9lI<\/a><\/p>\u2014 Aconteceu no Vale (@noticiadosvales) <a href=\"https:\/\/twitter.com\/noticiadosvales\/status\/1479908615616139267?ref_src=twsrc%5Etfw\">January 8, 2022<\/a><\/blockquote> <script async=\"\" src=\"https:\/\/platform.twitter.com\/widgets.js\" charset=\"utf-8\"><\/script><\/p>\n\n\n\n<p class=\"wp-block-paragraph\">&#8212;&#8212;&#8212;&#8212;&#8212;&#8212;<br><em>Quer receber as not\u00edcias do <strong>Aconteceu no Vale<\/strong> em primeira m\u00e3o? Siga-nos no Facebook <a rel=\"noreferrer noopener\" href=\"http:\/\/facebook.com\/aconteceunovale\" target=\"_blank\">@aconteceunovale<\/a>, Twitter <a rel=\"noreferrer noopener\" href=\"https:\/\/twitter.com\/noticiadosvales\" target=\"_blank\">@noticiadosvales<\/a> e Instagram <a rel=\"noreferrer noopener\" href=\"https:\/\/www.instagram.com\/aconteceunovale\" target=\"_blank\">@aconteceunovale<\/a>.<\/em><\/p>\n","protected":false},"excerpt":{"rendered":"<p>O oitavo corpo de v\u00edtima do desmoronamento de um bloco de pedras no lago de Furnas, em Capit\u00f3lio (MG), foi encontrado, confirmou h\u00e1 pouco o Corpo de Bombeiros Militar de Minas Gerais. Segundo a corpora\u00e7\u00e3o, ainda existem dois desaparecidos. Os trabalhos de busca recome\u00e7aram \u00e0s 5h de\u00a0hoje\u00a0(9\/1\/2022) e envolvem cerca de 50 pessoas, entre bombeiros [&hellip;]<\/p>\n","protected":false},"author":4,"featured_media":185572,"comment_status":"open","ping_status":"closed","sticky":false,"template":"","format":"standard","meta":{"amp_status":"","footnotes":""},"categories":[123],"tags":[257007,257005,257002,257001,257006,4890,257003,1018,36997,131,257015,257014,257013,257016,213,1783,257000,257004,31133],"class_list":["post-185571","post","type-post","status-publish","format-standard","has-post-thumbnail","hentry","category-gerais","tag-acidente-capitolio","tag-acidente-com-lanchas-em-capitolio","tag-acidente-com-rocha-em-capitolio","tag-acidente-em-capitolio","tag-acidente-no-canion-de-capitolio","tag-capitolio","tag-desabamento-de-rocha-em-capitolio","tag-destaque","tag-lago-de-furnas","tag-minas-gerais","tag-mortos-em-capitolio","tag-numero-de-mortos-em-capitolio","tag-numero-de-mortos-em-desabamento-de-rocha-em-capitolio-sobe-para-cinco","tag-obitos-em-capitolio","tag-passos","tag-piumhi","tag-rocha-atinge-barcos-e-causa-morte-em-capitolio","tag-rocha-desaba-em-capitolio","tag-sao-jose-da-barra"],"yoast_head":"<!-- This site is optimized with the Yoast SEO plugin v28.3 - https:\/\/yoast.com\/product\/yoast-seo-wordpress\/ -->\n<title>Encontrado o oitavo corpo de v\u00edtima de desmoronamento em Capit\u00f3lio - Aconteceu no Vale<\/title>\n<meta name=\"robots\" content=\"index, follow, max-snippet:-1, max-image-preview:large, max-video-preview:-1\" \/>\n<link rel=\"canonical\" href=\"https:\/\/aconteceunovale.com.br\/portal\/?p=185571\" \/>\n<meta property=\"og:locale\" content=\"pt_BR\" \/>\n<meta property=\"og:type\" content=\"article\" \/>\n<meta property=\"og:title\" content=\"Encontrado o oitavo corpo de v\u00edtima de desmoronamento em Capit\u00f3lio - Aconteceu no Vale\" \/>\n<meta property=\"og:description\" content=\"O oitavo corpo de v\u00edtima do desmoronamento de um bloco de pedras no lago de Furnas, em Capit\u00f3lio (MG), foi encontrado, confirmou h\u00e1 pouco o Corpo de Bombeiros Militar de Minas Gerais. Segundo a corpora\u00e7\u00e3o, ainda existem dois desaparecidos. Os trabalhos de busca recome\u00e7aram \u00e0s 5h de\u00a0hoje\u00a0(9\/1\/2022) e envolvem cerca de 50 pessoas, entre bombeiros [&hellip;]\" \/>\n<meta property=\"og:url\" content=\"https:\/\/aconteceunovale.com.br\/portal\/?p=185571\" \/>\n<meta property=\"og:site_name\" content=\"Aconteceu no Vale\" \/>\n<meta property=\"article:publisher\" content=\"https:\/\/www.facebook.com\/aconteceunovale\/\" \/>\n<meta property=\"article:published_time\" content=\"2022-01-09T15:19:48+00:00\" \/>\n<meta property=\"article:modified_time\" content=\"2022-01-09T15:23:39+00:00\" \/>\n<meta property=\"og:image\" content=\"https:\/\/aconteceunovale.com.br\/portal\/wp-content\/uploads\/2022\/01\/desmoronamento_capitolio_1.jpg\" \/>\n\t<meta property=\"og:image:width\" content=\"678\" \/>\n\t<meta property=\"og:image:height\" content=\"406\" \/>\n\t<meta property=\"og:image:type\" content=\"image\/jpeg\" \/>\n<meta name=\"author\" content=\"Reda\u00e7\u00e3o Aconteceu no Vale\" \/>\n<meta name=\"twitter:card\" content=\"summary_large_image\" \/>\n<meta name=\"twitter:creator\" content=\"@noticiadosvales\" \/>\n<meta name=\"twitter:site\" content=\"@noticiadosvales\" \/>\n<meta name=\"twitter:label1\" content=\"Escrito por\" \/>\n\t<meta name=\"twitter:data1\" content=\"Reda\u00e7\u00e3o Aconteceu no Vale\" \/>\n\t<meta name=\"twitter:label2\" content=\"Est. tempo de leitura\" \/>\n\t<meta name=\"twitter:data2\" content=\"2 minutos\" \/>\n<script type=\"application\/ld+json\" class=\"yoast-schema-graph\">{\"@context\":\"https:\\\/\\\/schema.org\",\"@graph\":[{\"@type\":\"Article\",\"@id\":\"https:\\\/\\\/aconteceunovale.com.br\\\/portal\\\/?p=185571#article\",\"isPartOf\":{\"@id\":\"https:\\\/\\\/aconteceunovale.com.br\\\/portal\\\/?p=185571\"},\"author\":{\"name\":\"Reda\u00e7\u00e3o Aconteceu no Vale\",\"@id\":\"https:\\\/\\\/aconteceunovale.com.br\\\/portal\\\/#\\\/schema\\\/person\\\/7d2f26d1483f8a63de73da1ee0754d35\"},\"headline\":\"Encontrado o oitavo corpo de v\u00edtima de desmoronamento em Capit\u00f3lio\",\"datePublished\":\"2022-01-09T15:19:48+00:00\",\"dateModified\":\"2022-01-09T15:23:39+00:00\",\"mainEntityOfPage\":{\"@id\":\"https:\\\/\\\/aconteceunovale.com.br\\\/portal\\\/?p=185571\"},\"wordCount\":459,\"commentCount\":0,\"image\":{\"@id\":\"https:\\\/\\\/aconteceunovale.com.br\\\/portal\\\/?p=185571#primaryimage\"},\"thumbnailUrl\":\"https:\\\/\\\/aconteceunovale.com.br\\\/portal\\\/wp-content\\\/uploads\\\/2022\\\/01\\\/desmoronamento_capitolio_1.jpg\",\"keywords\":[\"Acidente Capit\u00f3lio\",\"Acidente com lanchas em Capit\u00f3lio\",\"Acidente com rocha em Capit\u00f3lio\",\"Acidente em Capit\u00f3lio\",\"Acidente no c\u00e2nion de Capit\u00f3lio\",\"Capit\u00f3lio\",\"Desabamento de rocha em Capit\u00f3lio\",\"destaque\",\"Lago de Furnas\",\"Minas Gerais\",\"Mortos em Capit\u00f3lio\",\"N\u00famero de mortos em Capit\u00f3lio\",\"N\u00famero de mortos em desabamento de rocha em Capit\u00f3lio sobe para cinco\",\"\u00d3bitos em Capit\u00f3lio\",\"Passos\",\"Piumhi\",\"Rocha atinge barcos e causa morte em Capit\u00f3lio\",\"Rocha desaba em Capit\u00f3lio\",\"S\u00e3o Jos\u00e9 da Barra\"],\"articleSection\":[\"Minas Gerais\"],\"inLanguage\":\"pt-BR\",\"potentialAction\":[{\"@type\":\"CommentAction\",\"name\":\"Comment\",\"target\":[\"https:\\\/\\\/aconteceunovale.com.br\\\/portal\\\/?p=185571#respond\"]}]},{\"@type\":\"WebPage\",\"@id\":\"https:\\\/\\\/aconteceunovale.com.br\\\/portal\\\/?p=185571\",\"url\":\"https:\\\/\\\/aconteceunovale.com.br\\\/portal\\\/?p=185571\",\"name\":\"Encontrado o oitavo corpo de v\u00edtima de desmoronamento em Capit\u00f3lio - Aconteceu no Vale\",\"isPartOf\":{\"@id\":\"https:\\\/\\\/aconteceunovale.com.br\\\/portal\\\/#website\"},\"primaryImageOfPage\":{\"@id\":\"https:\\\/\\\/aconteceunovale.com.br\\\/portal\\\/?p=185571#primaryimage\"},\"image\":{\"@id\":\"https:\\\/\\\/aconteceunovale.com.br\\\/portal\\\/?p=185571#primaryimage\"},\"thumbnailUrl\":\"https:\\\/\\\/aconteceunovale.com.br\\\/portal\\\/wp-content\\\/uploads\\\/2022\\\/01\\\/desmoronamento_capitolio_1.jpg\",\"datePublished\":\"2022-01-09T15:19:48+00:00\",\"dateModified\":\"2022-01-09T15:23:39+00:00\",\"author\":{\"@id\":\"https:\\\/\\\/aconteceunovale.com.br\\\/portal\\\/#\\\/schema\\\/person\\\/7d2f26d1483f8a63de73da1ee0754d35\"},\"breadcrumb\":{\"@id\":\"https:\\\/\\\/aconteceunovale.com.br\\\/portal\\\/?p=185571#breadcrumb\"},\"inLanguage\":\"pt-BR\",\"potentialAction\":[{\"@type\":\"ReadAction\",\"target\":[\"https:\\\/\\\/aconteceunovale.com.br\\\/portal\\\/?p=185571\"]}]},{\"@type\":\"ImageObject\",\"inLanguage\":\"pt-BR\",\"@id\":\"https:\\\/\\\/aconteceunovale.com.br\\\/portal\\\/?p=185571#primaryimage\",\"url\":\"https:\\\/\\\/aconteceunovale.com.br\\\/portal\\\/wp-content\\\/uploads\\\/2022\\\/01\\\/desmoronamento_capitolio_1.jpg\",\"contentUrl\":\"https:\\\/\\\/aconteceunovale.com.br\\\/portal\\\/wp-content\\\/uploads\\\/2022\\\/01\\\/desmoronamento_capitolio_1.jpg\",\"width\":678,\"height\":406},{\"@type\":\"BreadcrumbList\",\"@id\":\"https:\\\/\\\/aconteceunovale.com.br\\\/portal\\\/?p=185571#breadcrumb\",\"itemListElement\":[{\"@type\":\"ListItem\",\"position\":1,\"name\":\"In\u00edcio\",\"item\":\"https:\\\/\\\/aconteceunovale.com.br\\\/portal\\\/\"},{\"@type\":\"ListItem\",\"position\":2,\"name\":\"Encontrado o oitavo corpo de v\u00edtima de desmoronamento em Capit\u00f3lio\"}]},{\"@type\":\"WebSite\",\"@id\":\"https:\\\/\\\/aconteceunovale.com.br\\\/portal\\\/#website\",\"url\":\"https:\\\/\\\/aconteceunovale.com.br\\\/portal\\\/\",\"name\":\"Aconteceu no Vale\",\"description\":\"Portal de Not\u00edcias\",\"potentialAction\":[{\"@type\":\"SearchAction\",\"target\":{\"@type\":\"EntryPoint\",\"urlTemplate\":\"https:\\\/\\\/aconteceunovale.com.br\\\/portal\\\/?s={search_term_string}\"},\"query-input\":{\"@type\":\"PropertyValueSpecification\",\"valueRequired\":true,\"valueName\":\"search_term_string\"}}],\"inLanguage\":\"pt-BR\"},{\"@type\":\"Person\",\"@id\":\"https:\\\/\\\/aconteceunovale.com.br\\\/portal\\\/#\\\/schema\\\/person\\\/7d2f26d1483f8a63de73da1ee0754d35\",\"name\":\"Reda\u00e7\u00e3o Aconteceu no Vale\",\"description\":\"Equipe de reportagem do Aconteceu no Vale, portal de not\u00edcias do Vale do Jequitinhonha, em Minas Gerais. Cobrimos as 51 cidades do Vale desde 2013. Sugest\u00f5es de pauta e pedidos de corre\u00e7\u00e3o: contato@aconteceunovale.com.br\",\"url\":\"https:\\\/\\\/aconteceunovale.com.br\\\/portal\\\/?author=4\"}]}<\/script>\n<!-- \/ Yoast SEO plugin. -->","yoast_head_json":{"title":"Encontrado o oitavo corpo de v\u00edtima de desmoronamento em Capit\u00f3lio - Aconteceu no Vale","robots":{"index":"index","follow":"follow","max-snippet":"max-snippet:-1","max-image-preview":"max-image-preview:large","max-video-preview":"max-video-preview:-1"},"canonical":"https:\/\/aconteceunovale.com.br\/portal\/?p=185571","og_locale":"pt_BR","og_type":"article","og_title":"Encontrado o oitavo corpo de v\u00edtima de desmoronamento em Capit\u00f3lio - Aconteceu no Vale","og_description":"O oitavo corpo de v\u00edtima do desmoronamento de um bloco de pedras no lago de Furnas, em Capit\u00f3lio (MG), foi encontrado, confirmou h\u00e1 pouco o Corpo de Bombeiros Militar de Minas Gerais. Segundo a corpora\u00e7\u00e3o, ainda existem dois desaparecidos. Os trabalhos de busca recome\u00e7aram \u00e0s 5h de\u00a0hoje\u00a0(9\/1\/2022) e envolvem cerca de 50 pessoas, entre bombeiros [&hellip;]","og_url":"https:\/\/aconteceunovale.com.br\/portal\/?p=185571","og_site_name":"Aconteceu no Vale","article_publisher":"https:\/\/www.facebook.com\/aconteceunovale\/","article_published_time":"2022-01-09T15:19:48+00:00","article_modified_time":"2022-01-09T15:23:39+00:00","og_image":[{"width":678,"height":406,"url":"https:\/\/aconteceunovale.com.br\/portal\/wp-content\/uploads\/2022\/01\/desmoronamento_capitolio_1.jpg","type":"image\/jpeg"}],"author":"Reda\u00e7\u00e3o Aconteceu no Vale","twitter_card":"summary_large_image","twitter_creator":"@noticiadosvales","twitter_site":"@noticiadosvales","twitter_misc":{"Escrito por":"Reda\u00e7\u00e3o Aconteceu no Vale","Est. tempo de leitura":"2 minutos"},"schema":{"@context":"https:\/\/schema.org","@graph":[{"@type":"Article","@id":"https:\/\/aconteceunovale.com.br\/portal\/?p=185571#article","isPartOf":{"@id":"https:\/\/aconteceunovale.com.br\/portal\/?p=185571"},"author":{"name":"Reda\u00e7\u00e3o Aconteceu no Vale","@id":"https:\/\/aconteceunovale.com.br\/portal\/#\/schema\/person\/7d2f26d1483f8a63de73da1ee0754d35"},"headline":"Encontrado o oitavo corpo de v\u00edtima de desmoronamento em Capit\u00f3lio","datePublished":"2022-01-09T15:19:48+00:00","dateModified":"2022-01-09T15:23:39+00:00","mainEntityOfPage":{"@id":"https:\/\/aconteceunovale.com.br\/portal\/?p=185571"},"wordCount":459,"commentCount":0,"image":{"@id":"https:\/\/aconteceunovale.com.br\/portal\/?p=185571#primaryimage"},"thumbnailUrl":"https:\/\/aconteceunovale.com.br\/portal\/wp-content\/uploads\/2022\/01\/desmoronamento_capitolio_1.jpg","keywords":["Acidente Capit\u00f3lio","Acidente com lanchas em Capit\u00f3lio","Acidente com rocha em Capit\u00f3lio","Acidente em Capit\u00f3lio","Acidente no c\u00e2nion de Capit\u00f3lio","Capit\u00f3lio","Desabamento de rocha em Capit\u00f3lio","destaque","Lago de Furnas","Minas Gerais","Mortos em Capit\u00f3lio","N\u00famero de mortos em Capit\u00f3lio","N\u00famero de mortos em desabamento de rocha em Capit\u00f3lio sobe para cinco","\u00d3bitos em Capit\u00f3lio","Passos","Piumhi","Rocha atinge barcos e causa morte em Capit\u00f3lio","Rocha desaba em Capit\u00f3lio","S\u00e3o Jos\u00e9 da Barra"],"articleSection":["Minas Gerais"],"inLanguage":"pt-BR","potentialAction":[{"@type":"CommentAction","name":"Comment","target":["https:\/\/aconteceunovale.com.br\/portal\/?p=185571#respond"]}]},{"@type":"WebPage","@id":"https:\/\/aconteceunovale.com.br\/portal\/?p=185571","url":"https:\/\/aconteceunovale.com.br\/portal\/?p=185571","name":"Encontrado o oitavo corpo de v\u00edtima de desmoronamento em Capit\u00f3lio - Aconteceu no Vale","isPartOf":{"@id":"https:\/\/aconteceunovale.com.br\/portal\/#website"},"primaryImageOfPage":{"@id":"https:\/\/aconteceunovale.com.br\/portal\/?p=185571#primaryimage"},"image":{"@id":"https:\/\/aconteceunovale.com.br\/portal\/?p=185571#primaryimage"},"thumbnailUrl":"https:\/\/aconteceunovale.com.br\/portal\/wp-content\/uploads\/2022\/01\/desmoronamento_capitolio_1.jpg","datePublished":"2022-01-09T15:19:48+00:00","dateModified":"2022-01-09T15:23:39+00:00","author":{"@id":"https:\/\/aconteceunovale.com.br\/portal\/#\/schema\/person\/7d2f26d1483f8a63de73da1ee0754d35"},"breadcrumb":{"@id":"https:\/\/aconteceunovale.com.br\/portal\/?p=185571#breadcrumb"},"inLanguage":"pt-BR","potentialAction":[{"@type":"ReadAction","target":["https:\/\/aconteceunovale.com.br\/portal\/?p=185571"]}]},{"@type":"ImageObject","inLanguage":"pt-BR","@id":"https:\/\/aconteceunovale.com.br\/portal\/?p=185571#primaryimage","url":"https:\/\/aconteceunovale.com.br\/portal\/wp-content\/uploads\/2022\/01\/desmoronamento_capitolio_1.jpg","contentUrl":"https:\/\/aconteceunovale.com.br\/portal\/wp-content\/uploads\/2022\/01\/desmoronamento_capitolio_1.jpg","width":678,"height":406},{"@type":"BreadcrumbList","@id":"https:\/\/aconteceunovale.com.br\/portal\/?p=185571#breadcrumb","itemListElement":[{"@type":"ListItem","position":1,"name":"In\u00edcio","item":"https:\/\/aconteceunovale.com.br\/portal\/"},{"@type":"ListItem","position":2,"name":"Encontrado o oitavo corpo de v\u00edtima de desmoronamento em Capit\u00f3lio"}]},{"@type":"WebSite","@id":"https:\/\/aconteceunovale.com.br\/portal\/#website","url":"https:\/\/aconteceunovale.com.br\/portal\/","name":"Aconteceu no Vale","description":"Portal de Not\u00edcias","potentialAction":[{"@type":"SearchAction","target":{"@type":"EntryPoint","urlTemplate":"https:\/\/aconteceunovale.com.br\/portal\/?s={search_term_string}"},"query-input":{"@type":"PropertyValueSpecification","valueRequired":true,"valueName":"search_term_string"}}],"inLanguage":"pt-BR"},{"@type":"Person","@id":"https:\/\/aconteceunovale.com.br\/portal\/#\/schema\/person\/7d2f26d1483f8a63de73da1ee0754d35","name":"Reda\u00e7\u00e3o Aconteceu no Vale","description":"Equipe de reportagem do Aconteceu no Vale, portal de not\u00edcias do Vale do Jequitinhonha, em Minas Gerais. Cobrimos as 51 cidades do Vale desde 2013. Sugest\u00f5es de pauta e pedidos de corre\u00e7\u00e3o: contato@aconteceunovale.com.br","url":"https:\/\/aconteceunovale.com.br\/portal\/?author=4"}]}},"_links":{"self":[{"href":"https:\/\/aconteceunovale.com.br\/portal\/index.php?rest_route=\/wp\/v2\/posts\/185571","targetHints":{"allow":["GET"]}}],"collection":[{"href":"https:\/\/aconteceunovale.com.br\/portal\/index.php?rest_route=\/wp\/v2\/posts"}],"about":[{"href":"https:\/\/aconteceunovale.com.br\/portal\/index.php?rest_route=\/wp\/v2\/types\/post"}],"author":[{"embeddable":true,"href":"https:\/\/aconteceunovale.com.br\/portal\/index.php?rest_route=\/wp\/v2\/users\/4"}],"replies":[{"embeddable":true,"href":"https:\/\/aconteceunovale.com.br\/portal\/index.php?rest_route=%2Fwp%2Fv2%2Fcomments&post=185571"}],"version-history":[{"count":2,"href":"https:\/\/aconteceunovale.com.br\/portal\/index.php?rest_route=\/wp\/v2\/posts\/185571\/revisions"}],"predecessor-version":[{"id":185576,"href":"https:\/\/aconteceunovale.com.br\/portal\/index.php?rest_route=\/wp\/v2\/posts\/185571\/revisions\/185576"}],"wp:featuredmedia":[{"embeddable":true,"href":"https:\/\/aconteceunovale.com.br\/portal\/index.php?rest_route=\/wp\/v2\/media\/185572"}],"wp:attachment":[{"href":"https:\/\/aconteceunovale.com.br\/portal\/index.php?rest_route=%2Fwp%2Fv2%2Fmedia&parent=185571"}],"wp:term":[{"taxonomy":"category","embeddable":true,"href":"https:\/\/aconteceunovale.com.br\/portal\/index.php?rest_route=%2Fwp%2Fv2%2Fcategories&post=185571"},{"taxonomy":"post_tag","embeddable":true,"href":"https:\/\/aconteceunovale.com.br\/portal\/index.php?rest_route=%2Fwp%2Fv2%2Ftags&post=185571"}],"curies":[{"name":"wp","href":"https:\/\/api.w.org\/{rel}","templated":true}]}}