{"id":185558,"date":"2022-01-08T19:27:42","date_gmt":"2022-01-08T22:27:42","guid":{"rendered":"https:\/\/aconteceunovale.com.br\/portal\/?p=185558"},"modified":"2022-01-08T19:59:17","modified_gmt":"2022-01-08T22:59:17","slug":"comandante-do-corpo-de-bombeiros-de-minas-gerais-pede-que-pessoas-evitem-locais-de-risco","status":"publish","type":"post","link":"https:\/\/aconteceunovale.com.br\/portal\/?p=185558","title":{"rendered":"Comandante do Corpo de Bombeiros de Minas Gerais pede que pessoas evitem locais de risco"},"content":{"rendered":"\n<p class=\"wp-block-paragraph\">O comandante do Corpo de Bombeiros de Minas Gerais, coronel Edgard Estevo, fez hoje (8\/1\/2022) um apelo \u00e0 popula\u00e7\u00e3o para que evite locais com risco de deslizamento e enxurradas. As fortes chuvas provocaram v\u00e1rios problemas por todo o estado. Segundo o comandante, em 24 horas, foram registras 98 ocorr\u00eancias da Defesa Civil, inclusive o&nbsp;transbordamento de um dique&nbsp;que interditou a BR-040 e deixou uma pessoa ferida.<\/p>\n\n\n\n<figure class=\"wp-block-gallery columns-1 is-cropped wp-block-gallery-1 is-layout-flex wp-block-gallery-is-layout-flex\"><ul class=\"blocks-gallery-grid\"><li class=\"blocks-gallery-item\"><figure><img loading=\"lazy\" decoding=\"async\" width=\"678\" height=\"406\" src=\"https:\/\/aconteceunovale.com.br\/portal\/wp-content\/uploads\/2022\/01\/acidente_capitolio_2.jpg\" alt=\"\" data-id=\"185559\" data-full-url=\"https:\/\/aconteceunovale.com.br\/portal\/wp-content\/uploads\/2022\/01\/acidente_capitolio_2.jpg\" data-link=\"https:\/\/aconteceunovale.com.br\/portal\/?attachment_id=185559\" class=\"wp-image-185559\" srcset=\"https:\/\/aconteceunovale.com.br\/portal\/wp-content\/uploads\/2022\/01\/acidente_capitolio_2.jpg 678w, https:\/\/aconteceunovale.com.br\/portal\/wp-content\/uploads\/2022\/01\/acidente_capitolio_2-300x180.jpg 300w\" sizes=\"auto, (max-width: 678px) 100vw, 678px\" \/><figcaption class=\"blocks-gallery-item__caption\"><em>Foto: Divulga\u00e7\u00e3o\/CBMMG<\/em><\/figcaption><\/figure><\/li><\/ul><\/figure>\n\n\n\n<p class=\"wp-block-paragraph\">Outras rodovias tamb\u00e9m t\u00eam pontos de interdi\u00e7\u00e3o, de acordo com a Pol\u00edcia Rodovi\u00e1ria Federal (PRF). Um deslizamento de terra deixou cinco feridos em Ibirit\u00e9. E um imenso bloco de rocha se desprendeu das paredes do&nbsp;<a href=\"https:\/\/aconteceunovale.com.br\/portal\/?p=185519\" target=\"_blank\" rel=\"noreferrer noopener\">c\u00e2nion de Capit\u00f3lio<\/a>, matando pelo menos seis pessoas e deixando mais de 30 feridos, mas n\u00e3o h\u00e1, por enquanto, nenhuma confirma\u00e7\u00e3o de que a ocorr\u00eancia tenha rela\u00e7\u00e3o com as chuvas.<\/p>\n\n\n\n<p class=\"wp-block-paragraph\">\u201cPrecisamos desse comportamento de autoprote\u00e7\u00e3o de todo cidad\u00e3o, evitando esses espa\u00e7os que s\u00e3o de risco geol\u00f3gico para deslizamentos, escorregamentos bem como para todos os espa\u00e7os de inunda\u00e7\u00e3o e alagamento\u201d, disse Estevo.<\/p>\n\n\n\n<p class=\"wp-block-paragraph\">A coordenadora adjunta da Defesa Civil mineira, tenente-coronel Gracielle Rodrigues Santos, afirmou que Minas Gerais est\u00e1 sofrendo com as chuvas intensas e que, por isso, os solos j\u00e1 est\u00e3o saturados, o que aumenta os riscos de deslizamento de terra.<\/p>\n\n\n\n<h2 class=\"wp-block-heading\">Capit\u00f3lio<\/h2>\n\n\n\n<p class=\"wp-block-paragraph\">Sobre o caso espec\u00edfico de Capit\u00f3lio, Gracielle disse que s\u00f3 uma an\u00e1lise poder\u00e1 dizer o que causou o desprendimento da rocha.<\/p>\n\n\n\n<p class=\"wp-block-paragraph\">Em Capit\u00f3lio, al\u00e9m dos seis corpos resgatados e mais de 30 pessoas socorridas com vida, os bombeiros buscam outras pessoas. Com base em informa\u00e7\u00f5es de testemunhas, ag\u00eancias de turismo e parentes, o Corpo de Bombeiros estima haver quatro desaparecidos no local. Quarenta homens participam dos trabalhos de resgate.<\/p>\n\n\n\n<p class=\"wp-block-paragraph\">As buscas com mergulhadores ser\u00e3o interrompidas durante a noite, mas, de acordo com Estevo, os bombeiros permanecer\u00e3o no local. Uma aeronave que estava se deslocando para Capit\u00f3lio, n\u00e3o conseguiu chegar devido ao mau tempo.<\/p>\n\n\n\n<p class=\"wp-block-paragraph\">A Pol\u00edcia Civil informou que, por estarem passeando de barcos, algumas v\u00edtimas n\u00e3o tinham documento de identidade e, por isso, os corpos precisar\u00e3o passar por processo de identifica\u00e7\u00e3o.<\/p>\n\n\n\n<p class=\"wp-block-paragraph\">A Marinha participa dos trabalhos de resgate e abrir\u00e1 um inqu\u00e9rito para apurar as circunst\u00e2ncias do acidente.<\/p>\n\n\n\n<figure class=\"wp-block-gallery columns-1 is-cropped wp-block-gallery-2 is-layout-flex wp-block-gallery-is-layout-flex\"><ul class=\"blocks-gallery-grid\"><li class=\"blocks-gallery-item\"><figure><img loading=\"lazy\" decoding=\"async\" width=\"678\" height=\"406\" src=\"https:\/\/aconteceunovale.com.br\/portal\/wp-content\/uploads\/2022\/01\/acidente_capitolio.jpg\" alt=\"\" data-id=\"185555\" data-full-url=\"https:\/\/aconteceunovale.com.br\/portal\/wp-content\/uploads\/2022\/01\/acidente_capitolio.jpg\" data-link=\"https:\/\/aconteceunovale.com.br\/portal\/?attachment_id=185555\" class=\"wp-image-185555\" srcset=\"https:\/\/aconteceunovale.com.br\/portal\/wp-content\/uploads\/2022\/01\/acidente_capitolio.jpg 678w, https:\/\/aconteceunovale.com.br\/portal\/wp-content\/uploads\/2022\/01\/acidente_capitolio-300x180.jpg 300w\" sizes=\"auto, (max-width: 678px) 100vw, 678px\" \/><figcaption class=\"blocks-gallery-item__caption\"><em>Foto: Divulga\u00e7\u00e3o\/CBMMG<\/em><\/figcaption><\/figure><\/li><\/ul><\/figure>\n\n\n\n<h2 class=\"wp-block-heading\">V\u00eddeos<\/h2>\n\n\n\n<figure class=\"wp-block-embed is-type-rich is-provider-incorporar-manipulador wp-block-embed-incorporar-manipulador wp-embed-aspect-4-3 wp-has-aspect-ratio\"><div class=\"wp-block-embed__wrapper\">\n<iframe loading=\"lazy\" title=\"Rocha atinge barcos e causa mortes em Capit\u00f3lio\" width=\"696\" height=\"522\" src=\"https:\/\/www.youtube.com\/embed\/haZpGKiDhvQ?feature=oembed\" frameborder=\"0\" allow=\"accelerometer; autoplay; clipboard-write; encrypted-media; gyroscope; picture-in-picture\" allowfullscreen><\/iframe>\n<\/div><\/figure>\n\n\n\n<p class=\"wp-block-paragraph\"><blockquote class=\"twitter-tweet\"><p lang=\"pt\" dir=\"ltr\">MOMENTOS ANTES DA TRAG\u00c9DIA EM CAPIT\u00d3LIO<br><br>Turistas e respons\u00e1veis por lanchas foram avisados para se afastarem de rocha gigante que desabou na regi\u00e3o dos c\u00e2nions de Capit\u00f3lio (MG); veja outros v\u00eddeos<br><br>Saiba mais em <a href=\"https:\/\/t.co\/77CpMRUVTN\">https:\/\/t.co\/77CpMRUVTN<\/a> <a href=\"https:\/\/t.co\/9YY38IV9lI\">pic.twitter.com\/9YY38IV9lI<\/a><\/p>\u2014 Aconteceu no Vale (@noticiadosvales) <a href=\"https:\/\/twitter.com\/noticiadosvales\/status\/1479908615616139267?ref_src=twsrc%5Etfw\">January 8, 2022<\/a><\/blockquote> <script async=\"\" src=\"https:\/\/platform.twitter.com\/widgets.js\" charset=\"utf-8\"><\/script><\/p>\n\n\n\n<p class=\"wp-block-paragraph\">&#8212;&#8212;&#8212;&#8212;&#8212;&#8212;<br><em>Quer receber as not\u00edcias do <strong>Aconteceu no Vale<\/strong> em primeira m\u00e3o? Siga-nos no Facebook <a rel=\"noreferrer noopener\" href=\"http:\/\/facebook.com\/aconteceunovale\" target=\"_blank\">@aconteceunovale<\/a>, Twitter <a rel=\"noreferrer noopener\" href=\"https:\/\/twitter.com\/noticiadosvales\" target=\"_blank\">@noticiadosvales<\/a> e Instagram <a rel=\"noreferrer noopener\" href=\"https:\/\/www.instagram.com\/aconteceunovale\" target=\"_blank\">@aconteceunovale<\/a>.<\/em><\/p>\n","protected":false},"excerpt":{"rendered":"<p>O comandante do Corpo de Bombeiros de Minas Gerais, coronel Edgard Estevo, fez hoje (8\/1\/2022) um apelo \u00e0 popula\u00e7\u00e3o para que evite locais com risco de deslizamento e enxurradas. As fortes chuvas provocaram v\u00e1rios problemas por todo o estado. Segundo o comandante, em 24 horas, foram registras 98 ocorr\u00eancias da Defesa Civil, inclusive o&nbsp;transbordamento de [&hellip;]<\/p>\n","protected":false},"author":4,"featured_media":185559,"comment_status":"open","ping_status":"closed","sticky":false,"template":"","format":"standard","meta":{"amp_status":"","footnotes":""},"categories":[123],"tags":[257007,257005,257002,257001,257006,215611,215282,253082,2379,257011,4890,215281,2619,257020,257003,1018,4484,14426,54659,32251,36997,257009,257008,15365,257010,131,257015,1496,257014,257013,257016,213,1783,1104,257000,257004,31133,257018,257017,257012],"class_list":["post-185558","post","type-post","status-publish","format-standard","has-post-thumbnail","hentry","category-gerais","tag-acidente-capitolio","tag-acidente-com-lanchas-em-capitolio","tag-acidente-com-rocha-em-capitolio","tag-acidente-em-capitolio","tag-acidente-no-canion-de-capitolio","tag-alerta-de-chuva-em-minas-gerais","tag-alerta-de-chuva-forte-em-minas-gerais","tag-alerta-de-temporal-em-minas-gerais","tag-bahia","tag-barragem-da-vallourec","tag-capitolio","tag-cenad","tag-chuvas-em-minas-gerais","tag-defesa-civil-nacional","tag-desabamento-de-rocha-em-capitolio","tag-destaque","tag-espirito-santo","tag-goias","tag-inmet","tag-interdicao-da-br-040","tag-lago-de-furnas","tag-lama-br-040","tag-lama-de-barragem-em-nova-lima","tag-maranhao","tag-mina-de-pau-branco","tag-minas-gerais","tag-mortos-em-capitolio","tag-nova-lima","tag-numero-de-mortos-em-capitolio","tag-numero-de-mortos-em-desabamento-de-rocha-em-capitolio-sobe-para-cinco","tag-obitos-em-capitolio","tag-passos","tag-piumhi","tag-rio-de-janeiro","tag-rocha-atinge-barcos-e-causa-morte-em-capitolio","tag-rocha-desaba-em-capitolio","tag-sao-jose-da-barra","tag-transbordamento-em-nova-lima","tag-um-fica-ferido-e-seis-abandonam-casas-apos-transbordamento-em-nova-lima","tag-vallourec"],"yoast_head":"<!-- This site is optimized with the Yoast SEO plugin v28.3 - https:\/\/yoast.com\/product\/yoast-seo-wordpress\/ -->\n<title>Comandante do Corpo de Bombeiros de Minas Gerais pede que pessoas evitem locais de risco - Aconteceu no Vale<\/title>\n<meta name=\"robots\" content=\"index, follow, max-snippet:-1, max-image-preview:large, max-video-preview:-1\" \/>\n<link rel=\"canonical\" href=\"https:\/\/aconteceunovale.com.br\/portal\/?p=185558\" \/>\n<meta property=\"og:locale\" content=\"pt_BR\" \/>\n<meta property=\"og:type\" content=\"article\" \/>\n<meta property=\"og:title\" content=\"Comandante do Corpo de Bombeiros de Minas Gerais pede que pessoas evitem locais de risco - Aconteceu no Vale\" \/>\n<meta property=\"og:description\" content=\"O comandante do Corpo de Bombeiros de Minas Gerais, coronel Edgard Estevo, fez hoje (8\/1\/2022) um apelo \u00e0 popula\u00e7\u00e3o para que evite locais com risco de deslizamento e enxurradas. As fortes chuvas provocaram v\u00e1rios problemas por todo o estado. Segundo o comandante, em 24 horas, foram registras 98 ocorr\u00eancias da Defesa Civil, inclusive o&nbsp;transbordamento de [&hellip;]\" \/>\n<meta property=\"og:url\" content=\"https:\/\/aconteceunovale.com.br\/portal\/?p=185558\" \/>\n<meta property=\"og:site_name\" content=\"Aconteceu no Vale\" \/>\n<meta property=\"article:publisher\" content=\"https:\/\/www.facebook.com\/aconteceunovale\/\" \/>\n<meta property=\"article:published_time\" content=\"2022-01-08T22:27:42+00:00\" \/>\n<meta property=\"article:modified_time\" content=\"2022-01-08T22:59:17+00:00\" \/>\n<meta property=\"og:image\" content=\"https:\/\/aconteceunovale.com.br\/portal\/wp-content\/uploads\/2022\/01\/acidente_capitolio_2.jpg\" \/>\n\t<meta property=\"og:image:width\" content=\"678\" \/>\n\t<meta property=\"og:image:height\" content=\"406\" \/>\n\t<meta property=\"og:image:type\" content=\"image\/jpeg\" \/>\n<meta name=\"author\" content=\"Reda\u00e7\u00e3o Aconteceu no Vale\" \/>\n<meta name=\"twitter:card\" content=\"summary_large_image\" \/>\n<meta name=\"twitter:creator\" content=\"@noticiadosvales\" \/>\n<meta name=\"twitter:site\" content=\"@noticiadosvales\" \/>\n<meta name=\"twitter:label1\" content=\"Escrito por\" \/>\n\t<meta name=\"twitter:data1\" content=\"Reda\u00e7\u00e3o Aconteceu no Vale\" \/>\n\t<meta name=\"twitter:label2\" content=\"Est. tempo de leitura\" \/>\n\t<meta name=\"twitter:data2\" content=\"2 minutos\" \/>\n<script type=\"application\/ld+json\" class=\"yoast-schema-graph\">{\"@context\":\"https:\\\/\\\/schema.org\",\"@graph\":[{\"@type\":\"Article\",\"@id\":\"https:\\\/\\\/aconteceunovale.com.br\\\/portal\\\/?p=185558#article\",\"isPartOf\":{\"@id\":\"https:\\\/\\\/aconteceunovale.com.br\\\/portal\\\/?p=185558\"},\"author\":{\"name\":\"Reda\u00e7\u00e3o Aconteceu no Vale\",\"@id\":\"https:\\\/\\\/aconteceunovale.com.br\\\/portal\\\/#\\\/schema\\\/person\\\/7d2f26d1483f8a63de73da1ee0754d35\"},\"headline\":\"Comandante do Corpo de Bombeiros de Minas Gerais pede que pessoas evitem locais de risco\",\"datePublished\":\"2022-01-08T22:27:42+00:00\",\"dateModified\":\"2022-01-08T22:59:17+00:00\",\"mainEntityOfPage\":{\"@id\":\"https:\\\/\\\/aconteceunovale.com.br\\\/portal\\\/?p=185558\"},\"wordCount\":499,\"commentCount\":0,\"image\":{\"@id\":\"https:\\\/\\\/aconteceunovale.com.br\\\/portal\\\/?p=185558#primaryimage\"},\"thumbnailUrl\":\"https:\\\/\\\/aconteceunovale.com.br\\\/portal\\\/wp-content\\\/uploads\\\/2022\\\/01\\\/acidente_capitolio_2.jpg\",\"keywords\":[\"Acidente Capit\u00f3lio\",\"Acidente com lanchas em Capit\u00f3lio\",\"Acidente com rocha em Capit\u00f3lio\",\"Acidente em Capit\u00f3lio\",\"Acidente no c\u00e2nion de Capit\u00f3lio\",\"Alerta de chuva em Minas Gerais\",\"Alerta de chuva forte em Minas Gerais\",\"Alerta de temporal em Minas Gerais\",\"Bahia\",\"Barragem da Vallourec\",\"Capit\u00f3lio\",\"Cenad\",\"Chuvas em Minas Gerais\",\"Defesa Civil Nacional\",\"Desabamento de rocha em Capit\u00f3lio\",\"destaque\",\"Esp\u00edrito Santo\",\"Goi\u00e1s\",\"Inmet\",\"interdi\u00e7\u00e3o da br 040\",\"Lago de Furnas\",\"Lama BR-040\",\"Lama de barragem em Nova Lima\",\"Maranh\u00e3o\",\"Mina de Pau Branco\",\"Minas Gerais\",\"Mortos em Capit\u00f3lio\",\"Nova Lima\",\"N\u00famero de mortos em Capit\u00f3lio\",\"N\u00famero de mortos em desabamento de rocha em Capit\u00f3lio sobe para cinco\",\"\u00d3bitos em Capit\u00f3lio\",\"Passos\",\"Piumhi\",\"Rio de Janeiro\",\"Rocha atinge barcos e causa morte em Capit\u00f3lio\",\"Rocha desaba em Capit\u00f3lio\",\"S\u00e3o Jos\u00e9 da Barra\",\"Transbordamento em Nova Lima\",\"Um fica ferido e seis abandonam casas ap\u00f3s transbordamento em Nova Lima\",\"Vallourec\"],\"articleSection\":[\"Minas Gerais\"],\"inLanguage\":\"pt-BR\",\"potentialAction\":[{\"@type\":\"CommentAction\",\"name\":\"Comment\",\"target\":[\"https:\\\/\\\/aconteceunovale.com.br\\\/portal\\\/?p=185558#respond\"]}]},{\"@type\":\"WebPage\",\"@id\":\"https:\\\/\\\/aconteceunovale.com.br\\\/portal\\\/?p=185558\",\"url\":\"https:\\\/\\\/aconteceunovale.com.br\\\/portal\\\/?p=185558\",\"name\":\"Comandante do Corpo de Bombeiros de Minas Gerais pede que pessoas evitem locais de risco - Aconteceu no Vale\",\"isPartOf\":{\"@id\":\"https:\\\/\\\/aconteceunovale.com.br\\\/portal\\\/#website\"},\"primaryImageOfPage\":{\"@id\":\"https:\\\/\\\/aconteceunovale.com.br\\\/portal\\\/?p=185558#primaryimage\"},\"image\":{\"@id\":\"https:\\\/\\\/aconteceunovale.com.br\\\/portal\\\/?p=185558#primaryimage\"},\"thumbnailUrl\":\"https:\\\/\\\/aconteceunovale.com.br\\\/portal\\\/wp-content\\\/uploads\\\/2022\\\/01\\\/acidente_capitolio_2.jpg\",\"datePublished\":\"2022-01-08T22:27:42+00:00\",\"dateModified\":\"2022-01-08T22:59:17+00:00\",\"author\":{\"@id\":\"https:\\\/\\\/aconteceunovale.com.br\\\/portal\\\/#\\\/schema\\\/person\\\/7d2f26d1483f8a63de73da1ee0754d35\"},\"breadcrumb\":{\"@id\":\"https:\\\/\\\/aconteceunovale.com.br\\\/portal\\\/?p=185558#breadcrumb\"},\"inLanguage\":\"pt-BR\",\"potentialAction\":[{\"@type\":\"ReadAction\",\"target\":[\"https:\\\/\\\/aconteceunovale.com.br\\\/portal\\\/?p=185558\"]}]},{\"@type\":\"ImageObject\",\"inLanguage\":\"pt-BR\",\"@id\":\"https:\\\/\\\/aconteceunovale.com.br\\\/portal\\\/?p=185558#primaryimage\",\"url\":\"https:\\\/\\\/aconteceunovale.com.br\\\/portal\\\/wp-content\\\/uploads\\\/2022\\\/01\\\/acidente_capitolio_2.jpg\",\"contentUrl\":\"https:\\\/\\\/aconteceunovale.com.br\\\/portal\\\/wp-content\\\/uploads\\\/2022\\\/01\\\/acidente_capitolio_2.jpg\",\"width\":678,\"height\":406},{\"@type\":\"BreadcrumbList\",\"@id\":\"https:\\\/\\\/aconteceunovale.com.br\\\/portal\\\/?p=185558#breadcrumb\",\"itemListElement\":[{\"@type\":\"ListItem\",\"position\":1,\"name\":\"In\u00edcio\",\"item\":\"https:\\\/\\\/aconteceunovale.com.br\\\/portal\\\/\"},{\"@type\":\"ListItem\",\"position\":2,\"name\":\"Comandante do Corpo de Bombeiros de Minas Gerais pede que pessoas evitem locais de risco\"}]},{\"@type\":\"WebSite\",\"@id\":\"https:\\\/\\\/aconteceunovale.com.br\\\/portal\\\/#website\",\"url\":\"https:\\\/\\\/aconteceunovale.com.br\\\/portal\\\/\",\"name\":\"Aconteceu no Vale\",\"description\":\"Portal de Not\u00edcias\",\"potentialAction\":[{\"@type\":\"SearchAction\",\"target\":{\"@type\":\"EntryPoint\",\"urlTemplate\":\"https:\\\/\\\/aconteceunovale.com.br\\\/portal\\\/?s={search_term_string}\"},\"query-input\":{\"@type\":\"PropertyValueSpecification\",\"valueRequired\":true,\"valueName\":\"search_term_string\"}}],\"inLanguage\":\"pt-BR\"},{\"@type\":\"Person\",\"@id\":\"https:\\\/\\\/aconteceunovale.com.br\\\/portal\\\/#\\\/schema\\\/person\\\/7d2f26d1483f8a63de73da1ee0754d35\",\"name\":\"Reda\u00e7\u00e3o Aconteceu no Vale\",\"description\":\"Equipe de reportagem do Aconteceu no Vale, portal de not\u00edcias do Vale do Jequitinhonha, em Minas Gerais. Cobrimos as 51 cidades do Vale desde 2013. Sugest\u00f5es de pauta e pedidos de corre\u00e7\u00e3o: contato@aconteceunovale.com.br\",\"url\":\"https:\\\/\\\/aconteceunovale.com.br\\\/portal\\\/?author=4\"}]}<\/script>\n<!-- \/ Yoast SEO plugin. -->","yoast_head_json":{"title":"Comandante do Corpo de Bombeiros de Minas Gerais pede que pessoas evitem locais de risco - Aconteceu no Vale","robots":{"index":"index","follow":"follow","max-snippet":"max-snippet:-1","max-image-preview":"max-image-preview:large","max-video-preview":"max-video-preview:-1"},"canonical":"https:\/\/aconteceunovale.com.br\/portal\/?p=185558","og_locale":"pt_BR","og_type":"article","og_title":"Comandante do Corpo de Bombeiros de Minas Gerais pede que pessoas evitem locais de risco - Aconteceu no Vale","og_description":"O comandante do Corpo de Bombeiros de Minas Gerais, coronel Edgard Estevo, fez hoje (8\/1\/2022) um apelo \u00e0 popula\u00e7\u00e3o para que evite locais com risco de deslizamento e enxurradas. As fortes chuvas provocaram v\u00e1rios problemas por todo o estado. Segundo o comandante, em 24 horas, foram registras 98 ocorr\u00eancias da Defesa Civil, inclusive o&nbsp;transbordamento de [&hellip;]","og_url":"https:\/\/aconteceunovale.com.br\/portal\/?p=185558","og_site_name":"Aconteceu no Vale","article_publisher":"https:\/\/www.facebook.com\/aconteceunovale\/","article_published_time":"2022-01-08T22:27:42+00:00","article_modified_time":"2022-01-08T22:59:17+00:00","og_image":[{"width":678,"height":406,"url":"https:\/\/aconteceunovale.com.br\/portal\/wp-content\/uploads\/2022\/01\/acidente_capitolio_2.jpg","type":"image\/jpeg"}],"author":"Reda\u00e7\u00e3o Aconteceu no Vale","twitter_card":"summary_large_image","twitter_creator":"@noticiadosvales","twitter_site":"@noticiadosvales","twitter_misc":{"Escrito por":"Reda\u00e7\u00e3o Aconteceu no Vale","Est. tempo de leitura":"2 minutos"},"schema":{"@context":"https:\/\/schema.org","@graph":[{"@type":"Article","@id":"https:\/\/aconteceunovale.com.br\/portal\/?p=185558#article","isPartOf":{"@id":"https:\/\/aconteceunovale.com.br\/portal\/?p=185558"},"author":{"name":"Reda\u00e7\u00e3o Aconteceu no Vale","@id":"https:\/\/aconteceunovale.com.br\/portal\/#\/schema\/person\/7d2f26d1483f8a63de73da1ee0754d35"},"headline":"Comandante do Corpo de Bombeiros de Minas Gerais pede que pessoas evitem locais de risco","datePublished":"2022-01-08T22:27:42+00:00","dateModified":"2022-01-08T22:59:17+00:00","mainEntityOfPage":{"@id":"https:\/\/aconteceunovale.com.br\/portal\/?p=185558"},"wordCount":499,"commentCount":0,"image":{"@id":"https:\/\/aconteceunovale.com.br\/portal\/?p=185558#primaryimage"},"thumbnailUrl":"https:\/\/aconteceunovale.com.br\/portal\/wp-content\/uploads\/2022\/01\/acidente_capitolio_2.jpg","keywords":["Acidente Capit\u00f3lio","Acidente com lanchas em Capit\u00f3lio","Acidente com rocha em Capit\u00f3lio","Acidente em Capit\u00f3lio","Acidente no c\u00e2nion de Capit\u00f3lio","Alerta de chuva em Minas Gerais","Alerta de chuva forte em Minas Gerais","Alerta de temporal em Minas Gerais","Bahia","Barragem da Vallourec","Capit\u00f3lio","Cenad","Chuvas em Minas Gerais","Defesa Civil Nacional","Desabamento de rocha em Capit\u00f3lio","destaque","Esp\u00edrito Santo","Goi\u00e1s","Inmet","interdi\u00e7\u00e3o da br 040","Lago de Furnas","Lama BR-040","Lama de barragem em Nova Lima","Maranh\u00e3o","Mina de Pau Branco","Minas Gerais","Mortos em Capit\u00f3lio","Nova Lima","N\u00famero de mortos em Capit\u00f3lio","N\u00famero de mortos em desabamento de rocha em Capit\u00f3lio sobe para cinco","\u00d3bitos em Capit\u00f3lio","Passos","Piumhi","Rio de Janeiro","Rocha atinge barcos e causa morte em Capit\u00f3lio","Rocha desaba em Capit\u00f3lio","S\u00e3o Jos\u00e9 da Barra","Transbordamento em Nova Lima","Um fica ferido e seis abandonam casas ap\u00f3s transbordamento em Nova Lima","Vallourec"],"articleSection":["Minas Gerais"],"inLanguage":"pt-BR","potentialAction":[{"@type":"CommentAction","name":"Comment","target":["https:\/\/aconteceunovale.com.br\/portal\/?p=185558#respond"]}]},{"@type":"WebPage","@id":"https:\/\/aconteceunovale.com.br\/portal\/?p=185558","url":"https:\/\/aconteceunovale.com.br\/portal\/?p=185558","name":"Comandante do Corpo de Bombeiros de Minas Gerais pede que pessoas evitem locais de risco - Aconteceu no Vale","isPartOf":{"@id":"https:\/\/aconteceunovale.com.br\/portal\/#website"},"primaryImageOfPage":{"@id":"https:\/\/aconteceunovale.com.br\/portal\/?p=185558#primaryimage"},"image":{"@id":"https:\/\/aconteceunovale.com.br\/portal\/?p=185558#primaryimage"},"thumbnailUrl":"https:\/\/aconteceunovale.com.br\/portal\/wp-content\/uploads\/2022\/01\/acidente_capitolio_2.jpg","datePublished":"2022-01-08T22:27:42+00:00","dateModified":"2022-01-08T22:59:17+00:00","author":{"@id":"https:\/\/aconteceunovale.com.br\/portal\/#\/schema\/person\/7d2f26d1483f8a63de73da1ee0754d35"},"breadcrumb":{"@id":"https:\/\/aconteceunovale.com.br\/portal\/?p=185558#breadcrumb"},"inLanguage":"pt-BR","potentialAction":[{"@type":"ReadAction","target":["https:\/\/aconteceunovale.com.br\/portal\/?p=185558"]}]},{"@type":"ImageObject","inLanguage":"pt-BR","@id":"https:\/\/aconteceunovale.com.br\/portal\/?p=185558#primaryimage","url":"https:\/\/aconteceunovale.com.br\/portal\/wp-content\/uploads\/2022\/01\/acidente_capitolio_2.jpg","contentUrl":"https:\/\/aconteceunovale.com.br\/portal\/wp-content\/uploads\/2022\/01\/acidente_capitolio_2.jpg","width":678,"height":406},{"@type":"BreadcrumbList","@id":"https:\/\/aconteceunovale.com.br\/portal\/?p=185558#breadcrumb","itemListElement":[{"@type":"ListItem","position":1,"name":"In\u00edcio","item":"https:\/\/aconteceunovale.com.br\/portal\/"},{"@type":"ListItem","position":2,"name":"Comandante do Corpo de Bombeiros de Minas Gerais pede que pessoas evitem locais de risco"}]},{"@type":"WebSite","@id":"https:\/\/aconteceunovale.com.br\/portal\/#website","url":"https:\/\/aconteceunovale.com.br\/portal\/","name":"Aconteceu no Vale","description":"Portal de Not\u00edcias","potentialAction":[{"@type":"SearchAction","target":{"@type":"EntryPoint","urlTemplate":"https:\/\/aconteceunovale.com.br\/portal\/?s={search_term_string}"},"query-input":{"@type":"PropertyValueSpecification","valueRequired":true,"valueName":"search_term_string"}}],"inLanguage":"pt-BR"},{"@type":"Person","@id":"https:\/\/aconteceunovale.com.br\/portal\/#\/schema\/person\/7d2f26d1483f8a63de73da1ee0754d35","name":"Reda\u00e7\u00e3o Aconteceu no Vale","description":"Equipe de reportagem do Aconteceu no Vale, portal de not\u00edcias do Vale do Jequitinhonha, em Minas Gerais. Cobrimos as 51 cidades do Vale desde 2013. Sugest\u00f5es de pauta e pedidos de corre\u00e7\u00e3o: contato@aconteceunovale.com.br","url":"https:\/\/aconteceunovale.com.br\/portal\/?author=4"}]}},"_links":{"self":[{"href":"https:\/\/aconteceunovale.com.br\/portal\/index.php?rest_route=\/wp\/v2\/posts\/185558","targetHints":{"allow":["GET"]}}],"collection":[{"href":"https:\/\/aconteceunovale.com.br\/portal\/index.php?rest_route=\/wp\/v2\/posts"}],"about":[{"href":"https:\/\/aconteceunovale.com.br\/portal\/index.php?rest_route=\/wp\/v2\/types\/post"}],"author":[{"embeddable":true,"href":"https:\/\/aconteceunovale.com.br\/portal\/index.php?rest_route=\/wp\/v2\/users\/4"}],"replies":[{"embeddable":true,"href":"https:\/\/aconteceunovale.com.br\/portal\/index.php?rest_route=%2Fwp%2Fv2%2Fcomments&post=185558"}],"version-history":[{"count":2,"href":"https:\/\/aconteceunovale.com.br\/portal\/index.php?rest_route=\/wp\/v2\/posts\/185558\/revisions"}],"predecessor-version":[{"id":185562,"href":"https:\/\/aconteceunovale.com.br\/portal\/index.php?rest_route=\/wp\/v2\/posts\/185558\/revisions\/185562"}],"wp:featuredmedia":[{"embeddable":true,"href":"https:\/\/aconteceunovale.com.br\/portal\/index.php?rest_route=\/wp\/v2\/media\/185559"}],"wp:attachment":[{"href":"https:\/\/aconteceunovale.com.br\/portal\/index.php?rest_route=%2Fwp%2Fv2%2Fmedia&parent=185558"}],"wp:term":[{"taxonomy":"category","embeddable":true,"href":"https:\/\/aconteceunovale.com.br\/portal\/index.php?rest_route=%2Fwp%2Fv2%2Fcategories&post=185558"},{"taxonomy":"post_tag","embeddable":true,"href":"https:\/\/aconteceunovale.com.br\/portal\/index.php?rest_route=%2Fwp%2Fv2%2Ftags&post=185558"}],"curies":[{"name":"wp","href":"https:\/\/api.w.org\/{rel}","templated":true}]}}