{"id":185551,"date":"2022-01-08T18:53:24","date_gmt":"2022-01-08T21:53:24","guid":{"rendered":"https:\/\/aconteceunovale.com.br\/portal\/?p=185551"},"modified":"2022-01-08T18:54:17","modified_gmt":"2022-01-08T21:54:17","slug":"nenhuma-categoria-de-servidores-tem-reajuste-garantido-diz-jair-bolsonaro","status":"publish","type":"post","link":"https:\/\/aconteceunovale.com.br\/portal\/?p=185551","title":{"rendered":"Nenhuma categoria de servidores tem reajuste garantido, diz Jair Bolsonaro"},"content":{"rendered":"\n<p class=\"wp-block-paragraph\">O presidente Jair Bolsonaro afirmou hoje (8\/1\/2022) que n\u00e3o h\u00e1 decis\u00e3o tomada sobre reajuste de servidores p\u00fablicos. Ele destacou que n\u00e3o existe aumento de sal\u00e1rio garantido para nenhuma categoria.<\/p>\n\n\n\n<figure class=\"wp-block-gallery columns-1 is-cropped wp-block-gallery-1 is-layout-flex wp-block-gallery-is-layout-flex\"><ul class=\"blocks-gallery-grid\"><li class=\"blocks-gallery-item\"><figure><img loading=\"lazy\" decoding=\"async\" width=\"678\" height=\"406\" src=\"https:\/\/aconteceunovale.com.br\/portal\/wp-content\/uploads\/2022\/01\/bolsonaro_aumento.jpg\" alt=\"\" data-id=\"185552\" data-full-url=\"https:\/\/aconteceunovale.com.br\/portal\/wp-content\/uploads\/2022\/01\/bolsonaro_aumento.jpg\" data-link=\"https:\/\/aconteceunovale.com.br\/portal\/?attachment_id=185552\" class=\"wp-image-185552\" srcset=\"https:\/\/aconteceunovale.com.br\/portal\/wp-content\/uploads\/2022\/01\/bolsonaro_aumento.jpg 678w, https:\/\/aconteceunovale.com.br\/portal\/wp-content\/uploads\/2022\/01\/bolsonaro_aumento-300x180.jpg 300w\" sizes=\"auto, (max-width: 678px) 100vw, 678px\" \/><figcaption class=\"blocks-gallery-item__caption\"><em>Foto: T\u00e2nia Reg\u00f4 \/ Ag\u00eancia Brasil<\/em><\/figcaption><\/figure><\/li><\/ul><\/figure>\n\n\n\n<p class=\"wp-block-paragraph\">\u201cPrimeiramente, n\u00e3o est\u00e1 garantido o reajuste pra ningu\u00e9m. Tem uma reserva de R$ 2 bilh\u00f5es, que voc\u00ea pode usar. Poderia ser usado para PF [Pol\u00edcia Federal], PRF [Pol\u00edcia Rodovi\u00e1ria Federal] e tamb\u00e9m o pessoal do sistema prisional, mas n\u00e3o est\u00e1 nada garantido\u201d, disse a jornalistas ap\u00f3s participar de um almo\u00e7o de anivers\u00e1rio do advogado-geral da Uni\u00e3o, Bruno Bianco. A comemora\u00e7\u00e3o ocorreu em uma casa no Lago Sul, bairro nobre de Bras\u00edlia.<\/p>\n\n\n\n<p class=\"wp-block-paragraph\">No final do ano passado, o\u00a0Congresso Nacional aprovou o Or\u00e7amento de 2022\u00a0com reserva de R$ 1,7 bilh\u00e3o para reajuste das for\u00e7as federais de seguran\u00e7a e cerca de R$ 800 milh\u00f5es para agentes comunit\u00e1rios de sa\u00fade e agentes de combate a endemias. No entanto, o aumento reservado apenas para servidores da \u00e1rea de seguran\u00e7a p\u00fablica desagradou outras categorias do Executivo federal, que amea\u00e7am deflagrar uma greve nacional no servi\u00e7o p\u00fablico.<\/p>\n\n\n\n<p class=\"wp-block-paragraph\">Bolsonaro lembrou que os servidores est\u00e3o sem reajuste h\u00e1 tr\u00eas anos e que reconhece que eles \u201cperderam bastante poder aquisitivo\u201d. No entanto, segundo ele, encontrar espa\u00e7o fiscal para aumento de sal\u00e1rio \u00e9 muito dif\u00edcil.<\/p>\n\n\n\n<p class=\"wp-block-paragraph\">\u201cN\u00e3o tem espa\u00e7o no or\u00e7amento no momento. Voc\u00ea v\u00ea a dificuldade que foi de negociar a quest\u00e3o dos precat\u00f3rios para poder dar o aux\u00edlio emergencial de R$ 400 para quem ganhava, em m\u00e9dia, R$ 190\u201d, disse.<\/p>\n\n\n\n<h2 class=\"wp-block-heading\">Reforma ministerial<\/h2>\n\n\n\n<p class=\"wp-block-paragraph\">Na conversa com jornalistas, Bolsonaro tamb\u00e9m confirmou uma grande reforma ministerial para o fim de mar\u00e7o, quando 12 ministros dever\u00e3o deixar seus postos para concorrerem a cargos nas elei\u00e7\u00f5es deste ano. A lei eleitoral exige que integrantes do Poder Executivo deixem seus cargos pelo menos seis meses antes do pleito eleitoral. Se isso se confirmar, quase metade do primeiro escal\u00e3o do governo federal, atualmente com 23 ministros, ser\u00e1 substitu\u00eddo de uma s\u00f3 vez.<\/p>\n\n\n\n<p class=\"wp-block-paragraph\">\u201cJ\u00e1 come\u00e7amos a pensar em nomes pra gente substituir\u201d, disse o presidente, sem citar poss\u00edveis substitutos. Os ministros que devem deixar os cargos para concorrer nas elei\u00e7\u00f5es s\u00e3o: Anderson Torres (Justi\u00e7a e Seguran\u00e7a P\u00fablica), Tereza Cristina (Agricultura), Tarc\u00edsio de Freitas (Infraestrutura), Jo\u00e3o Roma (Cidadania), F\u00e1bio Faria (Comunica\u00e7\u00f5es), Marcelo Queiroga (Sa\u00fade), Marcos Pontes (Ci\u00eancia e Tecnologia), Gilson Machado (Turismo), Rog\u00e9rio Marinho (Desenvolvimento Regional), Onyx Lorenzoni (Trabalho e Previd\u00eancia), Fl\u00e1via Arruda (Secretaria de Governo) e Damares Alves (Mulher, Fam\u00edlia e Direitos Humanos).<\/p>\n\n\n\n<h2 class=\"wp-block-heading\">Trag\u00e9dia em Capit\u00f3lio<\/h2>\n\n\n\n<p class=\"wp-block-paragraph\">No in\u00edcio da entrevista, Bolsonaro foi perguntado sobre o desabamento de uma rocha do\u00a0c\u00e2nion de Capit\u00f3lio, em Minas Gerais, que deixou, pelo menos, cinco mortos e v\u00e1rias pessoas feridas.<\/p>\n\n\n\n<p class=\"wp-block-paragraph\">O presidente ainda n\u00e3o havia visto as imagens e um dos seus assessores mostrou o v\u00eddeo. Em seguida, Bolsonaro classificou o acidente como uma trag\u00e9dia e disse que mobilizaria a Marinha para prestar aux\u00edlio no caso. Em nota, a Marinha do Brasil informou que abriu investiga\u00e7\u00e3o sobre o desabamento.<\/p>\n\n\n\n<p class=\"wp-block-paragraph\">&#8212;&#8212;&#8212;&#8212;&#8212;&#8212;<br><em>Quer receber as not\u00edcias do <strong>Aconteceu no Vale<\/strong> em primeira m\u00e3o? Siga-nos no Facebook <a rel=\"noreferrer noopener\" href=\"http:\/\/facebook.com\/aconteceunovale\" target=\"_blank\">@aconteceunovale<\/a>, Twitter <a rel=\"noreferrer noopener\" href=\"https:\/\/twitter.com\/noticiadosvales\" target=\"_blank\">@noticiadosvales<\/a> e Instagram <a rel=\"noreferrer noopener\" href=\"https:\/\/www.instagram.com\/aconteceunovale\" target=\"_blank\">@aconteceunovale<\/a>.<\/em><\/p>\n","protected":false},"excerpt":{"rendered":"<p>O presidente Jair Bolsonaro afirmou hoje (8\/1\/2022) que n\u00e3o h\u00e1 decis\u00e3o tomada sobre reajuste de servidores p\u00fablicos. Ele destacou que n\u00e3o existe aumento de sal\u00e1rio garantido para nenhuma categoria. \u201cPrimeiramente, n\u00e3o est\u00e1 garantido o reajuste pra ningu\u00e9m. Tem uma reserva de R$ 2 bilh\u00f5es, que voc\u00ea pode usar. Poderia ser usado para PF [Pol\u00edcia Federal], [&hellip;]<\/p>\n","protected":false},"author":4,"featured_media":185552,"comment_status":"open","ping_status":"closed","sticky":false,"template":"","format":"standard","meta":{"amp_status":"","footnotes":""},"categories":[6,40240],"tags":[257007,257005,257002,257001,257006,257021,4890,257003,1018,26436,257024,257023,36997,131,257015,257014,257013,257016,213,1783,174222,257022,56324,257000,257004,31133],"class_list":["post-185551","post","type-post","status-publish","format-standard","has-post-thumbnail","hentry","category-br","category-politica","tag-acidente-capitolio","tag-acidente-com-lanchas-em-capitolio","tag-acidente-com-rocha-em-capitolio","tag-acidente-em-capitolio","tag-acidente-no-canion-de-capitolio","tag-aumento-de-salario-de-servidores","tag-capitolio","tag-desabamento-de-rocha-em-capitolio","tag-destaque","tag-jair-bolsonaro","tag-jair-bolsonaro-acidente-de-capitolio","tag-jair-bolsonaro-capitolio","tag-lago-de-furnas","tag-minas-gerais","tag-mortos-em-capitolio","tag-numero-de-mortos-em-capitolio","tag-numero-de-mortos-em-desabamento-de-rocha-em-capitolio-sobe-para-cinco","tag-obitos-em-capitolio","tag-passos","tag-piumhi","tag-presidente-jair-bolsonaro","tag-reajuste-de-salario-de-servidores","tag-reforma-ministerial","tag-rocha-atinge-barcos-e-causa-morte-em-capitolio","tag-rocha-desaba-em-capitolio","tag-sao-jose-da-barra"],"yoast_head":"<!-- This site is optimized with the Yoast SEO plugin v28.3 - https:\/\/yoast.com\/product\/yoast-seo-wordpress\/ -->\n<title>Nenhuma categoria de servidores tem reajuste garantido, diz Jair Bolsonaro - Aconteceu no Vale<\/title>\n<meta name=\"robots\" content=\"index, follow, max-snippet:-1, max-image-preview:large, max-video-preview:-1\" \/>\n<link rel=\"canonical\" href=\"https:\/\/aconteceunovale.com.br\/portal\/?p=185551\" \/>\n<meta property=\"og:locale\" content=\"pt_BR\" \/>\n<meta property=\"og:type\" content=\"article\" \/>\n<meta property=\"og:title\" content=\"Nenhuma categoria de servidores tem reajuste garantido, diz Jair Bolsonaro - Aconteceu no Vale\" \/>\n<meta property=\"og:description\" content=\"O presidente Jair Bolsonaro afirmou hoje (8\/1\/2022) que n\u00e3o h\u00e1 decis\u00e3o tomada sobre reajuste de servidores p\u00fablicos. Ele destacou que n\u00e3o existe aumento de sal\u00e1rio garantido para nenhuma categoria. \u201cPrimeiramente, n\u00e3o est\u00e1 garantido o reajuste pra ningu\u00e9m. Tem uma reserva de R$ 2 bilh\u00f5es, que voc\u00ea pode usar. Poderia ser usado para PF [Pol\u00edcia Federal], [&hellip;]\" \/>\n<meta property=\"og:url\" content=\"https:\/\/aconteceunovale.com.br\/portal\/?p=185551\" \/>\n<meta property=\"og:site_name\" content=\"Aconteceu no Vale\" \/>\n<meta property=\"article:publisher\" content=\"https:\/\/www.facebook.com\/aconteceunovale\/\" \/>\n<meta property=\"article:published_time\" content=\"2022-01-08T21:53:24+00:00\" \/>\n<meta property=\"article:modified_time\" content=\"2022-01-08T21:54:17+00:00\" \/>\n<meta property=\"og:image\" content=\"https:\/\/aconteceunovale.com.br\/portal\/wp-content\/uploads\/2022\/01\/bolsonaro_aumento.jpg\" \/>\n\t<meta property=\"og:image:width\" content=\"678\" \/>\n\t<meta property=\"og:image:height\" content=\"406\" \/>\n\t<meta property=\"og:image:type\" content=\"image\/jpeg\" \/>\n<meta name=\"author\" content=\"Reda\u00e7\u00e3o Aconteceu no Vale\" \/>\n<meta name=\"twitter:card\" content=\"summary_large_image\" \/>\n<meta name=\"twitter:creator\" content=\"@noticiadosvales\" \/>\n<meta name=\"twitter:site\" content=\"@noticiadosvales\" \/>\n<meta name=\"twitter:label1\" content=\"Escrito por\" \/>\n\t<meta name=\"twitter:data1\" content=\"Reda\u00e7\u00e3o Aconteceu no Vale\" \/>\n\t<meta name=\"twitter:label2\" content=\"Est. tempo de leitura\" \/>\n\t<meta name=\"twitter:data2\" content=\"3 minutos\" \/>\n<script type=\"application\/ld+json\" class=\"yoast-schema-graph\">{\"@context\":\"https:\\\/\\\/schema.org\",\"@graph\":[{\"@type\":\"Article\",\"@id\":\"https:\\\/\\\/aconteceunovale.com.br\\\/portal\\\/?p=185551#article\",\"isPartOf\":{\"@id\":\"https:\\\/\\\/aconteceunovale.com.br\\\/portal\\\/?p=185551\"},\"author\":{\"name\":\"Reda\u00e7\u00e3o Aconteceu no Vale\",\"@id\":\"https:\\\/\\\/aconteceunovale.com.br\\\/portal\\\/#\\\/schema\\\/person\\\/7d2f26d1483f8a63de73da1ee0754d35\"},\"headline\":\"Nenhuma categoria de servidores tem reajuste garantido, diz Jair Bolsonaro\",\"datePublished\":\"2022-01-08T21:53:24+00:00\",\"dateModified\":\"2022-01-08T21:54:17+00:00\",\"mainEntityOfPage\":{\"@id\":\"https:\\\/\\\/aconteceunovale.com.br\\\/portal\\\/?p=185551\"},\"wordCount\":585,\"commentCount\":0,\"image\":{\"@id\":\"https:\\\/\\\/aconteceunovale.com.br\\\/portal\\\/?p=185551#primaryimage\"},\"thumbnailUrl\":\"https:\\\/\\\/aconteceunovale.com.br\\\/portal\\\/wp-content\\\/uploads\\\/2022\\\/01\\\/bolsonaro_aumento.jpg\",\"keywords\":[\"Acidente Capit\u00f3lio\",\"Acidente com lanchas em Capit\u00f3lio\",\"Acidente com rocha em Capit\u00f3lio\",\"Acidente em Capit\u00f3lio\",\"Acidente no c\u00e2nion de Capit\u00f3lio\",\"Aumento de sal\u00e1rio de servidores\",\"Capit\u00f3lio\",\"Desabamento de rocha em Capit\u00f3lio\",\"destaque\",\"Jair Bolsonaro\",\"Jair Bolsonaro acidente de Capit\u00f3lio\",\"Jair Bolsonaro Capit\u00f3lio\",\"Lago de Furnas\",\"Minas Gerais\",\"Mortos em Capit\u00f3lio\",\"N\u00famero de mortos em Capit\u00f3lio\",\"N\u00famero de mortos em desabamento de rocha em Capit\u00f3lio sobe para cinco\",\"\u00d3bitos em Capit\u00f3lio\",\"Passos\",\"Piumhi\",\"Presidente Jair Bolsonaro\",\"Reajuste de sal\u00e1rio de servidores\",\"Reforma ministerial\",\"Rocha atinge barcos e causa morte em Capit\u00f3lio\",\"Rocha desaba em Capit\u00f3lio\",\"S\u00e3o Jos\u00e9 da Barra\"],\"articleSection\":[\"Brasil\",\"Pol\u00edtica\"],\"inLanguage\":\"pt-BR\",\"potentialAction\":[{\"@type\":\"CommentAction\",\"name\":\"Comment\",\"target\":[\"https:\\\/\\\/aconteceunovale.com.br\\\/portal\\\/?p=185551#respond\"]}]},{\"@type\":\"WebPage\",\"@id\":\"https:\\\/\\\/aconteceunovale.com.br\\\/portal\\\/?p=185551\",\"url\":\"https:\\\/\\\/aconteceunovale.com.br\\\/portal\\\/?p=185551\",\"name\":\"Nenhuma categoria de servidores tem reajuste garantido, diz Jair Bolsonaro - Aconteceu no Vale\",\"isPartOf\":{\"@id\":\"https:\\\/\\\/aconteceunovale.com.br\\\/portal\\\/#website\"},\"primaryImageOfPage\":{\"@id\":\"https:\\\/\\\/aconteceunovale.com.br\\\/portal\\\/?p=185551#primaryimage\"},\"image\":{\"@id\":\"https:\\\/\\\/aconteceunovale.com.br\\\/portal\\\/?p=185551#primaryimage\"},\"thumbnailUrl\":\"https:\\\/\\\/aconteceunovale.com.br\\\/portal\\\/wp-content\\\/uploads\\\/2022\\\/01\\\/bolsonaro_aumento.jpg\",\"datePublished\":\"2022-01-08T21:53:24+00:00\",\"dateModified\":\"2022-01-08T21:54:17+00:00\",\"author\":{\"@id\":\"https:\\\/\\\/aconteceunovale.com.br\\\/portal\\\/#\\\/schema\\\/person\\\/7d2f26d1483f8a63de73da1ee0754d35\"},\"breadcrumb\":{\"@id\":\"https:\\\/\\\/aconteceunovale.com.br\\\/portal\\\/?p=185551#breadcrumb\"},\"inLanguage\":\"pt-BR\",\"potentialAction\":[{\"@type\":\"ReadAction\",\"target\":[\"https:\\\/\\\/aconteceunovale.com.br\\\/portal\\\/?p=185551\"]}]},{\"@type\":\"ImageObject\",\"inLanguage\":\"pt-BR\",\"@id\":\"https:\\\/\\\/aconteceunovale.com.br\\\/portal\\\/?p=185551#primaryimage\",\"url\":\"https:\\\/\\\/aconteceunovale.com.br\\\/portal\\\/wp-content\\\/uploads\\\/2022\\\/01\\\/bolsonaro_aumento.jpg\",\"contentUrl\":\"https:\\\/\\\/aconteceunovale.com.br\\\/portal\\\/wp-content\\\/uploads\\\/2022\\\/01\\\/bolsonaro_aumento.jpg\",\"width\":678,\"height\":406},{\"@type\":\"BreadcrumbList\",\"@id\":\"https:\\\/\\\/aconteceunovale.com.br\\\/portal\\\/?p=185551#breadcrumb\",\"itemListElement\":[{\"@type\":\"ListItem\",\"position\":1,\"name\":\"In\u00edcio\",\"item\":\"https:\\\/\\\/aconteceunovale.com.br\\\/portal\\\/\"},{\"@type\":\"ListItem\",\"position\":2,\"name\":\"Nenhuma categoria de servidores tem reajuste garantido, diz Jair Bolsonaro\"}]},{\"@type\":\"WebSite\",\"@id\":\"https:\\\/\\\/aconteceunovale.com.br\\\/portal\\\/#website\",\"url\":\"https:\\\/\\\/aconteceunovale.com.br\\\/portal\\\/\",\"name\":\"Aconteceu no Vale\",\"description\":\"Portal de Not\u00edcias\",\"potentialAction\":[{\"@type\":\"SearchAction\",\"target\":{\"@type\":\"EntryPoint\",\"urlTemplate\":\"https:\\\/\\\/aconteceunovale.com.br\\\/portal\\\/?s={search_term_string}\"},\"query-input\":{\"@type\":\"PropertyValueSpecification\",\"valueRequired\":true,\"valueName\":\"search_term_string\"}}],\"inLanguage\":\"pt-BR\"},{\"@type\":\"Person\",\"@id\":\"https:\\\/\\\/aconteceunovale.com.br\\\/portal\\\/#\\\/schema\\\/person\\\/7d2f26d1483f8a63de73da1ee0754d35\",\"name\":\"Reda\u00e7\u00e3o Aconteceu no Vale\",\"description\":\"Equipe de reportagem do Aconteceu no Vale, portal de not\u00edcias do Vale do Jequitinhonha, em Minas Gerais. Cobrimos as 51 cidades do Vale desde 2013. Sugest\u00f5es de pauta e pedidos de corre\u00e7\u00e3o: contato@aconteceunovale.com.br\",\"url\":\"https:\\\/\\\/aconteceunovale.com.br\\\/portal\\\/?author=4\"}]}<\/script>\n<!-- \/ Yoast SEO plugin. -->","yoast_head_json":{"title":"Nenhuma categoria de servidores tem reajuste garantido, diz Jair Bolsonaro - Aconteceu no Vale","robots":{"index":"index","follow":"follow","max-snippet":"max-snippet:-1","max-image-preview":"max-image-preview:large","max-video-preview":"max-video-preview:-1"},"canonical":"https:\/\/aconteceunovale.com.br\/portal\/?p=185551","og_locale":"pt_BR","og_type":"article","og_title":"Nenhuma categoria de servidores tem reajuste garantido, diz Jair Bolsonaro - Aconteceu no Vale","og_description":"O presidente Jair Bolsonaro afirmou hoje (8\/1\/2022) que n\u00e3o h\u00e1 decis\u00e3o tomada sobre reajuste de servidores p\u00fablicos. Ele destacou que n\u00e3o existe aumento de sal\u00e1rio garantido para nenhuma categoria. \u201cPrimeiramente, n\u00e3o est\u00e1 garantido o reajuste pra ningu\u00e9m. Tem uma reserva de R$ 2 bilh\u00f5es, que voc\u00ea pode usar. Poderia ser usado para PF [Pol\u00edcia Federal], [&hellip;]","og_url":"https:\/\/aconteceunovale.com.br\/portal\/?p=185551","og_site_name":"Aconteceu no Vale","article_publisher":"https:\/\/www.facebook.com\/aconteceunovale\/","article_published_time":"2022-01-08T21:53:24+00:00","article_modified_time":"2022-01-08T21:54:17+00:00","og_image":[{"width":678,"height":406,"url":"https:\/\/aconteceunovale.com.br\/portal\/wp-content\/uploads\/2022\/01\/bolsonaro_aumento.jpg","type":"image\/jpeg"}],"author":"Reda\u00e7\u00e3o Aconteceu no Vale","twitter_card":"summary_large_image","twitter_creator":"@noticiadosvales","twitter_site":"@noticiadosvales","twitter_misc":{"Escrito por":"Reda\u00e7\u00e3o Aconteceu no Vale","Est. tempo de leitura":"3 minutos"},"schema":{"@context":"https:\/\/schema.org","@graph":[{"@type":"Article","@id":"https:\/\/aconteceunovale.com.br\/portal\/?p=185551#article","isPartOf":{"@id":"https:\/\/aconteceunovale.com.br\/portal\/?p=185551"},"author":{"name":"Reda\u00e7\u00e3o Aconteceu no Vale","@id":"https:\/\/aconteceunovale.com.br\/portal\/#\/schema\/person\/7d2f26d1483f8a63de73da1ee0754d35"},"headline":"Nenhuma categoria de servidores tem reajuste garantido, diz Jair Bolsonaro","datePublished":"2022-01-08T21:53:24+00:00","dateModified":"2022-01-08T21:54:17+00:00","mainEntityOfPage":{"@id":"https:\/\/aconteceunovale.com.br\/portal\/?p=185551"},"wordCount":585,"commentCount":0,"image":{"@id":"https:\/\/aconteceunovale.com.br\/portal\/?p=185551#primaryimage"},"thumbnailUrl":"https:\/\/aconteceunovale.com.br\/portal\/wp-content\/uploads\/2022\/01\/bolsonaro_aumento.jpg","keywords":["Acidente Capit\u00f3lio","Acidente com lanchas em Capit\u00f3lio","Acidente com rocha em Capit\u00f3lio","Acidente em Capit\u00f3lio","Acidente no c\u00e2nion de Capit\u00f3lio","Aumento de sal\u00e1rio de servidores","Capit\u00f3lio","Desabamento de rocha em Capit\u00f3lio","destaque","Jair Bolsonaro","Jair Bolsonaro acidente de Capit\u00f3lio","Jair Bolsonaro Capit\u00f3lio","Lago de Furnas","Minas Gerais","Mortos em Capit\u00f3lio","N\u00famero de mortos em Capit\u00f3lio","N\u00famero de mortos em desabamento de rocha em Capit\u00f3lio sobe para cinco","\u00d3bitos em Capit\u00f3lio","Passos","Piumhi","Presidente Jair Bolsonaro","Reajuste de sal\u00e1rio de servidores","Reforma ministerial","Rocha atinge barcos e causa morte em Capit\u00f3lio","Rocha desaba em Capit\u00f3lio","S\u00e3o Jos\u00e9 da Barra"],"articleSection":["Brasil","Pol\u00edtica"],"inLanguage":"pt-BR","potentialAction":[{"@type":"CommentAction","name":"Comment","target":["https:\/\/aconteceunovale.com.br\/portal\/?p=185551#respond"]}]},{"@type":"WebPage","@id":"https:\/\/aconteceunovale.com.br\/portal\/?p=185551","url":"https:\/\/aconteceunovale.com.br\/portal\/?p=185551","name":"Nenhuma categoria de servidores tem reajuste garantido, diz Jair Bolsonaro - Aconteceu no Vale","isPartOf":{"@id":"https:\/\/aconteceunovale.com.br\/portal\/#website"},"primaryImageOfPage":{"@id":"https:\/\/aconteceunovale.com.br\/portal\/?p=185551#primaryimage"},"image":{"@id":"https:\/\/aconteceunovale.com.br\/portal\/?p=185551#primaryimage"},"thumbnailUrl":"https:\/\/aconteceunovale.com.br\/portal\/wp-content\/uploads\/2022\/01\/bolsonaro_aumento.jpg","datePublished":"2022-01-08T21:53:24+00:00","dateModified":"2022-01-08T21:54:17+00:00","author":{"@id":"https:\/\/aconteceunovale.com.br\/portal\/#\/schema\/person\/7d2f26d1483f8a63de73da1ee0754d35"},"breadcrumb":{"@id":"https:\/\/aconteceunovale.com.br\/portal\/?p=185551#breadcrumb"},"inLanguage":"pt-BR","potentialAction":[{"@type":"ReadAction","target":["https:\/\/aconteceunovale.com.br\/portal\/?p=185551"]}]},{"@type":"ImageObject","inLanguage":"pt-BR","@id":"https:\/\/aconteceunovale.com.br\/portal\/?p=185551#primaryimage","url":"https:\/\/aconteceunovale.com.br\/portal\/wp-content\/uploads\/2022\/01\/bolsonaro_aumento.jpg","contentUrl":"https:\/\/aconteceunovale.com.br\/portal\/wp-content\/uploads\/2022\/01\/bolsonaro_aumento.jpg","width":678,"height":406},{"@type":"BreadcrumbList","@id":"https:\/\/aconteceunovale.com.br\/portal\/?p=185551#breadcrumb","itemListElement":[{"@type":"ListItem","position":1,"name":"In\u00edcio","item":"https:\/\/aconteceunovale.com.br\/portal\/"},{"@type":"ListItem","position":2,"name":"Nenhuma categoria de servidores tem reajuste garantido, diz Jair Bolsonaro"}]},{"@type":"WebSite","@id":"https:\/\/aconteceunovale.com.br\/portal\/#website","url":"https:\/\/aconteceunovale.com.br\/portal\/","name":"Aconteceu no Vale","description":"Portal de Not\u00edcias","potentialAction":[{"@type":"SearchAction","target":{"@type":"EntryPoint","urlTemplate":"https:\/\/aconteceunovale.com.br\/portal\/?s={search_term_string}"},"query-input":{"@type":"PropertyValueSpecification","valueRequired":true,"valueName":"search_term_string"}}],"inLanguage":"pt-BR"},{"@type":"Person","@id":"https:\/\/aconteceunovale.com.br\/portal\/#\/schema\/person\/7d2f26d1483f8a63de73da1ee0754d35","name":"Reda\u00e7\u00e3o Aconteceu no Vale","description":"Equipe de reportagem do Aconteceu no Vale, portal de not\u00edcias do Vale do Jequitinhonha, em Minas Gerais. Cobrimos as 51 cidades do Vale desde 2013. Sugest\u00f5es de pauta e pedidos de corre\u00e7\u00e3o: contato@aconteceunovale.com.br","url":"https:\/\/aconteceunovale.com.br\/portal\/?author=4"}]}},"_links":{"self":[{"href":"https:\/\/aconteceunovale.com.br\/portal\/index.php?rest_route=\/wp\/v2\/posts\/185551","targetHints":{"allow":["GET"]}}],"collection":[{"href":"https:\/\/aconteceunovale.com.br\/portal\/index.php?rest_route=\/wp\/v2\/posts"}],"about":[{"href":"https:\/\/aconteceunovale.com.br\/portal\/index.php?rest_route=\/wp\/v2\/types\/post"}],"author":[{"embeddable":true,"href":"https:\/\/aconteceunovale.com.br\/portal\/index.php?rest_route=\/wp\/v2\/users\/4"}],"replies":[{"embeddable":true,"href":"https:\/\/aconteceunovale.com.br\/portal\/index.php?rest_route=%2Fwp%2Fv2%2Fcomments&post=185551"}],"version-history":[{"count":1,"href":"https:\/\/aconteceunovale.com.br\/portal\/index.php?rest_route=\/wp\/v2\/posts\/185551\/revisions"}],"predecessor-version":[{"id":185553,"href":"https:\/\/aconteceunovale.com.br\/portal\/index.php?rest_route=\/wp\/v2\/posts\/185551\/revisions\/185553"}],"wp:featuredmedia":[{"embeddable":true,"href":"https:\/\/aconteceunovale.com.br\/portal\/index.php?rest_route=\/wp\/v2\/media\/185552"}],"wp:attachment":[{"href":"https:\/\/aconteceunovale.com.br\/portal\/index.php?rest_route=%2Fwp%2Fv2%2Fmedia&parent=185551"}],"wp:term":[{"taxonomy":"category","embeddable":true,"href":"https:\/\/aconteceunovale.com.br\/portal\/index.php?rest_route=%2Fwp%2Fv2%2Fcategories&post=185551"},{"taxonomy":"post_tag","embeddable":true,"href":"https:\/\/aconteceunovale.com.br\/portal\/index.php?rest_route=%2Fwp%2Fv2%2Ftags&post=185551"}],"curies":[{"name":"wp","href":"https:\/\/api.w.org\/{rel}","templated":true}]}}