{"id":18552,"date":"2014-01-15T17:15:05","date_gmt":"2014-01-15T19:15:05","guid":{"rendered":"http:\/\/aconteceunovale.com.br\/portal\/?p=18552"},"modified":"2014-01-15T17:15:05","modified_gmt":"2014-01-15T19:15:05","slug":"almenara-polemica-na-construcao-do-sesi-industria-do-conhecimento","status":"publish","type":"post","link":"https:\/\/aconteceunovale.com.br\/portal\/?p=18552","title":{"rendered":"ALMENARA: Pol\u00eamica na constru\u00e7\u00e3o do SESI Ind\u00fastria do Conhecimento"},"content":{"rendered":"<p>Um projeto de constru\u00e7\u00e3o de um centro de inform\u00e1tica, conhecido como SESI Ind\u00fastria do Conhecimento na cidade de Almenara, no vale do Jequitinhonha, tem sido motivo de muita discuss\u00e3o, j\u00e1 que alguns vereadores n\u00e3o aprovaram o mesmo.<\/p>\n<p>A grande pol\u00eamica vem do fato de que o SESI Ind\u00fastria do Conhecimento ser\u00e1 constru\u00edda na mesma pra\u00e7a onde j\u00e1 existe uma biblioteca em funcionamento. Com a constru\u00e7\u00e3o  a antiga passaria a ser uma secretaria da prefeitura municipal.<\/p>\n<p><img decoding=\"async\" src=\"http:\/\/aconteceunovale.com.br\/portal\/wp-content\/uploads\/2014\/01\/polemica_sesi_almenara_2.png\" alt=\"\" \/><\/p>\n<p>A obra foi provisoriamente parada devido \u00e0s manifesta\u00e7\u00f5es de alguns moradores do entorno da pra\u00e7a e de alguns vereadores, como j\u00e1 mencionados. Durante o protesto, manifestantes se colocaram \u00e0 frente da retroescavadeira da prefeitura, pondo fim as atividades. A pol\u00edcia foi acionada para apaziguar as manifesta\u00e7\u00f5es, o promotor de justi\u00e7a da cidade F\u00e1bio Roberto Machado, tamb\u00e9m esteve presente no local, e o mesmo convocar\u00e1 uma audi\u00eancia p\u00fablica onde ser\u00e3o ouvidas todas as pessoas contrarias a constru\u00e7\u00e3o da nova biblioteca.<\/p>\n<p>Um vereador usou as redes sociais para dizer que todo o projeto foi legalmente aprovado pela c\u00e2mara municipal, e que tudo segue nos padr\u00f5es legais, ainda nas redes sociais o mesmo disse que respeita a posi\u00e7\u00e3o da popula\u00e7\u00e3o e apela \u00e0 prefeita para que ou\u00e7a a voz do povo.<\/p>\n<p>O SESI Ind\u00fastria do Conhecimento \u00e9 uma iniciativa da ind\u00fastria, que foi lan\u00e7ada em 2006 para promover o acesso \u00e0 informa\u00e7\u00e3o e cultura em munic\u00edpios e localidades com baixo \u00cdndice de Desenvolvimento Humano (IDH).<\/p>\n<p>O projeto instala centros multimeios em locais de baixa renda, oferecendo acesso gratuito \u00e0 informa\u00e7\u00e3o em diferentes m\u00eddias: livros, peri\u00f3dicos, v\u00eddeos, DVDs, al\u00e9m de acesso \u00e0 internet e in\u00fameras atividades de promo\u00e7\u00e3o da leitura, lazer e cidadania.<\/p>\n<p><strong>GALERIA DE FOTOS:<\/strong><\/p>\n<p><img decoding=\"async\" src=\"http:\/\/aconteceunovale.com.br\/portal\/wp-content\/uploads\/2014\/01\/polemica_sesi_almenara_1.png\" alt=\"\" \/><br \/>\n<img decoding=\"async\" src=\"http:\/\/aconteceunovale.com.br\/portal\/wp-content\/uploads\/2014\/01\/polemica_sesi_almenara_2.png\" alt=\"\" \/><br \/>\n<img decoding=\"async\" src=\"http:\/\/aconteceunovale.com.br\/portal\/wp-content\/uploads\/2014\/01\/polemica_sesi_almenara_3.png\" alt=\"\" \/><br \/>\n<img decoding=\"async\" src=\"http:\/\/aconteceunovale.com.br\/portal\/wp-content\/uploads\/2014\/01\/polemica_sesi_almenara_4.png\" alt=\"\" \/><br \/>\n<img decoding=\"async\" src=\"http:\/\/aconteceunovale.com.br\/portal\/wp-content\/uploads\/2014\/01\/polemica_sesi_almenara_5.png\" alt=\"\" \/><br \/>\n<img decoding=\"async\" src=\"http:\/\/aconteceunovale.com.br\/portal\/wp-content\/uploads\/2014\/01\/polemica_sesi_almenara_6.png\" alt=\"\" \/><br \/>\n<img decoding=\"async\" src=\"http:\/\/aconteceunovale.com.br\/portal\/wp-content\/uploads\/2014\/01\/polemica_sesi_almenara_7.png\" alt=\"\" \/><br \/>\n<img decoding=\"async\" src=\"http:\/\/aconteceunovale.com.br\/portal\/wp-content\/uploads\/2014\/01\/polemica_sesi_almenara_8.png\" alt=\"\" \/><br \/>\n<img decoding=\"async\" src=\"http:\/\/aconteceunovale.com.br\/portal\/wp-content\/uploads\/2014\/01\/polemica_sesi_almenara_9.png\" alt=\"\" \/><br \/>\n<img decoding=\"async\" src=\"http:\/\/aconteceunovale.com.br\/portal\/wp-content\/uploads\/2014\/01\/polemica_sesi_almenara_10.png\" alt=\"\" \/><\/p>\n<p><em>(Informa\u00e7\u00f5es e Fotos do Di\u00e1rio do Jequi)<\/em><\/p>\n","protected":false},"excerpt":{"rendered":"<p>Um projeto de constru\u00e7\u00e3o de um centro de inform\u00e1tica, conhecido como SESI Ind\u00fastria do Conhecimento na cidade de Almenara, no vale do Jequitinhonha, tem sido motivo de muita discuss\u00e3o, j\u00e1 que alguns vereadores n\u00e3o aprovaram o mesmo. A grande pol\u00eamica vem do fato de que o SESI Ind\u00fastria do Conhecimento ser\u00e1 constru\u00edda na mesma pra\u00e7a [&hellip;]<\/p>\n","protected":false},"author":1,"featured_media":0,"comment_status":"open","ping_status":"closed","sticky":false,"template":"","format":"standard","meta":{"amp_status":"","footnotes":""},"categories":[120],"tags":[142,3014,3015],"class_list":["post-18552","post","type-post","status-publish","format-standard","hentry","category-jequi","tag-almenara","tag-polemica-na-construcao-do-sesi-industria-do-conhecimento-em-almenara","tag-sesi-industria-do-conhecimento"],"_links":{"self":[{"href":"https:\/\/aconteceunovale.com.br\/portal\/index.php?rest_route=\/wp\/v2\/posts\/18552","targetHints":{"allow":["GET"]}}],"collection":[{"href":"https:\/\/aconteceunovale.com.br\/portal\/index.php?rest_route=\/wp\/v2\/posts"}],"about":[{"href":"https:\/\/aconteceunovale.com.br\/portal\/index.php?rest_route=\/wp\/v2\/types\/post"}],"author":[{"embeddable":true,"href":"https:\/\/aconteceunovale.com.br\/portal\/index.php?rest_route=\/wp\/v2\/users\/1"}],"replies":[{"embeddable":true,"href":"https:\/\/aconteceunovale.com.br\/portal\/index.php?rest_route=%2Fwp%2Fv2%2Fcomments&post=18552"}],"version-history":[{"count":0,"href":"https:\/\/aconteceunovale.com.br\/portal\/index.php?rest_route=\/wp\/v2\/posts\/18552\/revisions"}],"wp:attachment":[{"href":"https:\/\/aconteceunovale.com.br\/portal\/index.php?rest_route=%2Fwp%2Fv2%2Fmedia&parent=18552"}],"wp:term":[{"taxonomy":"category","embeddable":true,"href":"https:\/\/aconteceunovale.com.br\/portal\/index.php?rest_route=%2Fwp%2Fv2%2Fcategories&post=18552"},{"taxonomy":"post_tag","embeddable":true,"href":"https:\/\/aconteceunovale.com.br\/portal\/index.php?rest_route=%2Fwp%2Fv2%2Ftags&post=18552"}],"curies":[{"name":"wp","href":"https:\/\/api.w.org\/{rel}","templated":true}]}}