{"id":185519,"date":"2022-01-08T15:53:20","date_gmt":"2022-01-08T18:53:20","guid":{"rendered":"https:\/\/aconteceunovale.com.br\/portal\/?p=185519"},"modified":"2022-01-08T23:37:18","modified_gmt":"2022-01-09T02:37:18","slug":"rocha-atinge-barcos-e-causa-morte-em-capitolio","status":"publish","type":"post","link":"https:\/\/aconteceunovale.com.br\/portal\/?p=185519","title":{"rendered":"Rocha atinge barcos e causa mortes em Capit\u00f3lio"},"content":{"rendered":"\n<p class=\"wp-block-paragraph\">Uma estrutura rochosa desabou sobre barcos de turistas na regi\u00e3o dos c\u00e2nions de Capit\u00f3lio, no Centro-Oeste de Minas Gerais, no in\u00edcio da tarde deste s\u00e1bado (8\/1\/2022). Segundo informa\u00e7\u00f5es do Corpo de Bombeiros, cerca de 30 pessoas estavam nas embarca\u00e7\u00f5es no momento do acidente.<\/p>\n\n\n\n<figure class=\"wp-block-gallery columns-1 is-cropped wp-block-gallery-1 is-layout-flex wp-block-gallery-is-layout-flex\"><ul class=\"blocks-gallery-grid\"><li class=\"blocks-gallery-item\"><figure><img loading=\"lazy\" decoding=\"async\" width=\"678\" height=\"408\" src=\"https:\/\/aconteceunovale.com.br\/portal\/wp-content\/uploads\/2022\/01\/rocha_capitolio.jpeg\" alt=\"\" data-id=\"185520\" data-full-url=\"https:\/\/aconteceunovale.com.br\/portal\/wp-content\/uploads\/2022\/01\/rocha_capitolio.jpeg\" data-link=\"https:\/\/aconteceunovale.com.br\/portal\/?attachment_id=185520\" class=\"wp-image-185520\" srcset=\"https:\/\/aconteceunovale.com.br\/portal\/wp-content\/uploads\/2022\/01\/rocha_capitolio.jpeg 678w, https:\/\/aconteceunovale.com.br\/portal\/wp-content\/uploads\/2022\/01\/rocha_capitolio-300x181.jpeg 300w\" sizes=\"auto, (max-width: 678px) 100vw, 678px\" \/><figcaption class=\"blocks-gallery-item__caption\"><em>Foto: Reprodu\u00e7\u00e3o \/ WhatsApp<\/em><\/figcaption><\/figure><\/li><\/ul><\/figure>\n\n\n\n<p class=\"wp-block-paragraph\">A Assessoria de Imprensa do Corpo de Bombeiros confirmou o resgate de sete corpos (v\u00eddeo abaixo). Tr\u00eas feridos foram encaminhados para a Santa Casa de Passos, quatro para um hospital de S\u00e3o Jos\u00e9 da Barra e outras duas v\u00edtimas receberam atendimento m\u00e9dico em Piumhi.<\/p>\n\n\n\n<p class=\"wp-block-paragraph\">Ainda segundo os bombeiros, outras vinte e tr\u00eas pessoas foram atendidas na Santa Casa de Caridade de Capit\u00f3lio e liberadas ap\u00f3s avalia\u00e7\u00e3o m\u00e9dica. Buscas s\u00e3o realizadas no local do acidente.<\/p>\n\n\n\n<h2 class=\"wp-block-heading\">Saiba mais<\/h2>\n\n\n\n<ul class=\"wp-block-list\"><li><a rel=\"noreferrer noopener\" href=\"https:\/\/aconteceunovale.com.br\/portal\/?p=185537\" target=\"_blank\">N\u00famero de mortos em desabamento de rocha em Capit\u00f3lio sobe para sete<\/a><\/li><li><a rel=\"noreferrer noopener\" href=\"https:\/\/aconteceunovale.com.br\/portal\/?p=185558\" target=\"_blank\">Comandante do Corpo de Bombeiros de Minas Gerais pede que pessoas evitem locais de risco<\/a><\/li><\/ul>\n\n\n\n<h2 class=\"wp-block-heading\">V\u00eddeos<\/h2>\n\n\n\n<figure class=\"wp-block-embed is-type-rich is-provider-incorporar-manipulador wp-block-embed-incorporar-manipulador wp-embed-aspect-4-3 wp-has-aspect-ratio\"><div class=\"wp-block-embed__wrapper\">\n<iframe loading=\"lazy\" title=\"Rocha atinge barcos e causa mortes em Capit\u00f3lio\" width=\"696\" height=\"522\" src=\"https:\/\/www.youtube.com\/embed\/haZpGKiDhvQ?feature=oembed\" frameborder=\"0\" allow=\"accelerometer; autoplay; clipboard-write; encrypted-media; gyroscope; picture-in-picture\" allowfullscreen><\/iframe>\n<\/div><\/figure>\n\n\n\n<p class=\"wp-block-paragraph\"><blockquote class=\"twitter-tweet\"><p lang=\"pt\" dir=\"ltr\">MOMENTOS ANTES DA TRAG\u00c9DIA EM CAPIT\u00d3LIO<br><br>Turistas e respons\u00e1veis por lanchas foram avisados para se afastarem de rocha gigante que desabou na regi\u00e3o dos c\u00e2nions de Capit\u00f3lio (MG); veja outros v\u00eddeos<br><br>Saiba mais em <a href=\"https:\/\/t.co\/77CpMRUVTN\">https:\/\/t.co\/77CpMRUVTN<\/a> <a href=\"https:\/\/t.co\/9YY38IV9lI\">pic.twitter.com\/9YY38IV9lI<\/a><\/p>\u2014 Aconteceu no Vale (@noticiadosvales) <a href=\"https:\/\/twitter.com\/noticiadosvales\/status\/1479908615616139267?ref_src=twsrc%5Etfw\">January 8, 2022<\/a><\/blockquote> <script async=\"\" src=\"https:\/\/platform.twitter.com\/widgets.js\" charset=\"utf-8\"><\/script><\/p>\n\n\n\n<p class=\"wp-block-paragraph\"><blockquote class=\"twitter-tweet\"><p lang=\"pt\" dir=\"ltr\">Corpo de Bombeiros atualiza informa\u00e7\u00f5es sobre a Opera\u00e7\u00e3o em Capit\u00f3lio<br><br>Segundo o Ten Pedro Aihara, porta-voz da corpora\u00e7\u00e3o, foram resgatados 7 corpos e 3 pessoas est\u00e3o desaparecidas. Todas as v\u00edtimas estavam na embarca\u00e7\u00e3o de nome &#8220;Jesus&#8221;.<a href=\"https:\/\/twitter.com\/hashtag\/MG?src=hash&amp;ref_src=twsrc%5Etfw\">#MG<\/a> <a href=\"https:\/\/twitter.com\/hashtag\/Capit%C3%B3lio?src=hash&amp;ref_src=twsrc%5Etfw\">#Capit\u00f3lio<\/a> <a href=\"https:\/\/twitter.com\/hashtag\/MinasGerais?src=hash&amp;ref_src=twsrc%5Etfw\">#MinasGerais<\/a> <a href=\"https:\/\/twitter.com\/hashtag\/CBMMG?src=hash&amp;ref_src=twsrc%5Etfw\">#CBMMG<\/a> <a href=\"https:\/\/t.co\/YnRxroiU7X\">pic.twitter.com\/YnRxroiU7X<\/a><\/p>\u2014 Aconteceu no Vale (@noticiadosvales) <a href=\"https:\/\/twitter.com\/noticiadosvales\/status\/1479982398439936000?ref_src=twsrc%5Etfw\">January 9, 2022<\/a><\/blockquote> <script async=\"\" src=\"https:\/\/platform.twitter.com\/widgets.js\" charset=\"utf-8\"><\/script><\/p>\n\n\n\n<h2 class=\"wp-block-heading\">Governador<\/h2>\n\n\n\n<p class=\"wp-block-paragraph\"><em>&#8220;Sofremos hoje a dor de uma trag\u00e9dia em nosso Estado, devido \u00e0s fortes chuvas, que provocaram o desprendimento de um pared\u00e3o de pedras no lago de Furnas, em Capit\u00f3lio. O Governo de Minas est\u00e1 presente desde os primeiros momentos atrav\u00e9s da Defesa Civil e Corpo de Bombeiros. Os trabalhos de resgate ainda est\u00e3o em andamento. Solidarizo com as fam\u00edlias neste dif\u00edcil momento. Seguiremos atuando para fornecer o apoio e amparo necess\u00e1rios&#8221;, <\/em>disse Romeu Zema.<\/p>\n\n\n\n<h2 class=\"wp-block-heading\">Nota da Marinha<\/h2>\n\n\n\n<p class=\"wp-block-paragraph\"><em>MARINHA DO BRASIL<br>COMANDO DO 1\u00ba DISTRITO NAVAL<br>NOTA \u00c0 IMPRENSA<\/em><\/p>\n\n\n\n<p class=\"wp-block-paragraph\"><em>S\u00e3o Jos\u00e9 da Barra-MG. Em 08 de janeiro de 2022.<\/em><\/p>\n\n\n\n<p class=\"wp-block-paragraph\"><em>A Marinha do Brasil informa que tomou conhecimento de um acidente, no fim da manh\u00e3 de hoje, ap\u00f3s deslizamento de rochedo atingir embarca\u00e7\u00f5es que navegavam a regi\u00e3o dos c\u00e2nions, em Capit\u00f3lio-MG.<\/em><\/p>\n\n\n\n<p class=\"wp-block-paragraph\"><em>A DelFurnas deslocou, imediatamente, equipes de Busca e Salvamento (SAR) para o local, integrantes da Opera\u00e7\u00e3o Ver\u00e3o ora em andamento, a fim de prestar o apoio necess\u00e1rio \u00e0s tripula\u00e7\u00f5es envolvidas no acidente, no transporte de feridos para a Santa Casa de Capit\u00f3lio, e no aux\u00edlio aos outros \u00f3rg\u00e3os atuando no local.<\/em><\/p>\n\n\n\n<p class=\"wp-block-paragraph\"><em>Um inqu\u00e9rito ser\u00e1 instaurado para apurar causas, circunst\u00e2ncias do acidente\/fato ocorrido.<\/em><\/p>\n\n\n\n<p class=\"wp-block-paragraph\"><em>Assessoria de Comunica\u00e7\u00e3o Social do Comando do 1\u00ba Distrito Naval<\/em><\/p>\n\n\n\n<p class=\"wp-block-paragraph\">&#8212;&#8212;&#8212;&#8212;&#8212;&#8212;<br><em>Quer receber as not\u00edcias do <strong>Aconteceu no Vale<\/strong> em primeira m\u00e3o? Siga-nos no Facebook <a rel=\"noreferrer noopener\" href=\"http:\/\/facebook.com\/aconteceunovale\" target=\"_blank\">@aconteceunovale<\/a>, Twitter <a rel=\"noreferrer noopener\" href=\"https:\/\/twitter.com\/noticiadosvales\" target=\"_blank\">@noticiadosvales<\/a> e Instagram <a rel=\"noreferrer noopener\" href=\"https:\/\/www.instagram.com\/aconteceunovale\" target=\"_blank\">@aconteceunovale<\/a>.<\/em><\/p>\n","protected":false},"excerpt":{"rendered":"<p>Uma estrutura rochosa desabou sobre barcos de turistas na regi\u00e3o dos c\u00e2nions de Capit\u00f3lio, no Centro-Oeste de Minas Gerais, no in\u00edcio da tarde deste s\u00e1bado (8\/1\/2022). Segundo informa\u00e7\u00f5es do Corpo de Bombeiros, cerca de 30 pessoas estavam nas embarca\u00e7\u00f5es no momento do acidente. A Assessoria de Imprensa do Corpo de Bombeiros confirmou o resgate de [&hellip;]<\/p>\n","protected":false},"author":4,"featured_media":185520,"comment_status":"open","ping_status":"closed","sticky":false,"template":"","format":"standard","meta":{"amp_status":"","footnotes":""},"categories":[123],"tags":[257007,257005,257002,257001,257006,4890,257003,1018,36997,131,257015,257014,257013,257016,213,1783,257000,257004,31133],"class_list":["post-185519","post","type-post","status-publish","format-standard","has-post-thumbnail","hentry","category-gerais","tag-acidente-capitolio","tag-acidente-com-lanchas-em-capitolio","tag-acidente-com-rocha-em-capitolio","tag-acidente-em-capitolio","tag-acidente-no-canion-de-capitolio","tag-capitolio","tag-desabamento-de-rocha-em-capitolio","tag-destaque","tag-lago-de-furnas","tag-minas-gerais","tag-mortos-em-capitolio","tag-numero-de-mortos-em-capitolio","tag-numero-de-mortos-em-desabamento-de-rocha-em-capitolio-sobe-para-cinco","tag-obitos-em-capitolio","tag-passos","tag-piumhi","tag-rocha-atinge-barcos-e-causa-morte-em-capitolio","tag-rocha-desaba-em-capitolio","tag-sao-jose-da-barra"],"yoast_head":"<!-- This site is optimized with the Yoast SEO plugin v28.3 - https:\/\/yoast.com\/product\/yoast-seo-wordpress\/ -->\n<title>Rocha atinge barcos e causa mortes em Capit\u00f3lio - Aconteceu no Vale<\/title>\n<meta name=\"robots\" content=\"index, follow, max-snippet:-1, max-image-preview:large, max-video-preview:-1\" \/>\n<link rel=\"canonical\" href=\"https:\/\/aconteceunovale.com.br\/portal\/?p=185519\" \/>\n<meta property=\"og:locale\" content=\"pt_BR\" \/>\n<meta property=\"og:type\" content=\"article\" \/>\n<meta property=\"og:title\" content=\"Rocha atinge barcos e causa mortes em Capit\u00f3lio - Aconteceu no Vale\" \/>\n<meta property=\"og:description\" content=\"Uma estrutura rochosa desabou sobre barcos de turistas na regi\u00e3o dos c\u00e2nions de Capit\u00f3lio, no Centro-Oeste de Minas Gerais, no in\u00edcio da tarde deste s\u00e1bado (8\/1\/2022). Segundo informa\u00e7\u00f5es do Corpo de Bombeiros, cerca de 30 pessoas estavam nas embarca\u00e7\u00f5es no momento do acidente. A Assessoria de Imprensa do Corpo de Bombeiros confirmou o resgate de [&hellip;]\" \/>\n<meta property=\"og:url\" content=\"https:\/\/aconteceunovale.com.br\/portal\/?p=185519\" \/>\n<meta property=\"og:site_name\" content=\"Aconteceu no Vale\" \/>\n<meta property=\"article:publisher\" content=\"https:\/\/www.facebook.com\/aconteceunovale\/\" \/>\n<meta property=\"article:published_time\" content=\"2022-01-08T18:53:20+00:00\" \/>\n<meta property=\"article:modified_time\" content=\"2022-01-09T02:37:18+00:00\" \/>\n<meta property=\"og:image\" content=\"https:\/\/aconteceunovale.com.br\/portal\/wp-content\/uploads\/2022\/01\/rocha_capitolio.jpeg\" \/>\n\t<meta property=\"og:image:width\" content=\"678\" \/>\n\t<meta property=\"og:image:height\" content=\"408\" \/>\n\t<meta property=\"og:image:type\" content=\"image\/jpeg\" \/>\n<meta name=\"author\" content=\"Reda\u00e7\u00e3o Aconteceu no Vale\" \/>\n<meta name=\"twitter:card\" content=\"summary_large_image\" \/>\n<meta name=\"twitter:creator\" content=\"@noticiadosvales\" \/>\n<meta name=\"twitter:site\" content=\"@noticiadosvales\" \/>\n<meta name=\"twitter:label1\" content=\"Escrito por\" \/>\n\t<meta name=\"twitter:data1\" content=\"Reda\u00e7\u00e3o Aconteceu no Vale\" \/>\n\t<meta name=\"twitter:label2\" content=\"Est. tempo de leitura\" \/>\n\t<meta name=\"twitter:data2\" content=\"3 minutos\" \/>\n<script type=\"application\/ld+json\" class=\"yoast-schema-graph\">{\"@context\":\"https:\\\/\\\/schema.org\",\"@graph\":[{\"@type\":\"Article\",\"@id\":\"https:\\\/\\\/aconteceunovale.com.br\\\/portal\\\/?p=185519#article\",\"isPartOf\":{\"@id\":\"https:\\\/\\\/aconteceunovale.com.br\\\/portal\\\/?p=185519\"},\"author\":{\"name\":\"Reda\u00e7\u00e3o Aconteceu no Vale\",\"@id\":\"https:\\\/\\\/aconteceunovale.com.br\\\/portal\\\/#\\\/schema\\\/person\\\/7d2f26d1483f8a63de73da1ee0754d35\"},\"headline\":\"Rocha atinge barcos e causa mortes em Capit\u00f3lio\",\"datePublished\":\"2022-01-08T18:53:20+00:00\",\"dateModified\":\"2022-01-09T02:37:18+00:00\",\"mainEntityOfPage\":{\"@id\":\"https:\\\/\\\/aconteceunovale.com.br\\\/portal\\\/?p=185519\"},\"wordCount\":540,\"commentCount\":0,\"image\":{\"@id\":\"https:\\\/\\\/aconteceunovale.com.br\\\/portal\\\/?p=185519#primaryimage\"},\"thumbnailUrl\":\"https:\\\/\\\/aconteceunovale.com.br\\\/portal\\\/wp-content\\\/uploads\\\/2022\\\/01\\\/rocha_capitolio.jpeg\",\"keywords\":[\"Acidente Capit\u00f3lio\",\"Acidente com lanchas em Capit\u00f3lio\",\"Acidente com rocha em Capit\u00f3lio\",\"Acidente em Capit\u00f3lio\",\"Acidente no c\u00e2nion de Capit\u00f3lio\",\"Capit\u00f3lio\",\"Desabamento de rocha em Capit\u00f3lio\",\"destaque\",\"Lago de Furnas\",\"Minas Gerais\",\"Mortos em Capit\u00f3lio\",\"N\u00famero de mortos em Capit\u00f3lio\",\"N\u00famero de mortos em desabamento de rocha em Capit\u00f3lio sobe para cinco\",\"\u00d3bitos em Capit\u00f3lio\",\"Passos\",\"Piumhi\",\"Rocha atinge barcos e causa morte em Capit\u00f3lio\",\"Rocha desaba em Capit\u00f3lio\",\"S\u00e3o Jos\u00e9 da Barra\"],\"articleSection\":[\"Minas Gerais\"],\"inLanguage\":\"pt-BR\",\"potentialAction\":[{\"@type\":\"CommentAction\",\"name\":\"Comment\",\"target\":[\"https:\\\/\\\/aconteceunovale.com.br\\\/portal\\\/?p=185519#respond\"]}]},{\"@type\":\"WebPage\",\"@id\":\"https:\\\/\\\/aconteceunovale.com.br\\\/portal\\\/?p=185519\",\"url\":\"https:\\\/\\\/aconteceunovale.com.br\\\/portal\\\/?p=185519\",\"name\":\"Rocha atinge barcos e causa mortes em Capit\u00f3lio - Aconteceu no Vale\",\"isPartOf\":{\"@id\":\"https:\\\/\\\/aconteceunovale.com.br\\\/portal\\\/#website\"},\"primaryImageOfPage\":{\"@id\":\"https:\\\/\\\/aconteceunovale.com.br\\\/portal\\\/?p=185519#primaryimage\"},\"image\":{\"@id\":\"https:\\\/\\\/aconteceunovale.com.br\\\/portal\\\/?p=185519#primaryimage\"},\"thumbnailUrl\":\"https:\\\/\\\/aconteceunovale.com.br\\\/portal\\\/wp-content\\\/uploads\\\/2022\\\/01\\\/rocha_capitolio.jpeg\",\"datePublished\":\"2022-01-08T18:53:20+00:00\",\"dateModified\":\"2022-01-09T02:37:18+00:00\",\"author\":{\"@id\":\"https:\\\/\\\/aconteceunovale.com.br\\\/portal\\\/#\\\/schema\\\/person\\\/7d2f26d1483f8a63de73da1ee0754d35\"},\"breadcrumb\":{\"@id\":\"https:\\\/\\\/aconteceunovale.com.br\\\/portal\\\/?p=185519#breadcrumb\"},\"inLanguage\":\"pt-BR\",\"potentialAction\":[{\"@type\":\"ReadAction\",\"target\":[\"https:\\\/\\\/aconteceunovale.com.br\\\/portal\\\/?p=185519\"]}]},{\"@type\":\"ImageObject\",\"inLanguage\":\"pt-BR\",\"@id\":\"https:\\\/\\\/aconteceunovale.com.br\\\/portal\\\/?p=185519#primaryimage\",\"url\":\"https:\\\/\\\/aconteceunovale.com.br\\\/portal\\\/wp-content\\\/uploads\\\/2022\\\/01\\\/rocha_capitolio.jpeg\",\"contentUrl\":\"https:\\\/\\\/aconteceunovale.com.br\\\/portal\\\/wp-content\\\/uploads\\\/2022\\\/01\\\/rocha_capitolio.jpeg\",\"width\":678,\"height\":408},{\"@type\":\"BreadcrumbList\",\"@id\":\"https:\\\/\\\/aconteceunovale.com.br\\\/portal\\\/?p=185519#breadcrumb\",\"itemListElement\":[{\"@type\":\"ListItem\",\"position\":1,\"name\":\"In\u00edcio\",\"item\":\"https:\\\/\\\/aconteceunovale.com.br\\\/portal\\\/\"},{\"@type\":\"ListItem\",\"position\":2,\"name\":\"Rocha atinge barcos e causa mortes em Capit\u00f3lio\"}]},{\"@type\":\"WebSite\",\"@id\":\"https:\\\/\\\/aconteceunovale.com.br\\\/portal\\\/#website\",\"url\":\"https:\\\/\\\/aconteceunovale.com.br\\\/portal\\\/\",\"name\":\"Aconteceu no Vale\",\"description\":\"Portal de Not\u00edcias\",\"potentialAction\":[{\"@type\":\"SearchAction\",\"target\":{\"@type\":\"EntryPoint\",\"urlTemplate\":\"https:\\\/\\\/aconteceunovale.com.br\\\/portal\\\/?s={search_term_string}\"},\"query-input\":{\"@type\":\"PropertyValueSpecification\",\"valueRequired\":true,\"valueName\":\"search_term_string\"}}],\"inLanguage\":\"pt-BR\"},{\"@type\":\"Person\",\"@id\":\"https:\\\/\\\/aconteceunovale.com.br\\\/portal\\\/#\\\/schema\\\/person\\\/7d2f26d1483f8a63de73da1ee0754d35\",\"name\":\"Reda\u00e7\u00e3o Aconteceu no Vale\",\"description\":\"Equipe de reportagem do Aconteceu no Vale, portal de not\u00edcias do Vale do Jequitinhonha, em Minas Gerais. Cobrimos as 51 cidades do Vale desde 2013. Sugest\u00f5es de pauta e pedidos de corre\u00e7\u00e3o: contato@aconteceunovale.com.br\",\"url\":\"https:\\\/\\\/aconteceunovale.com.br\\\/portal\\\/?author=4\"}]}<\/script>\n<!-- \/ Yoast SEO plugin. -->","yoast_head_json":{"title":"Rocha atinge barcos e causa mortes em Capit\u00f3lio - Aconteceu no Vale","robots":{"index":"index","follow":"follow","max-snippet":"max-snippet:-1","max-image-preview":"max-image-preview:large","max-video-preview":"max-video-preview:-1"},"canonical":"https:\/\/aconteceunovale.com.br\/portal\/?p=185519","og_locale":"pt_BR","og_type":"article","og_title":"Rocha atinge barcos e causa mortes em Capit\u00f3lio - Aconteceu no Vale","og_description":"Uma estrutura rochosa desabou sobre barcos de turistas na regi\u00e3o dos c\u00e2nions de Capit\u00f3lio, no Centro-Oeste de Minas Gerais, no in\u00edcio da tarde deste s\u00e1bado (8\/1\/2022). Segundo informa\u00e7\u00f5es do Corpo de Bombeiros, cerca de 30 pessoas estavam nas embarca\u00e7\u00f5es no momento do acidente. A Assessoria de Imprensa do Corpo de Bombeiros confirmou o resgate de [&hellip;]","og_url":"https:\/\/aconteceunovale.com.br\/portal\/?p=185519","og_site_name":"Aconteceu no Vale","article_publisher":"https:\/\/www.facebook.com\/aconteceunovale\/","article_published_time":"2022-01-08T18:53:20+00:00","article_modified_time":"2022-01-09T02:37:18+00:00","og_image":[{"width":678,"height":408,"url":"https:\/\/aconteceunovale.com.br\/portal\/wp-content\/uploads\/2022\/01\/rocha_capitolio.jpeg","type":"image\/jpeg"}],"author":"Reda\u00e7\u00e3o Aconteceu no Vale","twitter_card":"summary_large_image","twitter_creator":"@noticiadosvales","twitter_site":"@noticiadosvales","twitter_misc":{"Escrito por":"Reda\u00e7\u00e3o Aconteceu no Vale","Est. tempo de leitura":"3 minutos"},"schema":{"@context":"https:\/\/schema.org","@graph":[{"@type":"Article","@id":"https:\/\/aconteceunovale.com.br\/portal\/?p=185519#article","isPartOf":{"@id":"https:\/\/aconteceunovale.com.br\/portal\/?p=185519"},"author":{"name":"Reda\u00e7\u00e3o Aconteceu no Vale","@id":"https:\/\/aconteceunovale.com.br\/portal\/#\/schema\/person\/7d2f26d1483f8a63de73da1ee0754d35"},"headline":"Rocha atinge barcos e causa mortes em Capit\u00f3lio","datePublished":"2022-01-08T18:53:20+00:00","dateModified":"2022-01-09T02:37:18+00:00","mainEntityOfPage":{"@id":"https:\/\/aconteceunovale.com.br\/portal\/?p=185519"},"wordCount":540,"commentCount":0,"image":{"@id":"https:\/\/aconteceunovale.com.br\/portal\/?p=185519#primaryimage"},"thumbnailUrl":"https:\/\/aconteceunovale.com.br\/portal\/wp-content\/uploads\/2022\/01\/rocha_capitolio.jpeg","keywords":["Acidente Capit\u00f3lio","Acidente com lanchas em Capit\u00f3lio","Acidente com rocha em Capit\u00f3lio","Acidente em Capit\u00f3lio","Acidente no c\u00e2nion de Capit\u00f3lio","Capit\u00f3lio","Desabamento de rocha em Capit\u00f3lio","destaque","Lago de Furnas","Minas Gerais","Mortos em Capit\u00f3lio","N\u00famero de mortos em Capit\u00f3lio","N\u00famero de mortos em desabamento de rocha em Capit\u00f3lio sobe para cinco","\u00d3bitos em Capit\u00f3lio","Passos","Piumhi","Rocha atinge barcos e causa morte em Capit\u00f3lio","Rocha desaba em Capit\u00f3lio","S\u00e3o Jos\u00e9 da Barra"],"articleSection":["Minas Gerais"],"inLanguage":"pt-BR","potentialAction":[{"@type":"CommentAction","name":"Comment","target":["https:\/\/aconteceunovale.com.br\/portal\/?p=185519#respond"]}]},{"@type":"WebPage","@id":"https:\/\/aconteceunovale.com.br\/portal\/?p=185519","url":"https:\/\/aconteceunovale.com.br\/portal\/?p=185519","name":"Rocha atinge barcos e causa mortes em Capit\u00f3lio - Aconteceu no Vale","isPartOf":{"@id":"https:\/\/aconteceunovale.com.br\/portal\/#website"},"primaryImageOfPage":{"@id":"https:\/\/aconteceunovale.com.br\/portal\/?p=185519#primaryimage"},"image":{"@id":"https:\/\/aconteceunovale.com.br\/portal\/?p=185519#primaryimage"},"thumbnailUrl":"https:\/\/aconteceunovale.com.br\/portal\/wp-content\/uploads\/2022\/01\/rocha_capitolio.jpeg","datePublished":"2022-01-08T18:53:20+00:00","dateModified":"2022-01-09T02:37:18+00:00","author":{"@id":"https:\/\/aconteceunovale.com.br\/portal\/#\/schema\/person\/7d2f26d1483f8a63de73da1ee0754d35"},"breadcrumb":{"@id":"https:\/\/aconteceunovale.com.br\/portal\/?p=185519#breadcrumb"},"inLanguage":"pt-BR","potentialAction":[{"@type":"ReadAction","target":["https:\/\/aconteceunovale.com.br\/portal\/?p=185519"]}]},{"@type":"ImageObject","inLanguage":"pt-BR","@id":"https:\/\/aconteceunovale.com.br\/portal\/?p=185519#primaryimage","url":"https:\/\/aconteceunovale.com.br\/portal\/wp-content\/uploads\/2022\/01\/rocha_capitolio.jpeg","contentUrl":"https:\/\/aconteceunovale.com.br\/portal\/wp-content\/uploads\/2022\/01\/rocha_capitolio.jpeg","width":678,"height":408},{"@type":"BreadcrumbList","@id":"https:\/\/aconteceunovale.com.br\/portal\/?p=185519#breadcrumb","itemListElement":[{"@type":"ListItem","position":1,"name":"In\u00edcio","item":"https:\/\/aconteceunovale.com.br\/portal\/"},{"@type":"ListItem","position":2,"name":"Rocha atinge barcos e causa mortes em Capit\u00f3lio"}]},{"@type":"WebSite","@id":"https:\/\/aconteceunovale.com.br\/portal\/#website","url":"https:\/\/aconteceunovale.com.br\/portal\/","name":"Aconteceu no Vale","description":"Portal de Not\u00edcias","potentialAction":[{"@type":"SearchAction","target":{"@type":"EntryPoint","urlTemplate":"https:\/\/aconteceunovale.com.br\/portal\/?s={search_term_string}"},"query-input":{"@type":"PropertyValueSpecification","valueRequired":true,"valueName":"search_term_string"}}],"inLanguage":"pt-BR"},{"@type":"Person","@id":"https:\/\/aconteceunovale.com.br\/portal\/#\/schema\/person\/7d2f26d1483f8a63de73da1ee0754d35","name":"Reda\u00e7\u00e3o Aconteceu no Vale","description":"Equipe de reportagem do Aconteceu no Vale, portal de not\u00edcias do Vale do Jequitinhonha, em Minas Gerais. Cobrimos as 51 cidades do Vale desde 2013. Sugest\u00f5es de pauta e pedidos de corre\u00e7\u00e3o: contato@aconteceunovale.com.br","url":"https:\/\/aconteceunovale.com.br\/portal\/?author=4"}]}},"_links":{"self":[{"href":"https:\/\/aconteceunovale.com.br\/portal\/index.php?rest_route=\/wp\/v2\/posts\/185519","targetHints":{"allow":["GET"]}}],"collection":[{"href":"https:\/\/aconteceunovale.com.br\/portal\/index.php?rest_route=\/wp\/v2\/posts"}],"about":[{"href":"https:\/\/aconteceunovale.com.br\/portal\/index.php?rest_route=\/wp\/v2\/types\/post"}],"author":[{"embeddable":true,"href":"https:\/\/aconteceunovale.com.br\/portal\/index.php?rest_route=\/wp\/v2\/users\/4"}],"replies":[{"embeddable":true,"href":"https:\/\/aconteceunovale.com.br\/portal\/index.php?rest_route=%2Fwp%2Fv2%2Fcomments&post=185519"}],"version-history":[{"count":14,"href":"https:\/\/aconteceunovale.com.br\/portal\/index.php?rest_route=\/wp\/v2\/posts\/185519\/revisions"}],"predecessor-version":[{"id":185570,"href":"https:\/\/aconteceunovale.com.br\/portal\/index.php?rest_route=\/wp\/v2\/posts\/185519\/revisions\/185570"}],"wp:featuredmedia":[{"embeddable":true,"href":"https:\/\/aconteceunovale.com.br\/portal\/index.php?rest_route=\/wp\/v2\/media\/185520"}],"wp:attachment":[{"href":"https:\/\/aconteceunovale.com.br\/portal\/index.php?rest_route=%2Fwp%2Fv2%2Fmedia&parent=185519"}],"wp:term":[{"taxonomy":"category","embeddable":true,"href":"https:\/\/aconteceunovale.com.br\/portal\/index.php?rest_route=%2Fwp%2Fv2%2Fcategories&post=185519"},{"taxonomy":"post_tag","embeddable":true,"href":"https:\/\/aconteceunovale.com.br\/portal\/index.php?rest_route=%2Fwp%2Fv2%2Ftags&post=185519"}],"curies":[{"name":"wp","href":"https:\/\/api.w.org\/{rel}","templated":true}]}}