{"id":185478,"date":"2022-01-05T22:54:51","date_gmt":"2022-01-06T01:54:51","guid":{"rendered":"https:\/\/aconteceunovale.com.br\/portal\/?p=185478"},"modified":"2022-01-05T22:55:44","modified_gmt":"2022-01-06T01:55:44","slug":"presidente-veta-projeto-que-suspende-prazo-de-validade-de-concursos","status":"publish","type":"post","link":"https:\/\/aconteceunovale.com.br\/portal\/?p=185478","title":{"rendered":"Presidente veta projeto que suspende prazo de validade de concursos"},"content":{"rendered":"\n<p>O presidente Jair Bolsonaro vetou o Projeto de Lei 1.676\/2020, que prev\u00ea o ajuste no per\u00edodo de suspens\u00e3o da contagem do prazo de validade de concursos p\u00fablicos federais em raz\u00e3o da pandemia de covid-19.<\/p>\n\n\n\n<p>De acordo com a Secretaria de Assuntos Jur\u00eddicos da Presid\u00eancia da Rep\u00fablica, o veto ocorreu para dar seguran\u00e7a jur\u00eddica aos concursos que foram encerrados.&nbsp;<\/p>\n\n\n\n<p>\u201cA proposi\u00e7\u00e3o legislativa contrariava o interesse p\u00fablico ao suspender a contagem dos prazos de validade de concursos at\u00e9 31 de dezembro de 2021, per\u00edodo j\u00e1 transcorrido, o que poderia implicar a aplica\u00e7\u00e3o de efeitos retroativos ao restabelecer a vig\u00eancia de concursos j\u00e1 encerrados e causar inseguran\u00e7a jur\u00eddica. Dessa forma, entende-se que a proposi\u00e7\u00e3o legislativa perdeu o seu objeto\u201d, informou o \u00f3rg\u00e3o.&nbsp;<\/p>\n\n\n\n<p>A mat\u00e9ria foi aprovada pela C\u00e2mara dos Deputados e pelo Senado no\u00a0final do ano passado.\u00a0<\/p>\n\n\n\n<p>&#8212;&#8212;&#8212;&#8212;&#8212;&#8212;<br><em>Quer receber as not\u00edcias do <strong>Aconteceu no Vale<\/strong> em primeira m\u00e3o? Siga-nos no Facebook <a rel=\"noreferrer noopener\" href=\"http:\/\/facebook.com\/aconteceunovale\" target=\"_blank\">@aconteceunovale<\/a>, Twitter <a rel=\"noreferrer noopener\" href=\"https:\/\/twitter.com\/noticiadosvales\" target=\"_blank\">@noticiadosvales<\/a> e Instagram <a rel=\"noreferrer noopener\" href=\"https:\/\/www.instagram.com\/aconteceunovale\" target=\"_blank\">@aconteceunovale<\/a>.<\/em><\/p>\n","protected":false},"excerpt":{"rendered":"<p>O presidente Jair Bolsonaro vetou o Projeto de Lei 1.676\/2020, que prev\u00ea o ajuste no per\u00edodo de suspens\u00e3o da contagem do prazo de validade de concursos p\u00fablicos federais em raz\u00e3o da pandemia de covid-19. De acordo com a Secretaria de Assuntos Jur\u00eddicos da Presid\u00eancia da Rep\u00fablica, o veto ocorreu para dar seguran\u00e7a jur\u00eddica aos concursos [&hellip;]<\/p>\n","protected":false},"author":4,"featured_media":130217,"comment_status":"open","ping_status":"closed","sticky":false,"template":"","format":"standard","meta":{"amp_status":"","footnotes":""},"categories":[6,40237],"tags":[100375,20922,26436,256914,21938,256916,256915],"class_list":["post-185478","post","type-post","status-publish","format-standard","has-post-thumbnail","hentry","category-br","category-concursos","tag-bolsonaro","tag-camara-dos-deputados","tag-jair-bolsonaro","tag-prazo-de-validade-de-concursos","tag-senado","tag-suspensao-da-contagem-do-prazo-de-validade-de-concursos","tag-suspensao-do-prazo-de-validade-de-concursos"],"_links":{"self":[{"href":"https:\/\/aconteceunovale.com.br\/portal\/index.php?rest_route=\/wp\/v2\/posts\/185478","targetHints":{"allow":["GET"]}}],"collection":[{"href":"https:\/\/aconteceunovale.com.br\/portal\/index.php?rest_route=\/wp\/v2\/posts"}],"about":[{"href":"https:\/\/aconteceunovale.com.br\/portal\/index.php?rest_route=\/wp\/v2\/types\/post"}],"author":[{"embeddable":true,"href":"https:\/\/aconteceunovale.com.br\/portal\/index.php?rest_route=\/wp\/v2\/users\/4"}],"replies":[{"embeddable":true,"href":"https:\/\/aconteceunovale.com.br\/portal\/index.php?rest_route=%2Fwp%2Fv2%2Fcomments&post=185478"}],"version-history":[{"count":1,"href":"https:\/\/aconteceunovale.com.br\/portal\/index.php?rest_route=\/wp\/v2\/posts\/185478\/revisions"}],"predecessor-version":[{"id":185479,"href":"https:\/\/aconteceunovale.com.br\/portal\/index.php?rest_route=\/wp\/v2\/posts\/185478\/revisions\/185479"}],"wp:featuredmedia":[{"embeddable":true,"href":"https:\/\/aconteceunovale.com.br\/portal\/index.php?rest_route=\/wp\/v2\/media\/130217"}],"wp:attachment":[{"href":"https:\/\/aconteceunovale.com.br\/portal\/index.php?rest_route=%2Fwp%2Fv2%2Fmedia&parent=185478"}],"wp:term":[{"taxonomy":"category","embeddable":true,"href":"https:\/\/aconteceunovale.com.br\/portal\/index.php?rest_route=%2Fwp%2Fv2%2Fcategories&post=185478"},{"taxonomy":"post_tag","embeddable":true,"href":"https:\/\/aconteceunovale.com.br\/portal\/index.php?rest_route=%2Fwp%2Fv2%2Ftags&post=185478"}],"curies":[{"name":"wp","href":"https:\/\/api.w.org\/{rel}","templated":true}]}}