{"id":185426,"date":"2022-01-04T12:17:10","date_gmt":"2022-01-04T15:17:10","guid":{"rendered":"https:\/\/aconteceunovale.com.br\/portal\/?p=185426"},"modified":"2022-01-04T12:18:46","modified_gmt":"2022-01-04T15:18:46","slug":"publicada-lei-que-cria-a-procuradoria-regional-da-6a-regiao","status":"publish","type":"post","link":"https:\/\/aconteceunovale.com.br\/portal\/?p=185426","title":{"rendered":"Publicada lei que cria a Procuradoria Regional da 6\u00aa Regi\u00e3o"},"content":{"rendered":"\n<p class=\"wp-block-paragraph\">O presidente Jair Bolsonaro sancionou a lei que cria a Procuradoria Regional da Rep\u00fablica da 6\u00aa Regi\u00e3o, cuja sede ser\u00e1 em Belo Horizonte, com jurisdi\u00e7\u00e3o sobre todo o estado de Minas Gerais. A nova legisla\u00e7\u00e3o foi\u00a0<a rel=\"noreferrer noopener\" href=\"https:\/\/www.in.gov.br\/en\/web\/dou\/-\/lei-n-14.290-de-3-de-janeiro-de-2022-371717668\" target=\"_blank\">publicada na edi\u00e7\u00e3o de hoje (4\/1\/2022) do\u00a0<em>Di\u00e1rio Oficial da Uni\u00e3o (DOU)<\/em><\/a>.<\/p>\n\n\n\n<p class=\"wp-block-paragraph\">A nova procuradoria ocorre na esteira da cria\u00e7\u00e3o do\u00a0Tribunal Regional Federal da 6\u00aa Regi\u00e3o (TRF6), tamb\u00e9m com sede em Belo Horizonte e jurisdi\u00e7\u00e3o sobre Minas Gerais.<\/p>\n\n\n\n<p class=\"wp-block-paragraph\">As procuradorias regionais da Rep\u00fablica s\u00e3o \u00f3rg\u00e3os do Minist\u00e9rio P\u00fablico Federal (MPF) que atuam na segunda inst\u00e2ncia da Justi\u00e7a Federal. No caso, a PRR6 atuar\u00e1 junto ao TRF6. Pela lei, a nova procuradoria dever\u00e1 estar instalada em at\u00e9 180 dias ap\u00f3s a instala\u00e7\u00e3o do novo tribunal.<\/p>\n\n\n\n<p class=\"wp-block-paragraph\">Ainda segundo a legisla\u00e7\u00e3o, a nova estrutura contar\u00e1 com 18 cargos de procurador regional da Rep\u00fablica, criados a partir do remanejamento de 19 cargos vagos de procurador da Rep\u00fablica, que \u00e9 o primeiro n\u00edvel da carreira no Minist\u00e9rio P\u00fablico Federal (MPF), com atua\u00e7\u00e3o na primeira inst\u00e2ncia.<\/p>\n\n\n\n<p class=\"wp-block-paragraph\">Junto com o remanejamento dos cargos, ser\u00e1 tamb\u00e9m feita a transfer\u00eancia dos cargos comissionados referentes aos of\u00edcios correspondentes na nova procuradoria regional.<\/p>\n\n\n\n<p class=\"wp-block-paragraph\">Ainda segundo a lei, as \u201cdespesas iniciais de organiza\u00e7\u00e3o, de instala\u00e7\u00e3o e de funcionamento da PRR 6\u00aa Regi\u00e3o correr\u00e3o \u00e0 conta dos recursos or\u00e7ament\u00e1rios j\u00e1 consignados ao Minist\u00e9rio P\u00fablico da Uni\u00e3o\u201d.<\/p>\n\n\n\n<p class=\"wp-block-paragraph\">&#8212;&#8212;&#8212;&#8212;&#8212;&#8212;<br><em>Quer receber as not\u00edcias do <strong>Aconteceu no Vale<\/strong> em primeira m\u00e3o? Siga-nos no Facebook <a rel=\"noreferrer noopener\" href=\"http:\/\/facebook.com\/aconteceunovale\" target=\"_blank\">@aconteceunovale<\/a>, Twitter <a rel=\"noreferrer noopener\" href=\"https:\/\/twitter.com\/noticiadosvales\" target=\"_blank\">@noticiadosvales<\/a> e Instagram <a rel=\"noreferrer noopener\" href=\"https:\/\/www.instagram.com\/aconteceunovale\" target=\"_blank\">@aconteceunovale<\/a>.<\/em><\/p>\n","protected":false},"excerpt":{"rendered":"<p>O presidente Jair Bolsonaro sancionou a lei que cria a Procuradoria Regional da Rep\u00fablica da 6\u00aa Regi\u00e3o, cuja sede ser\u00e1 em Belo Horizonte, com jurisdi\u00e7\u00e3o sobre todo o estado de Minas Gerais. A nova legisla\u00e7\u00e3o foi\u00a0publicada na edi\u00e7\u00e3o de hoje (4\/1\/2022) do\u00a0Di\u00e1rio Oficial da Uni\u00e3o (DOU). A nova procuradoria ocorre na esteira da cria\u00e7\u00e3o do\u00a0Tribunal [&hellip;]<\/p>\n","protected":false},"author":4,"featured_media":181846,"comment_status":"open","ping_status":"closed","sticky":false,"template":"","format":"standard","meta":{"amp_status":"","footnotes":""},"categories":[6,123],"tags":[194,1017,100375,26436,23452,131,5667,18887,256836,256837,256838,251700,251699],"class_list":["post-185426","post","type-post","status-publish","format-standard","has-post-thumbnail","hentry","category-br","category-gerais","tag-belo-horizonte","tag-bh","tag-bolsonaro","tag-jair-bolsonaro","tag-justica-federal","tag-minas-gerais","tag-ministerio-publico-federal","tag-mpf","tag-procuradoria-regional-da-6a-regiao","tag-procuradoria-regional-da-republica-da-6a-regiao","tag-procuradoria-regional-da-republica-da-6a-regiao-em-minas-gerais","tag-trf6","tag-tribunal-regional-federal-da-6a-regiao"],"yoast_head":"<!-- This site is optimized with the Yoast SEO plugin v28.3 - https:\/\/yoast.com\/product\/yoast-seo-wordpress\/ -->\n<title>Publicada lei que cria a Procuradoria Regional da 6\u00aa Regi\u00e3o - Aconteceu no Vale<\/title>\n<meta name=\"robots\" content=\"index, follow, max-snippet:-1, max-image-preview:large, max-video-preview:-1\" \/>\n<link rel=\"canonical\" href=\"https:\/\/aconteceunovale.com.br\/portal\/?p=185426\" \/>\n<meta property=\"og:locale\" content=\"pt_BR\" \/>\n<meta property=\"og:type\" content=\"article\" \/>\n<meta property=\"og:title\" content=\"Publicada lei que cria a Procuradoria Regional da 6\u00aa Regi\u00e3o - Aconteceu no Vale\" \/>\n<meta property=\"og:description\" content=\"O presidente Jair Bolsonaro sancionou a lei que cria a Procuradoria Regional da Rep\u00fablica da 6\u00aa Regi\u00e3o, cuja sede ser\u00e1 em Belo Horizonte, com jurisdi\u00e7\u00e3o sobre todo o estado de Minas Gerais. A nova legisla\u00e7\u00e3o foi\u00a0publicada na edi\u00e7\u00e3o de hoje (4\/1\/2022) do\u00a0Di\u00e1rio Oficial da Uni\u00e3o (DOU). A nova procuradoria ocorre na esteira da cria\u00e7\u00e3o do\u00a0Tribunal [&hellip;]\" \/>\n<meta property=\"og:url\" content=\"https:\/\/aconteceunovale.com.br\/portal\/?p=185426\" \/>\n<meta property=\"og:site_name\" content=\"Aconteceu no Vale\" \/>\n<meta property=\"article:publisher\" content=\"https:\/\/www.facebook.com\/aconteceunovale\/\" \/>\n<meta property=\"article:published_time\" content=\"2022-01-04T15:17:10+00:00\" \/>\n<meta property=\"article:modified_time\" content=\"2022-01-04T15:18:46+00:00\" \/>\n<meta property=\"og:image\" content=\"https:\/\/aconteceunovale.com.br\/portal\/wp-content\/uploads\/2021\/09\/bandeira_mg.jpg\" \/>\n\t<meta property=\"og:image:width\" content=\"752\" \/>\n\t<meta property=\"og:image:height\" content=\"440\" \/>\n\t<meta property=\"og:image:type\" content=\"image\/jpeg\" \/>\n<meta name=\"author\" content=\"Reda\u00e7\u00e3o Aconteceu no Vale\" \/>\n<meta name=\"twitter:card\" content=\"summary_large_image\" \/>\n<meta name=\"twitter:creator\" content=\"@noticiadosvales\" \/>\n<meta name=\"twitter:site\" content=\"@noticiadosvales\" \/>\n<meta name=\"twitter:label1\" content=\"Escrito por\" \/>\n\t<meta name=\"twitter:data1\" content=\"Reda\u00e7\u00e3o Aconteceu no Vale\" \/>\n\t<meta name=\"twitter:label2\" content=\"Est. tempo de leitura\" \/>\n\t<meta name=\"twitter:data2\" content=\"1 minuto\" \/>\n<script type=\"application\/ld+json\" class=\"yoast-schema-graph\">{\"@context\":\"https:\\\/\\\/schema.org\",\"@graph\":[{\"@type\":\"Article\",\"@id\":\"https:\\\/\\\/aconteceunovale.com.br\\\/portal\\\/?p=185426#article\",\"isPartOf\":{\"@id\":\"https:\\\/\\\/aconteceunovale.com.br\\\/portal\\\/?p=185426\"},\"author\":{\"name\":\"Reda\u00e7\u00e3o Aconteceu no Vale\",\"@id\":\"https:\\\/\\\/aconteceunovale.com.br\\\/portal\\\/#\\\/schema\\\/person\\\/7d2f26d1483f8a63de73da1ee0754d35\"},\"headline\":\"Publicada lei que cria a Procuradoria Regional da 6\u00aa Regi\u00e3o\",\"datePublished\":\"2022-01-04T15:17:10+00:00\",\"dateModified\":\"2022-01-04T15:18:46+00:00\",\"mainEntityOfPage\":{\"@id\":\"https:\\\/\\\/aconteceunovale.com.br\\\/portal\\\/?p=185426\"},\"wordCount\":284,\"commentCount\":0,\"image\":{\"@id\":\"https:\\\/\\\/aconteceunovale.com.br\\\/portal\\\/?p=185426#primaryimage\"},\"thumbnailUrl\":\"https:\\\/\\\/aconteceunovale.com.br\\\/portal\\\/wp-content\\\/uploads\\\/2021\\\/09\\\/bandeira_mg.jpg\",\"keywords\":[\"Belo Horizonte\",\"bh\",\"Bolsonaro\",\"Jair Bolsonaro\",\"Justi\u00e7a Federal\",\"Minas Gerais\",\"Minist\u00e9rio P\u00fablico Federal\",\"MPF\",\"Procuradoria Regional da 6\u00aa Regi\u00e3o\",\"Procuradoria Regional da Rep\u00fablica da 6\u00aa Regi\u00e3o\",\"Procuradoria Regional da Rep\u00fablica da 6\u00aa Regi\u00e3o em Minas Gerais\",\"TRF6\",\"Tribunal Regional Federal da 6\u00aa Regi\u00e3o\"],\"articleSection\":[\"Brasil\",\"Minas Gerais\"],\"inLanguage\":\"pt-BR\",\"potentialAction\":[{\"@type\":\"CommentAction\",\"name\":\"Comment\",\"target\":[\"https:\\\/\\\/aconteceunovale.com.br\\\/portal\\\/?p=185426#respond\"]}]},{\"@type\":\"WebPage\",\"@id\":\"https:\\\/\\\/aconteceunovale.com.br\\\/portal\\\/?p=185426\",\"url\":\"https:\\\/\\\/aconteceunovale.com.br\\\/portal\\\/?p=185426\",\"name\":\"Publicada lei que cria a Procuradoria Regional da 6\u00aa Regi\u00e3o - Aconteceu no Vale\",\"isPartOf\":{\"@id\":\"https:\\\/\\\/aconteceunovale.com.br\\\/portal\\\/#website\"},\"primaryImageOfPage\":{\"@id\":\"https:\\\/\\\/aconteceunovale.com.br\\\/portal\\\/?p=185426#primaryimage\"},\"image\":{\"@id\":\"https:\\\/\\\/aconteceunovale.com.br\\\/portal\\\/?p=185426#primaryimage\"},\"thumbnailUrl\":\"https:\\\/\\\/aconteceunovale.com.br\\\/portal\\\/wp-content\\\/uploads\\\/2021\\\/09\\\/bandeira_mg.jpg\",\"datePublished\":\"2022-01-04T15:17:10+00:00\",\"dateModified\":\"2022-01-04T15:18:46+00:00\",\"author\":{\"@id\":\"https:\\\/\\\/aconteceunovale.com.br\\\/portal\\\/#\\\/schema\\\/person\\\/7d2f26d1483f8a63de73da1ee0754d35\"},\"breadcrumb\":{\"@id\":\"https:\\\/\\\/aconteceunovale.com.br\\\/portal\\\/?p=185426#breadcrumb\"},\"inLanguage\":\"pt-BR\",\"potentialAction\":[{\"@type\":\"ReadAction\",\"target\":[\"https:\\\/\\\/aconteceunovale.com.br\\\/portal\\\/?p=185426\"]}]},{\"@type\":\"ImageObject\",\"inLanguage\":\"pt-BR\",\"@id\":\"https:\\\/\\\/aconteceunovale.com.br\\\/portal\\\/?p=185426#primaryimage\",\"url\":\"https:\\\/\\\/aconteceunovale.com.br\\\/portal\\\/wp-content\\\/uploads\\\/2021\\\/09\\\/bandeira_mg.jpg\",\"contentUrl\":\"https:\\\/\\\/aconteceunovale.com.br\\\/portal\\\/wp-content\\\/uploads\\\/2021\\\/09\\\/bandeira_mg.jpg\",\"width\":752,\"height\":440},{\"@type\":\"BreadcrumbList\",\"@id\":\"https:\\\/\\\/aconteceunovale.com.br\\\/portal\\\/?p=185426#breadcrumb\",\"itemListElement\":[{\"@type\":\"ListItem\",\"position\":1,\"name\":\"In\u00edcio\",\"item\":\"https:\\\/\\\/aconteceunovale.com.br\\\/portal\\\/\"},{\"@type\":\"ListItem\",\"position\":2,\"name\":\"Publicada lei que cria a Procuradoria Regional da 6\u00aa Regi\u00e3o\"}]},{\"@type\":\"WebSite\",\"@id\":\"https:\\\/\\\/aconteceunovale.com.br\\\/portal\\\/#website\",\"url\":\"https:\\\/\\\/aconteceunovale.com.br\\\/portal\\\/\",\"name\":\"Aconteceu no Vale\",\"description\":\"Portal de Not\u00edcias\",\"potentialAction\":[{\"@type\":\"SearchAction\",\"target\":{\"@type\":\"EntryPoint\",\"urlTemplate\":\"https:\\\/\\\/aconteceunovale.com.br\\\/portal\\\/?s={search_term_string}\"},\"query-input\":{\"@type\":\"PropertyValueSpecification\",\"valueRequired\":true,\"valueName\":\"search_term_string\"}}],\"inLanguage\":\"pt-BR\"},{\"@type\":\"Person\",\"@id\":\"https:\\\/\\\/aconteceunovale.com.br\\\/portal\\\/#\\\/schema\\\/person\\\/7d2f26d1483f8a63de73da1ee0754d35\",\"name\":\"Reda\u00e7\u00e3o Aconteceu no Vale\",\"description\":\"Equipe de reportagem do Aconteceu no Vale, portal de not\u00edcias do Vale do Jequitinhonha, em Minas Gerais. Cobrimos as 51 cidades do Vale desde 2013. Sugest\u00f5es de pauta e pedidos de corre\u00e7\u00e3o: contato@aconteceunovale.com.br\",\"url\":\"https:\\\/\\\/aconteceunovale.com.br\\\/portal\\\/?author=4\"}]}<\/script>\n<!-- \/ Yoast SEO plugin. -->","yoast_head_json":{"title":"Publicada lei que cria a Procuradoria Regional da 6\u00aa Regi\u00e3o - Aconteceu no Vale","robots":{"index":"index","follow":"follow","max-snippet":"max-snippet:-1","max-image-preview":"max-image-preview:large","max-video-preview":"max-video-preview:-1"},"canonical":"https:\/\/aconteceunovale.com.br\/portal\/?p=185426","og_locale":"pt_BR","og_type":"article","og_title":"Publicada lei que cria a Procuradoria Regional da 6\u00aa Regi\u00e3o - Aconteceu no Vale","og_description":"O presidente Jair Bolsonaro sancionou a lei que cria a Procuradoria Regional da Rep\u00fablica da 6\u00aa Regi\u00e3o, cuja sede ser\u00e1 em Belo Horizonte, com jurisdi\u00e7\u00e3o sobre todo o estado de Minas Gerais. A nova legisla\u00e7\u00e3o foi\u00a0publicada na edi\u00e7\u00e3o de hoje (4\/1\/2022) do\u00a0Di\u00e1rio Oficial da Uni\u00e3o (DOU). A nova procuradoria ocorre na esteira da cria\u00e7\u00e3o do\u00a0Tribunal [&hellip;]","og_url":"https:\/\/aconteceunovale.com.br\/portal\/?p=185426","og_site_name":"Aconteceu no Vale","article_publisher":"https:\/\/www.facebook.com\/aconteceunovale\/","article_published_time":"2022-01-04T15:17:10+00:00","article_modified_time":"2022-01-04T15:18:46+00:00","og_image":[{"width":752,"height":440,"url":"https:\/\/aconteceunovale.com.br\/portal\/wp-content\/uploads\/2021\/09\/bandeira_mg.jpg","type":"image\/jpeg"}],"author":"Reda\u00e7\u00e3o Aconteceu no Vale","twitter_card":"summary_large_image","twitter_creator":"@noticiadosvales","twitter_site":"@noticiadosvales","twitter_misc":{"Escrito por":"Reda\u00e7\u00e3o Aconteceu no Vale","Est. tempo de leitura":"1 minuto"},"schema":{"@context":"https:\/\/schema.org","@graph":[{"@type":"Article","@id":"https:\/\/aconteceunovale.com.br\/portal\/?p=185426#article","isPartOf":{"@id":"https:\/\/aconteceunovale.com.br\/portal\/?p=185426"},"author":{"name":"Reda\u00e7\u00e3o Aconteceu no Vale","@id":"https:\/\/aconteceunovale.com.br\/portal\/#\/schema\/person\/7d2f26d1483f8a63de73da1ee0754d35"},"headline":"Publicada lei que cria a Procuradoria Regional da 6\u00aa Regi\u00e3o","datePublished":"2022-01-04T15:17:10+00:00","dateModified":"2022-01-04T15:18:46+00:00","mainEntityOfPage":{"@id":"https:\/\/aconteceunovale.com.br\/portal\/?p=185426"},"wordCount":284,"commentCount":0,"image":{"@id":"https:\/\/aconteceunovale.com.br\/portal\/?p=185426#primaryimage"},"thumbnailUrl":"https:\/\/aconteceunovale.com.br\/portal\/wp-content\/uploads\/2021\/09\/bandeira_mg.jpg","keywords":["Belo Horizonte","bh","Bolsonaro","Jair Bolsonaro","Justi\u00e7a Federal","Minas Gerais","Minist\u00e9rio P\u00fablico Federal","MPF","Procuradoria Regional da 6\u00aa Regi\u00e3o","Procuradoria Regional da Rep\u00fablica da 6\u00aa Regi\u00e3o","Procuradoria Regional da Rep\u00fablica da 6\u00aa Regi\u00e3o em Minas Gerais","TRF6","Tribunal Regional Federal da 6\u00aa Regi\u00e3o"],"articleSection":["Brasil","Minas Gerais"],"inLanguage":"pt-BR","potentialAction":[{"@type":"CommentAction","name":"Comment","target":["https:\/\/aconteceunovale.com.br\/portal\/?p=185426#respond"]}]},{"@type":"WebPage","@id":"https:\/\/aconteceunovale.com.br\/portal\/?p=185426","url":"https:\/\/aconteceunovale.com.br\/portal\/?p=185426","name":"Publicada lei que cria a Procuradoria Regional da 6\u00aa Regi\u00e3o - Aconteceu no Vale","isPartOf":{"@id":"https:\/\/aconteceunovale.com.br\/portal\/#website"},"primaryImageOfPage":{"@id":"https:\/\/aconteceunovale.com.br\/portal\/?p=185426#primaryimage"},"image":{"@id":"https:\/\/aconteceunovale.com.br\/portal\/?p=185426#primaryimage"},"thumbnailUrl":"https:\/\/aconteceunovale.com.br\/portal\/wp-content\/uploads\/2021\/09\/bandeira_mg.jpg","datePublished":"2022-01-04T15:17:10+00:00","dateModified":"2022-01-04T15:18:46+00:00","author":{"@id":"https:\/\/aconteceunovale.com.br\/portal\/#\/schema\/person\/7d2f26d1483f8a63de73da1ee0754d35"},"breadcrumb":{"@id":"https:\/\/aconteceunovale.com.br\/portal\/?p=185426#breadcrumb"},"inLanguage":"pt-BR","potentialAction":[{"@type":"ReadAction","target":["https:\/\/aconteceunovale.com.br\/portal\/?p=185426"]}]},{"@type":"ImageObject","inLanguage":"pt-BR","@id":"https:\/\/aconteceunovale.com.br\/portal\/?p=185426#primaryimage","url":"https:\/\/aconteceunovale.com.br\/portal\/wp-content\/uploads\/2021\/09\/bandeira_mg.jpg","contentUrl":"https:\/\/aconteceunovale.com.br\/portal\/wp-content\/uploads\/2021\/09\/bandeira_mg.jpg","width":752,"height":440},{"@type":"BreadcrumbList","@id":"https:\/\/aconteceunovale.com.br\/portal\/?p=185426#breadcrumb","itemListElement":[{"@type":"ListItem","position":1,"name":"In\u00edcio","item":"https:\/\/aconteceunovale.com.br\/portal\/"},{"@type":"ListItem","position":2,"name":"Publicada lei que cria a Procuradoria Regional da 6\u00aa Regi\u00e3o"}]},{"@type":"WebSite","@id":"https:\/\/aconteceunovale.com.br\/portal\/#website","url":"https:\/\/aconteceunovale.com.br\/portal\/","name":"Aconteceu no Vale","description":"Portal de Not\u00edcias","potentialAction":[{"@type":"SearchAction","target":{"@type":"EntryPoint","urlTemplate":"https:\/\/aconteceunovale.com.br\/portal\/?s={search_term_string}"},"query-input":{"@type":"PropertyValueSpecification","valueRequired":true,"valueName":"search_term_string"}}],"inLanguage":"pt-BR"},{"@type":"Person","@id":"https:\/\/aconteceunovale.com.br\/portal\/#\/schema\/person\/7d2f26d1483f8a63de73da1ee0754d35","name":"Reda\u00e7\u00e3o Aconteceu no Vale","description":"Equipe de reportagem do Aconteceu no Vale, portal de not\u00edcias do Vale do Jequitinhonha, em Minas Gerais. Cobrimos as 51 cidades do Vale desde 2013. Sugest\u00f5es de pauta e pedidos de corre\u00e7\u00e3o: contato@aconteceunovale.com.br","url":"https:\/\/aconteceunovale.com.br\/portal\/?author=4"}]}},"_links":{"self":[{"href":"https:\/\/aconteceunovale.com.br\/portal\/index.php?rest_route=\/wp\/v2\/posts\/185426","targetHints":{"allow":["GET"]}}],"collection":[{"href":"https:\/\/aconteceunovale.com.br\/portal\/index.php?rest_route=\/wp\/v2\/posts"}],"about":[{"href":"https:\/\/aconteceunovale.com.br\/portal\/index.php?rest_route=\/wp\/v2\/types\/post"}],"author":[{"embeddable":true,"href":"https:\/\/aconteceunovale.com.br\/portal\/index.php?rest_route=\/wp\/v2\/users\/4"}],"replies":[{"embeddable":true,"href":"https:\/\/aconteceunovale.com.br\/portal\/index.php?rest_route=%2Fwp%2Fv2%2Fcomments&post=185426"}],"version-history":[{"count":1,"href":"https:\/\/aconteceunovale.com.br\/portal\/index.php?rest_route=\/wp\/v2\/posts\/185426\/revisions"}],"predecessor-version":[{"id":185427,"href":"https:\/\/aconteceunovale.com.br\/portal\/index.php?rest_route=\/wp\/v2\/posts\/185426\/revisions\/185427"}],"wp:featuredmedia":[{"embeddable":true,"href":"https:\/\/aconteceunovale.com.br\/portal\/index.php?rest_route=\/wp\/v2\/media\/181846"}],"wp:attachment":[{"href":"https:\/\/aconteceunovale.com.br\/portal\/index.php?rest_route=%2Fwp%2Fv2%2Fmedia&parent=185426"}],"wp:term":[{"taxonomy":"category","embeddable":true,"href":"https:\/\/aconteceunovale.com.br\/portal\/index.php?rest_route=%2Fwp%2Fv2%2Fcategories&post=185426"},{"taxonomy":"post_tag","embeddable":true,"href":"https:\/\/aconteceunovale.com.br\/portal\/index.php?rest_route=%2Fwp%2Fv2%2Ftags&post=185426"}],"curies":[{"name":"wp","href":"https:\/\/api.w.org\/{rel}","templated":true}]}}