{"id":185423,"date":"2022-01-04T12:04:24","date_gmt":"2022-01-04T15:04:24","guid":{"rendered":"https:\/\/aconteceunovale.com.br\/portal\/?p=185423"},"modified":"2022-01-04T12:04:50","modified_gmt":"2022-01-04T15:04:50","slug":"bolsonaro-tem-melhora-clinica","status":"publish","type":"post","link":"https:\/\/aconteceunovale.com.br\/portal\/?p=185423","title":{"rendered":"Bolsonaro tem melhora cl\u00ednica"},"content":{"rendered":"\n<p class=\"wp-block-paragraph\">O presidente Jair Bolsonaro teve melhora do quadro de obstru\u00e7\u00e3o intestinal e n\u00e3o h\u00e1 indica\u00e7\u00e3o de uma interven\u00e7\u00e3o cir\u00fargica, segundo boletim m\u00e9dico divulgado na manh\u00e3 de hoje (4\/1\/2022) pelo Hospital Vila Nova Star.<\/p>\n\n\n\n<figure class=\"wp-block-gallery columns-1 is-cropped wp-block-gallery-1 is-layout-flex wp-block-gallery-is-layout-flex\"><ul class=\"blocks-gallery-grid\"><li class=\"blocks-gallery-item\"><figure><img loading=\"lazy\" decoding=\"async\" width=\"678\" height=\"423\" src=\"https:\/\/aconteceunovale.com.br\/portal\/wp-content\/uploads\/2022\/01\/bolsonaro_internado.jpg\" alt=\"\" data-id=\"185424\" data-full-url=\"https:\/\/aconteceunovale.com.br\/portal\/wp-content\/uploads\/2022\/01\/bolsonaro_internado.jpg\" data-link=\"https:\/\/aconteceunovale.com.br\/portal\/?attachment_id=185424\" class=\"wp-image-185424\" srcset=\"https:\/\/aconteceunovale.com.br\/portal\/wp-content\/uploads\/2022\/01\/bolsonaro_internado.jpg 678w, https:\/\/aconteceunovale.com.br\/portal\/wp-content\/uploads\/2022\/01\/bolsonaro_internado-300x187.jpg 300w, https:\/\/aconteceunovale.com.br\/portal\/wp-content\/uploads\/2022\/01\/bolsonaro_internado-673x420.jpg 673w\" sizes=\"auto, (max-width: 678px) 100vw, 678px\" \/><figcaption class=\"blocks-gallery-item__caption\"><em>Foto: Divulga\u00e7\u00e3o \/ Twitter @jairbolsonaro<\/em><\/figcaption><\/figure><\/li><\/ul><\/figure>\n\n\n\n<p class=\"wp-block-paragraph\">Bolsonaro foi internado na madrugada de ontem (3) no hospital, localizado na zona sul da capital paulista, com dor abdominal. O presidente desembarcou em S\u00e3o Paulo por volta de 1h30, ap\u00f3s deixar o Forte Marechal Luz, em S\u00e3o Francisco do Sul, no litoral de Santa Catarina, onde passou a virada do ano.<\/p>\n\n\n\n<p class=\"wp-block-paragraph\">O desconforto foi causado por uma suboclus\u00e3o intestinal. A obstru\u00e7\u00e3o, de acordo com a equipe m\u00e9dica, se desfez com o tratamento cl\u00ednico. Os m\u00e9dicos consideram que o quadro cl\u00ednico e os resultados dos exames laboratoriais mostram uma evolu\u00e7\u00e3o&nbsp; satisfat\u00f3ria.<\/p>\n\n\n\n<p class=\"wp-block-paragraph\">Ainda segundo o \u00faltimo boletim, Bolsonaro passar\u00e1 a ser alimentado com uma dieta l\u00edquida. Por\u00e9m, n\u00e3o&nbsp; h\u00e1 previs\u00e3o de alta.<\/p>\n\n\n\n<p class=\"wp-block-paragraph\">Em julho de 2021, o presidente tamb\u00e9m foi internado com suboclus\u00e3o intestinal e passou quatro dias no Hospital Vila Nova Star, onde \u00e9 atendido pelo cirurgi\u00e3o Ant\u00f4nio Luiz de Macedo, que o acompanha desde o atentado sofrido na campanha eleitoral de 2018.<\/p>\n\n\n\n<p class=\"wp-block-paragraph\">Confira a \u00edntegra da nota:<\/p>\n\n\n\n<p class=\"wp-block-paragraph\"><em>&#8220;O Hospital Vila Nova Star informa que o quadro de suboclus\u00e3o intestinal do Senhor Presidente da Rep\u00fablica, Jair Messias Bolsonaro, se desfez, n\u00e3o havendo indica\u00e7\u00e3o cir\u00fargica. A evolu\u00e7\u00e3o do paciente cl\u00ednica e laboratorialmente segue satisfat\u00f3ria e ser\u00e1 iniciada hoje uma dieta l\u00edquida. Ainda n\u00e3o h\u00e1 previs\u00e3o de alta.&#8221;<\/em><\/p>\n\n\n\n<p class=\"wp-block-paragraph\">&#8212;&#8212;&#8212;&#8212;&#8212;&#8212;<br><em>Quer receber as not\u00edcias do <strong>Aconteceu no Vale<\/strong> em primeira m\u00e3o? Siga-nos no Facebook <a rel=\"noreferrer noopener\" href=\"http:\/\/facebook.com\/aconteceunovale\" target=\"_blank\">@aconteceunovale<\/a>, Twitter <a rel=\"noreferrer noopener\" href=\"https:\/\/twitter.com\/noticiadosvales\" target=\"_blank\">@noticiadosvales<\/a> e Instagram <a rel=\"noreferrer noopener\" href=\"https:\/\/www.instagram.com\/aconteceunovale\" target=\"_blank\">@aconteceunovale<\/a>.<\/em><\/p>\n","protected":false},"excerpt":{"rendered":"<p>O presidente Jair Bolsonaro teve melhora do quadro de obstru\u00e7\u00e3o intestinal e n\u00e3o h\u00e1 indica\u00e7\u00e3o de uma interven\u00e7\u00e3o cir\u00fargica, segundo boletim m\u00e9dico divulgado na manh\u00e3 de hoje (4\/1\/2022) pelo Hospital Vila Nova Star. Bolsonaro foi internado na madrugada de ontem (3) no hospital, localizado na zona sul da capital paulista, com dor abdominal. O presidente [&hellip;]<\/p>\n","protected":false},"author":4,"featured_media":185424,"comment_status":"open","ping_status":"closed","sticky":false,"template":"","format":"standard","meta":{"amp_status":"","footnotes":""},"categories":[6,40240],"tags":[100375,256769,256767,256768,256835,1018,179556,256766,26436,256765,256770,66882],"class_list":["post-185423","post","type-post","status-publish","format-standard","has-post-thumbnail","hentry","category-br","category-politica","tag-bolsonaro","tag-bolsonaro-e-internado-com-obstrucao-intestinal","tag-bolsonaro-e-internado-em-sao-paulo","tag-bolsonaro-e-internado-no-nova-star","tag-bolsonaro-tem-melhora-clinica","tag-destaque","tag-estado-de-saude-de-bolsonaro","tag-internacao-de-bolsonaro","tag-jair-bolsonaro","tag-jair-bolsonaro-e-internado-com-desconforto-abdominal","tag-motivo-da-internacao-de-bolsonaro","tag-presidente"],"yoast_head":"<!-- This site is optimized with the Yoast SEO plugin v28.3 - https:\/\/yoast.com\/product\/yoast-seo-wordpress\/ -->\n<title>Bolsonaro tem melhora cl\u00ednica - Aconteceu no Vale<\/title>\n<meta name=\"robots\" content=\"index, follow, max-snippet:-1, max-image-preview:large, max-video-preview:-1\" \/>\n<link rel=\"canonical\" href=\"https:\/\/aconteceunovale.com.br\/portal\/?p=185423\" \/>\n<meta property=\"og:locale\" content=\"pt_BR\" \/>\n<meta property=\"og:type\" content=\"article\" \/>\n<meta property=\"og:title\" content=\"Bolsonaro tem melhora cl\u00ednica - Aconteceu no Vale\" \/>\n<meta property=\"og:description\" content=\"O presidente Jair Bolsonaro teve melhora do quadro de obstru\u00e7\u00e3o intestinal e n\u00e3o h\u00e1 indica\u00e7\u00e3o de uma interven\u00e7\u00e3o cir\u00fargica, segundo boletim m\u00e9dico divulgado na manh\u00e3 de hoje (4\/1\/2022) pelo Hospital Vila Nova Star. Bolsonaro foi internado na madrugada de ontem (3) no hospital, localizado na zona sul da capital paulista, com dor abdominal. O presidente [&hellip;]\" \/>\n<meta property=\"og:url\" content=\"https:\/\/aconteceunovale.com.br\/portal\/?p=185423\" \/>\n<meta property=\"og:site_name\" content=\"Aconteceu no Vale\" \/>\n<meta property=\"article:publisher\" content=\"https:\/\/www.facebook.com\/aconteceunovale\/\" \/>\n<meta property=\"article:published_time\" content=\"2022-01-04T15:04:24+00:00\" \/>\n<meta property=\"article:modified_time\" content=\"2022-01-04T15:04:50+00:00\" \/>\n<meta property=\"og:image\" content=\"https:\/\/aconteceunovale.com.br\/portal\/wp-content\/uploads\/2022\/01\/bolsonaro_internado.jpg\" \/>\n\t<meta property=\"og:image:width\" content=\"678\" \/>\n\t<meta property=\"og:image:height\" content=\"423\" \/>\n\t<meta property=\"og:image:type\" content=\"image\/jpeg\" \/>\n<meta name=\"author\" content=\"Reda\u00e7\u00e3o Aconteceu no Vale\" \/>\n<meta name=\"twitter:card\" content=\"summary_large_image\" \/>\n<meta name=\"twitter:creator\" content=\"@noticiadosvales\" \/>\n<meta name=\"twitter:site\" content=\"@noticiadosvales\" \/>\n<meta name=\"twitter:label1\" content=\"Escrito por\" \/>\n\t<meta name=\"twitter:data1\" content=\"Reda\u00e7\u00e3o Aconteceu no Vale\" \/>\n\t<meta name=\"twitter:label2\" content=\"Est. tempo de leitura\" \/>\n\t<meta name=\"twitter:data2\" content=\"1 minuto\" \/>\n<script type=\"application\/ld+json\" class=\"yoast-schema-graph\">{\"@context\":\"https:\\\/\\\/schema.org\",\"@graph\":[{\"@type\":\"Article\",\"@id\":\"https:\\\/\\\/aconteceunovale.com.br\\\/portal\\\/?p=185423#article\",\"isPartOf\":{\"@id\":\"https:\\\/\\\/aconteceunovale.com.br\\\/portal\\\/?p=185423\"},\"author\":{\"name\":\"Reda\u00e7\u00e3o Aconteceu no Vale\",\"@id\":\"https:\\\/\\\/aconteceunovale.com.br\\\/portal\\\/#\\\/schema\\\/person\\\/7d2f26d1483f8a63de73da1ee0754d35\"},\"headline\":\"Bolsonaro tem melhora cl\u00ednica\",\"datePublished\":\"2022-01-04T15:04:24+00:00\",\"dateModified\":\"2022-01-04T15:04:50+00:00\",\"mainEntityOfPage\":{\"@id\":\"https:\\\/\\\/aconteceunovale.com.br\\\/portal\\\/?p=185423\"},\"wordCount\":305,\"commentCount\":0,\"image\":{\"@id\":\"https:\\\/\\\/aconteceunovale.com.br\\\/portal\\\/?p=185423#primaryimage\"},\"thumbnailUrl\":\"https:\\\/\\\/aconteceunovale.com.br\\\/portal\\\/wp-content\\\/uploads\\\/2022\\\/01\\\/bolsonaro_internado.jpg\",\"keywords\":[\"Bolsonaro\",\"Bolsonaro \u00e9 internado com obstru\u00e7\u00e3o intestinal\",\"Bolsonaro \u00e9 internado em S\u00e3o Paulo\",\"Bolsonaro \u00e9 internado no Nova Star\",\"Bolsonaro tem melhora cl\u00ednica\",\"destaque\",\"Estado de sa\u00fade de Bolsonaro\",\"Interna\u00e7\u00e3o de Bolsonaro\",\"Jair Bolsonaro\",\"Jair Bolsonaro \u00e9 internado com desconforto abdominal\",\"Motivo da interna\u00e7\u00e3o de Bolsonaro\",\"presidente\"],\"articleSection\":[\"Brasil\",\"Pol\u00edtica\"],\"inLanguage\":\"pt-BR\",\"potentialAction\":[{\"@type\":\"CommentAction\",\"name\":\"Comment\",\"target\":[\"https:\\\/\\\/aconteceunovale.com.br\\\/portal\\\/?p=185423#respond\"]}]},{\"@type\":\"WebPage\",\"@id\":\"https:\\\/\\\/aconteceunovale.com.br\\\/portal\\\/?p=185423\",\"url\":\"https:\\\/\\\/aconteceunovale.com.br\\\/portal\\\/?p=185423\",\"name\":\"Bolsonaro tem melhora cl\u00ednica - Aconteceu no Vale\",\"isPartOf\":{\"@id\":\"https:\\\/\\\/aconteceunovale.com.br\\\/portal\\\/#website\"},\"primaryImageOfPage\":{\"@id\":\"https:\\\/\\\/aconteceunovale.com.br\\\/portal\\\/?p=185423#primaryimage\"},\"image\":{\"@id\":\"https:\\\/\\\/aconteceunovale.com.br\\\/portal\\\/?p=185423#primaryimage\"},\"thumbnailUrl\":\"https:\\\/\\\/aconteceunovale.com.br\\\/portal\\\/wp-content\\\/uploads\\\/2022\\\/01\\\/bolsonaro_internado.jpg\",\"datePublished\":\"2022-01-04T15:04:24+00:00\",\"dateModified\":\"2022-01-04T15:04:50+00:00\",\"author\":{\"@id\":\"https:\\\/\\\/aconteceunovale.com.br\\\/portal\\\/#\\\/schema\\\/person\\\/7d2f26d1483f8a63de73da1ee0754d35\"},\"breadcrumb\":{\"@id\":\"https:\\\/\\\/aconteceunovale.com.br\\\/portal\\\/?p=185423#breadcrumb\"},\"inLanguage\":\"pt-BR\",\"potentialAction\":[{\"@type\":\"ReadAction\",\"target\":[\"https:\\\/\\\/aconteceunovale.com.br\\\/portal\\\/?p=185423\"]}]},{\"@type\":\"ImageObject\",\"inLanguage\":\"pt-BR\",\"@id\":\"https:\\\/\\\/aconteceunovale.com.br\\\/portal\\\/?p=185423#primaryimage\",\"url\":\"https:\\\/\\\/aconteceunovale.com.br\\\/portal\\\/wp-content\\\/uploads\\\/2022\\\/01\\\/bolsonaro_internado.jpg\",\"contentUrl\":\"https:\\\/\\\/aconteceunovale.com.br\\\/portal\\\/wp-content\\\/uploads\\\/2022\\\/01\\\/bolsonaro_internado.jpg\",\"width\":678,\"height\":423},{\"@type\":\"BreadcrumbList\",\"@id\":\"https:\\\/\\\/aconteceunovale.com.br\\\/portal\\\/?p=185423#breadcrumb\",\"itemListElement\":[{\"@type\":\"ListItem\",\"position\":1,\"name\":\"In\u00edcio\",\"item\":\"https:\\\/\\\/aconteceunovale.com.br\\\/portal\\\/\"},{\"@type\":\"ListItem\",\"position\":2,\"name\":\"Bolsonaro tem melhora cl\u00ednica\"}]},{\"@type\":\"WebSite\",\"@id\":\"https:\\\/\\\/aconteceunovale.com.br\\\/portal\\\/#website\",\"url\":\"https:\\\/\\\/aconteceunovale.com.br\\\/portal\\\/\",\"name\":\"Aconteceu no Vale\",\"description\":\"Portal de Not\u00edcias\",\"potentialAction\":[{\"@type\":\"SearchAction\",\"target\":{\"@type\":\"EntryPoint\",\"urlTemplate\":\"https:\\\/\\\/aconteceunovale.com.br\\\/portal\\\/?s={search_term_string}\"},\"query-input\":{\"@type\":\"PropertyValueSpecification\",\"valueRequired\":true,\"valueName\":\"search_term_string\"}}],\"inLanguage\":\"pt-BR\"},{\"@type\":\"Person\",\"@id\":\"https:\\\/\\\/aconteceunovale.com.br\\\/portal\\\/#\\\/schema\\\/person\\\/7d2f26d1483f8a63de73da1ee0754d35\",\"name\":\"Reda\u00e7\u00e3o Aconteceu no Vale\",\"description\":\"Equipe de reportagem do Aconteceu no Vale, portal de not\u00edcias do Vale do Jequitinhonha, em Minas Gerais. Cobrimos as 51 cidades do Vale desde 2013. Sugest\u00f5es de pauta e pedidos de corre\u00e7\u00e3o: contato@aconteceunovale.com.br\",\"url\":\"https:\\\/\\\/aconteceunovale.com.br\\\/portal\\\/?author=4\"}]}<\/script>\n<!-- \/ Yoast SEO plugin. -->","yoast_head_json":{"title":"Bolsonaro tem melhora cl\u00ednica - Aconteceu no Vale","robots":{"index":"index","follow":"follow","max-snippet":"max-snippet:-1","max-image-preview":"max-image-preview:large","max-video-preview":"max-video-preview:-1"},"canonical":"https:\/\/aconteceunovale.com.br\/portal\/?p=185423","og_locale":"pt_BR","og_type":"article","og_title":"Bolsonaro tem melhora cl\u00ednica - Aconteceu no Vale","og_description":"O presidente Jair Bolsonaro teve melhora do quadro de obstru\u00e7\u00e3o intestinal e n\u00e3o h\u00e1 indica\u00e7\u00e3o de uma interven\u00e7\u00e3o cir\u00fargica, segundo boletim m\u00e9dico divulgado na manh\u00e3 de hoje (4\/1\/2022) pelo Hospital Vila Nova Star. Bolsonaro foi internado na madrugada de ontem (3) no hospital, localizado na zona sul da capital paulista, com dor abdominal. O presidente [&hellip;]","og_url":"https:\/\/aconteceunovale.com.br\/portal\/?p=185423","og_site_name":"Aconteceu no Vale","article_publisher":"https:\/\/www.facebook.com\/aconteceunovale\/","article_published_time":"2022-01-04T15:04:24+00:00","article_modified_time":"2022-01-04T15:04:50+00:00","og_image":[{"width":678,"height":423,"url":"https:\/\/aconteceunovale.com.br\/portal\/wp-content\/uploads\/2022\/01\/bolsonaro_internado.jpg","type":"image\/jpeg"}],"author":"Reda\u00e7\u00e3o Aconteceu no Vale","twitter_card":"summary_large_image","twitter_creator":"@noticiadosvales","twitter_site":"@noticiadosvales","twitter_misc":{"Escrito por":"Reda\u00e7\u00e3o Aconteceu no Vale","Est. tempo de leitura":"1 minuto"},"schema":{"@context":"https:\/\/schema.org","@graph":[{"@type":"Article","@id":"https:\/\/aconteceunovale.com.br\/portal\/?p=185423#article","isPartOf":{"@id":"https:\/\/aconteceunovale.com.br\/portal\/?p=185423"},"author":{"name":"Reda\u00e7\u00e3o Aconteceu no Vale","@id":"https:\/\/aconteceunovale.com.br\/portal\/#\/schema\/person\/7d2f26d1483f8a63de73da1ee0754d35"},"headline":"Bolsonaro tem melhora cl\u00ednica","datePublished":"2022-01-04T15:04:24+00:00","dateModified":"2022-01-04T15:04:50+00:00","mainEntityOfPage":{"@id":"https:\/\/aconteceunovale.com.br\/portal\/?p=185423"},"wordCount":305,"commentCount":0,"image":{"@id":"https:\/\/aconteceunovale.com.br\/portal\/?p=185423#primaryimage"},"thumbnailUrl":"https:\/\/aconteceunovale.com.br\/portal\/wp-content\/uploads\/2022\/01\/bolsonaro_internado.jpg","keywords":["Bolsonaro","Bolsonaro \u00e9 internado com obstru\u00e7\u00e3o intestinal","Bolsonaro \u00e9 internado em S\u00e3o Paulo","Bolsonaro \u00e9 internado no Nova Star","Bolsonaro tem melhora cl\u00ednica","destaque","Estado de sa\u00fade de Bolsonaro","Interna\u00e7\u00e3o de Bolsonaro","Jair Bolsonaro","Jair Bolsonaro \u00e9 internado com desconforto abdominal","Motivo da interna\u00e7\u00e3o de Bolsonaro","presidente"],"articleSection":["Brasil","Pol\u00edtica"],"inLanguage":"pt-BR","potentialAction":[{"@type":"CommentAction","name":"Comment","target":["https:\/\/aconteceunovale.com.br\/portal\/?p=185423#respond"]}]},{"@type":"WebPage","@id":"https:\/\/aconteceunovale.com.br\/portal\/?p=185423","url":"https:\/\/aconteceunovale.com.br\/portal\/?p=185423","name":"Bolsonaro tem melhora cl\u00ednica - Aconteceu no Vale","isPartOf":{"@id":"https:\/\/aconteceunovale.com.br\/portal\/#website"},"primaryImageOfPage":{"@id":"https:\/\/aconteceunovale.com.br\/portal\/?p=185423#primaryimage"},"image":{"@id":"https:\/\/aconteceunovale.com.br\/portal\/?p=185423#primaryimage"},"thumbnailUrl":"https:\/\/aconteceunovale.com.br\/portal\/wp-content\/uploads\/2022\/01\/bolsonaro_internado.jpg","datePublished":"2022-01-04T15:04:24+00:00","dateModified":"2022-01-04T15:04:50+00:00","author":{"@id":"https:\/\/aconteceunovale.com.br\/portal\/#\/schema\/person\/7d2f26d1483f8a63de73da1ee0754d35"},"breadcrumb":{"@id":"https:\/\/aconteceunovale.com.br\/portal\/?p=185423#breadcrumb"},"inLanguage":"pt-BR","potentialAction":[{"@type":"ReadAction","target":["https:\/\/aconteceunovale.com.br\/portal\/?p=185423"]}]},{"@type":"ImageObject","inLanguage":"pt-BR","@id":"https:\/\/aconteceunovale.com.br\/portal\/?p=185423#primaryimage","url":"https:\/\/aconteceunovale.com.br\/portal\/wp-content\/uploads\/2022\/01\/bolsonaro_internado.jpg","contentUrl":"https:\/\/aconteceunovale.com.br\/portal\/wp-content\/uploads\/2022\/01\/bolsonaro_internado.jpg","width":678,"height":423},{"@type":"BreadcrumbList","@id":"https:\/\/aconteceunovale.com.br\/portal\/?p=185423#breadcrumb","itemListElement":[{"@type":"ListItem","position":1,"name":"In\u00edcio","item":"https:\/\/aconteceunovale.com.br\/portal\/"},{"@type":"ListItem","position":2,"name":"Bolsonaro tem melhora cl\u00ednica"}]},{"@type":"WebSite","@id":"https:\/\/aconteceunovale.com.br\/portal\/#website","url":"https:\/\/aconteceunovale.com.br\/portal\/","name":"Aconteceu no Vale","description":"Portal de Not\u00edcias","potentialAction":[{"@type":"SearchAction","target":{"@type":"EntryPoint","urlTemplate":"https:\/\/aconteceunovale.com.br\/portal\/?s={search_term_string}"},"query-input":{"@type":"PropertyValueSpecification","valueRequired":true,"valueName":"search_term_string"}}],"inLanguage":"pt-BR"},{"@type":"Person","@id":"https:\/\/aconteceunovale.com.br\/portal\/#\/schema\/person\/7d2f26d1483f8a63de73da1ee0754d35","name":"Reda\u00e7\u00e3o Aconteceu no Vale","description":"Equipe de reportagem do Aconteceu no Vale, portal de not\u00edcias do Vale do Jequitinhonha, em Minas Gerais. Cobrimos as 51 cidades do Vale desde 2013. Sugest\u00f5es de pauta e pedidos de corre\u00e7\u00e3o: contato@aconteceunovale.com.br","url":"https:\/\/aconteceunovale.com.br\/portal\/?author=4"}]}},"_links":{"self":[{"href":"https:\/\/aconteceunovale.com.br\/portal\/index.php?rest_route=\/wp\/v2\/posts\/185423","targetHints":{"allow":["GET"]}}],"collection":[{"href":"https:\/\/aconteceunovale.com.br\/portal\/index.php?rest_route=\/wp\/v2\/posts"}],"about":[{"href":"https:\/\/aconteceunovale.com.br\/portal\/index.php?rest_route=\/wp\/v2\/types\/post"}],"author":[{"embeddable":true,"href":"https:\/\/aconteceunovale.com.br\/portal\/index.php?rest_route=\/wp\/v2\/users\/4"}],"replies":[{"embeddable":true,"href":"https:\/\/aconteceunovale.com.br\/portal\/index.php?rest_route=%2Fwp%2Fv2%2Fcomments&post=185423"}],"version-history":[{"count":1,"href":"https:\/\/aconteceunovale.com.br\/portal\/index.php?rest_route=\/wp\/v2\/posts\/185423\/revisions"}],"predecessor-version":[{"id":185425,"href":"https:\/\/aconteceunovale.com.br\/portal\/index.php?rest_route=\/wp\/v2\/posts\/185423\/revisions\/185425"}],"wp:featuredmedia":[{"embeddable":true,"href":"https:\/\/aconteceunovale.com.br\/portal\/index.php?rest_route=\/wp\/v2\/media\/185424"}],"wp:attachment":[{"href":"https:\/\/aconteceunovale.com.br\/portal\/index.php?rest_route=%2Fwp%2Fv2%2Fmedia&parent=185423"}],"wp:term":[{"taxonomy":"category","embeddable":true,"href":"https:\/\/aconteceunovale.com.br\/portal\/index.php?rest_route=%2Fwp%2Fv2%2Fcategories&post=185423"},{"taxonomy":"post_tag","embeddable":true,"href":"https:\/\/aconteceunovale.com.br\/portal\/index.php?rest_route=%2Fwp%2Fv2%2Ftags&post=185423"}],"curies":[{"name":"wp","href":"https:\/\/api.w.org\/{rel}","templated":true}]}}