{"id":185420,"date":"2022-01-04T11:39:51","date_gmt":"2022-01-04T14:39:51","guid":{"rendered":"https:\/\/aconteceunovale.com.br\/portal\/?p=185420"},"modified":"2022-01-04T11:41:13","modified_gmt":"2022-01-04T14:41:13","slug":"cenibra-divulga-processo-seletivo-para-pessoas-com-deficiencia","status":"publish","type":"post","link":"https:\/\/aconteceunovale.com.br\/portal\/?p=185420","title":{"rendered":"Cenibra divulga processo seletivo para pessoas com defici\u00eancia"},"content":{"rendered":"\n<p class=\"wp-block-paragraph\">A CENIBRA (Celulose Nipo-Brasileira S\/A) informa que deu in\u00edcio ao processo seletivo para a qualifica\u00e7\u00e3o profissional de pessoas com defici\u00eancia (PCD). A iniciativa faz parte do Programa de Capacita\u00e7\u00e3o PCD 2022, uma parceria com o Col\u00e9gio T\u00e9cnico do Leste Mineiro (Colminas).<\/p>\n\n\n\n<figure class=\"wp-block-gallery columns-1 is-cropped wp-block-gallery-1 is-layout-flex wp-block-gallery-is-layout-flex\"><ul class=\"blocks-gallery-grid\"><li class=\"blocks-gallery-item\"><figure><img loading=\"lazy\" decoding=\"async\" width=\"654\" height=\"450\" src=\"https:\/\/aconteceunovale.com.br\/portal\/wp-content\/uploads\/2022\/01\/empregado_cenibra.jpg\" alt=\"\" data-id=\"185421\" data-full-url=\"https:\/\/aconteceunovale.com.br\/portal\/wp-content\/uploads\/2022\/01\/empregado_cenibra.jpg\" data-link=\"https:\/\/aconteceunovale.com.br\/portal\/?attachment_id=185421\" class=\"wp-image-185421\" srcset=\"https:\/\/aconteceunovale.com.br\/portal\/wp-content\/uploads\/2022\/01\/empregado_cenibra.jpg 654w, https:\/\/aconteceunovale.com.br\/portal\/wp-content\/uploads\/2022\/01\/empregado_cenibra-300x206.jpg 300w, https:\/\/aconteceunovale.com.br\/portal\/wp-content\/uploads\/2022\/01\/empregado_cenibra-100x70.jpg 100w, https:\/\/aconteceunovale.com.br\/portal\/wp-content\/uploads\/2022\/01\/empregado_cenibra-218x150.jpg 218w, https:\/\/aconteceunovale.com.br\/portal\/wp-content\/uploads\/2022\/01\/empregado_cenibra-610x420.jpg 610w\" sizes=\"auto, (max-width: 654px) 100vw, 654px\" \/><figcaption class=\"blocks-gallery-item__caption\"><em>Lucimar da Silva, PCD, foi recentemente contratado pela CENIBRA (Foto: Divulga\u00e7\u00e3o\/CENIBRA\/enviado por Gabriel Gomes Miranda)<\/em><\/figcaption><\/figure><\/li><\/ul><\/figure>\n\n\n\n<p class=\"wp-block-paragraph\">O Programa contempla bolsa de estudo integral e est\u00e1gio remunerado para os cursos: T\u00e9cnico em Administra\u00e7\u00e3o; T\u00e9cnico em Mec\u00e2nica; e T\u00e9cnico em El\u00e9trica. Os selecionados, al\u00e9m da bolsa integral, ter\u00e3o vaga de est\u00e1gio assegurada para cumprimento da \u00faltima etapa do curso.<\/p>\n\n\n\n<p class=\"wp-block-paragraph\">Para fazer a inscri\u00e7\u00e3o, o interessado deve acessar o site da CENIBRA (<a href=\"http:\/\/www.cenibra.com.br\/\" target=\"_blank\" rel=\"noreferrer noopener\">www.cenibra.com.br<\/a>) e realizar o cadastro da candidatura at\u00e9 o dia 25\/1\/2022. No ato da inscri\u00e7\u00e3o, o candidato ter\u00e1 de anexar o laudo m\u00e9dico com a Classifica\u00e7\u00e3o Internacional de Doen\u00e7as (CID).<\/p>\n\n\n\n<p class=\"wp-block-paragraph\">Os pr\u00e9-requisitos para participar do Programa s\u00e3o: n\u00e3o ter conclu\u00eddo curso t\u00e9cnico ou superior; residir na regi\u00e3o do Vale do A\u00e7o ou Belo Oriente; disponibilidade para frequentar as aulas presenciais nos polos de Belo Oriente ou de Coronel Fabriciano do Colminas.<\/p>\n\n\n\n<h2 class=\"wp-block-heading\"><strong>Programa de Diversidade e Inclus\u00e3o<\/strong><\/h2>\n\n\n\n<p class=\"wp-block-paragraph\">Em setembro do ano passado, a CENIBRA lan\u00e7ou o Programa de Diversidade e Inclus\u00e3o, cujo objetivo \u00e9 proporcionar tratamento justo e sentimento de acolhimento no ambiente de trabalho. A Empresa realizou um censo para conhecer melhor o perfil dos empregados, identificar oportunidades de melhoria e definir as estrat\u00e9gias de promo\u00e7\u00e3o da equidade e de um ambiente mais inclusivo.<\/p>\n\n\n\n<p class=\"wp-block-paragraph\">&#8212;&#8212;&#8212;&#8212;&#8212;&#8212;<br><em>Quer receber as not\u00edcias do <strong>Aconteceu no Vale<\/strong> em primeira m\u00e3o? Siga-nos no Facebook <a rel=\"noreferrer noopener\" href=\"http:\/\/facebook.com\/aconteceunovale\" target=\"_blank\">@aconteceunovale<\/a>, Twitter <a rel=\"noreferrer noopener\" href=\"https:\/\/twitter.com\/noticiadosvales\" target=\"_blank\">@noticiadosvales<\/a> e Instagram <a rel=\"noreferrer noopener\" href=\"https:\/\/www.instagram.com\/aconteceunovale\" target=\"_blank\">@aconteceunovale<\/a>.<\/em><\/p>\n","protected":false},"excerpt":{"rendered":"<p>A CENIBRA (Celulose Nipo-Brasileira S\/A) informa que deu in\u00edcio ao processo seletivo para a qualifica\u00e7\u00e3o profissional de pessoas com defici\u00eancia (PCD). A iniciativa faz parte do Programa de Capacita\u00e7\u00e3o PCD 2022, uma parceria com o Col\u00e9gio T\u00e9cnico do Leste Mineiro (Colminas). O Programa contempla bolsa de estudo integral e est\u00e1gio remunerado para os cursos: T\u00e9cnico [&hellip;]<\/p>\n","protected":false},"author":4,"featured_media":185421,"comment_status":"open","ping_status":"closed","sticky":false,"template":"","format":"standard","meta":{"amp_status":"","footnotes":""},"categories":[40236,121],"tags":[350,68954,349,256833,1524,256832,256831,256827,256828,256830,256834,256829,1048],"class_list":["post-185420","post","type-post","status-publish","format-standard","has-post-thumbnail","hentry","category-empregos-2","category-leste","tag-belo-oriente","tag-celulose-nipo-brasileira","tag-cenibra","tag-colminas","tag-coronel-fabriciano","tag-pcd-2022-cenibra","tag-pcd-cenibra","tag-processo-seletivo-da-cenibra","tag-processo-seletivo-para-pessoas-com-deficiencia-da-cenibra","tag-processo-seletivo-pcd-cenibra","tag-programa-de-diversidade-e-inclusao-da-cenibra","tag-vagas-para-pcd-na-cenibra","tag-vale-do-aco"],"yoast_head":"<!-- This site is optimized with the Yoast SEO plugin v28.3 - https:\/\/yoast.com\/product\/yoast-seo-wordpress\/ -->\n<title>Cenibra divulga processo seletivo para pessoas com defici\u00eancia - Aconteceu no Vale<\/title>\n<meta name=\"robots\" content=\"index, follow, max-snippet:-1, max-image-preview:large, max-video-preview:-1\" \/>\n<link rel=\"canonical\" href=\"https:\/\/aconteceunovale.com.br\/portal\/?p=185420\" \/>\n<meta property=\"og:locale\" content=\"pt_BR\" \/>\n<meta property=\"og:type\" content=\"article\" \/>\n<meta property=\"og:title\" content=\"Cenibra divulga processo seletivo para pessoas com defici\u00eancia - Aconteceu no Vale\" \/>\n<meta property=\"og:description\" content=\"A CENIBRA (Celulose Nipo-Brasileira S\/A) informa que deu in\u00edcio ao processo seletivo para a qualifica\u00e7\u00e3o profissional de pessoas com defici\u00eancia (PCD). A iniciativa faz parte do Programa de Capacita\u00e7\u00e3o PCD 2022, uma parceria com o Col\u00e9gio T\u00e9cnico do Leste Mineiro (Colminas). O Programa contempla bolsa de estudo integral e est\u00e1gio remunerado para os cursos: T\u00e9cnico [&hellip;]\" \/>\n<meta property=\"og:url\" content=\"https:\/\/aconteceunovale.com.br\/portal\/?p=185420\" \/>\n<meta property=\"og:site_name\" content=\"Aconteceu no Vale\" \/>\n<meta property=\"article:publisher\" content=\"https:\/\/www.facebook.com\/aconteceunovale\/\" \/>\n<meta property=\"article:published_time\" content=\"2022-01-04T14:39:51+00:00\" \/>\n<meta property=\"article:modified_time\" content=\"2022-01-04T14:41:13+00:00\" \/>\n<meta property=\"og:image\" content=\"https:\/\/aconteceunovale.com.br\/portal\/wp-content\/uploads\/2022\/01\/empregado_cenibra.jpg\" \/>\n\t<meta property=\"og:image:width\" content=\"654\" \/>\n\t<meta property=\"og:image:height\" content=\"450\" \/>\n\t<meta property=\"og:image:type\" content=\"image\/jpeg\" \/>\n<meta name=\"author\" content=\"Reda\u00e7\u00e3o Aconteceu no Vale\" \/>\n<meta name=\"twitter:card\" content=\"summary_large_image\" \/>\n<meta name=\"twitter:creator\" content=\"@noticiadosvales\" \/>\n<meta name=\"twitter:site\" content=\"@noticiadosvales\" \/>\n<meta name=\"twitter:label1\" content=\"Escrito por\" \/>\n\t<meta name=\"twitter:data1\" content=\"Reda\u00e7\u00e3o Aconteceu no Vale\" \/>\n\t<meta name=\"twitter:label2\" content=\"Est. tempo de leitura\" \/>\n\t<meta name=\"twitter:data2\" content=\"2 minutos\" \/>\n<script type=\"application\/ld+json\" class=\"yoast-schema-graph\">{\"@context\":\"https:\\\/\\\/schema.org\",\"@graph\":[{\"@type\":\"Article\",\"@id\":\"https:\\\/\\\/aconteceunovale.com.br\\\/portal\\\/?p=185420#article\",\"isPartOf\":{\"@id\":\"https:\\\/\\\/aconteceunovale.com.br\\\/portal\\\/?p=185420\"},\"author\":{\"name\":\"Reda\u00e7\u00e3o Aconteceu no Vale\",\"@id\":\"https:\\\/\\\/aconteceunovale.com.br\\\/portal\\\/#\\\/schema\\\/person\\\/7d2f26d1483f8a63de73da1ee0754d35\"},\"headline\":\"Cenibra divulga processo seletivo para pessoas com defici\u00eancia\",\"datePublished\":\"2022-01-04T14:39:51+00:00\",\"dateModified\":\"2022-01-04T14:41:13+00:00\",\"mainEntityOfPage\":{\"@id\":\"https:\\\/\\\/aconteceunovale.com.br\\\/portal\\\/?p=185420\"},\"wordCount\":312,\"commentCount\":0,\"image\":{\"@id\":\"https:\\\/\\\/aconteceunovale.com.br\\\/portal\\\/?p=185420#primaryimage\"},\"thumbnailUrl\":\"https:\\\/\\\/aconteceunovale.com.br\\\/portal\\\/wp-content\\\/uploads\\\/2022\\\/01\\\/empregado_cenibra.jpg\",\"keywords\":[\"belo oriente\",\"Celulose Nipo Brasileira\",\"cenibra\",\"Colminas\",\"Coronel Fabriciano\",\"PCD 2022 Cenibra\",\"PCD Cenibra\",\"Processo seletivo da Cenibra\",\"Processo seletivo para pessoas com defici\u00eancia da Cenibra\",\"Processo seletivo PCD Cenibra\",\"Programa de Diversidade e Inclus\u00e3o da Cenibra\",\"Vagas para PCD na Cenibra\",\"vale do a\u00e7o\"],\"articleSection\":[\"Empregos\",\"Leste de Minas\"],\"inLanguage\":\"pt-BR\",\"potentialAction\":[{\"@type\":\"CommentAction\",\"name\":\"Comment\",\"target\":[\"https:\\\/\\\/aconteceunovale.com.br\\\/portal\\\/?p=185420#respond\"]}]},{\"@type\":\"WebPage\",\"@id\":\"https:\\\/\\\/aconteceunovale.com.br\\\/portal\\\/?p=185420\",\"url\":\"https:\\\/\\\/aconteceunovale.com.br\\\/portal\\\/?p=185420\",\"name\":\"Cenibra divulga processo seletivo para pessoas com defici\u00eancia - Aconteceu no Vale\",\"isPartOf\":{\"@id\":\"https:\\\/\\\/aconteceunovale.com.br\\\/portal\\\/#website\"},\"primaryImageOfPage\":{\"@id\":\"https:\\\/\\\/aconteceunovale.com.br\\\/portal\\\/?p=185420#primaryimage\"},\"image\":{\"@id\":\"https:\\\/\\\/aconteceunovale.com.br\\\/portal\\\/?p=185420#primaryimage\"},\"thumbnailUrl\":\"https:\\\/\\\/aconteceunovale.com.br\\\/portal\\\/wp-content\\\/uploads\\\/2022\\\/01\\\/empregado_cenibra.jpg\",\"datePublished\":\"2022-01-04T14:39:51+00:00\",\"dateModified\":\"2022-01-04T14:41:13+00:00\",\"author\":{\"@id\":\"https:\\\/\\\/aconteceunovale.com.br\\\/portal\\\/#\\\/schema\\\/person\\\/7d2f26d1483f8a63de73da1ee0754d35\"},\"breadcrumb\":{\"@id\":\"https:\\\/\\\/aconteceunovale.com.br\\\/portal\\\/?p=185420#breadcrumb\"},\"inLanguage\":\"pt-BR\",\"potentialAction\":[{\"@type\":\"ReadAction\",\"target\":[\"https:\\\/\\\/aconteceunovale.com.br\\\/portal\\\/?p=185420\"]}]},{\"@type\":\"ImageObject\",\"inLanguage\":\"pt-BR\",\"@id\":\"https:\\\/\\\/aconteceunovale.com.br\\\/portal\\\/?p=185420#primaryimage\",\"url\":\"https:\\\/\\\/aconteceunovale.com.br\\\/portal\\\/wp-content\\\/uploads\\\/2022\\\/01\\\/empregado_cenibra.jpg\",\"contentUrl\":\"https:\\\/\\\/aconteceunovale.com.br\\\/portal\\\/wp-content\\\/uploads\\\/2022\\\/01\\\/empregado_cenibra.jpg\",\"width\":654,\"height\":450},{\"@type\":\"BreadcrumbList\",\"@id\":\"https:\\\/\\\/aconteceunovale.com.br\\\/portal\\\/?p=185420#breadcrumb\",\"itemListElement\":[{\"@type\":\"ListItem\",\"position\":1,\"name\":\"In\u00edcio\",\"item\":\"https:\\\/\\\/aconteceunovale.com.br\\\/portal\\\/\"},{\"@type\":\"ListItem\",\"position\":2,\"name\":\"Cenibra divulga processo seletivo para pessoas com defici\u00eancia\"}]},{\"@type\":\"WebSite\",\"@id\":\"https:\\\/\\\/aconteceunovale.com.br\\\/portal\\\/#website\",\"url\":\"https:\\\/\\\/aconteceunovale.com.br\\\/portal\\\/\",\"name\":\"Aconteceu no Vale\",\"description\":\"Portal de Not\u00edcias\",\"potentialAction\":[{\"@type\":\"SearchAction\",\"target\":{\"@type\":\"EntryPoint\",\"urlTemplate\":\"https:\\\/\\\/aconteceunovale.com.br\\\/portal\\\/?s={search_term_string}\"},\"query-input\":{\"@type\":\"PropertyValueSpecification\",\"valueRequired\":true,\"valueName\":\"search_term_string\"}}],\"inLanguage\":\"pt-BR\"},{\"@type\":\"Person\",\"@id\":\"https:\\\/\\\/aconteceunovale.com.br\\\/portal\\\/#\\\/schema\\\/person\\\/7d2f26d1483f8a63de73da1ee0754d35\",\"name\":\"Reda\u00e7\u00e3o Aconteceu no Vale\",\"description\":\"Equipe de reportagem do Aconteceu no Vale, portal de not\u00edcias do Vale do Jequitinhonha, em Minas Gerais. Cobrimos as 51 cidades do Vale desde 2013. Sugest\u00f5es de pauta e pedidos de corre\u00e7\u00e3o: contato@aconteceunovale.com.br\",\"url\":\"https:\\\/\\\/aconteceunovale.com.br\\\/portal\\\/?author=4\"}]}<\/script>\n<!-- \/ Yoast SEO plugin. -->","yoast_head_json":{"title":"Cenibra divulga processo seletivo para pessoas com defici\u00eancia - Aconteceu no Vale","robots":{"index":"index","follow":"follow","max-snippet":"max-snippet:-1","max-image-preview":"max-image-preview:large","max-video-preview":"max-video-preview:-1"},"canonical":"https:\/\/aconteceunovale.com.br\/portal\/?p=185420","og_locale":"pt_BR","og_type":"article","og_title":"Cenibra divulga processo seletivo para pessoas com defici\u00eancia - Aconteceu no Vale","og_description":"A CENIBRA (Celulose Nipo-Brasileira S\/A) informa que deu in\u00edcio ao processo seletivo para a qualifica\u00e7\u00e3o profissional de pessoas com defici\u00eancia (PCD). A iniciativa faz parte do Programa de Capacita\u00e7\u00e3o PCD 2022, uma parceria com o Col\u00e9gio T\u00e9cnico do Leste Mineiro (Colminas). O Programa contempla bolsa de estudo integral e est\u00e1gio remunerado para os cursos: T\u00e9cnico [&hellip;]","og_url":"https:\/\/aconteceunovale.com.br\/portal\/?p=185420","og_site_name":"Aconteceu no Vale","article_publisher":"https:\/\/www.facebook.com\/aconteceunovale\/","article_published_time":"2022-01-04T14:39:51+00:00","article_modified_time":"2022-01-04T14:41:13+00:00","og_image":[{"width":654,"height":450,"url":"https:\/\/aconteceunovale.com.br\/portal\/wp-content\/uploads\/2022\/01\/empregado_cenibra.jpg","type":"image\/jpeg"}],"author":"Reda\u00e7\u00e3o Aconteceu no Vale","twitter_card":"summary_large_image","twitter_creator":"@noticiadosvales","twitter_site":"@noticiadosvales","twitter_misc":{"Escrito por":"Reda\u00e7\u00e3o Aconteceu no Vale","Est. tempo de leitura":"2 minutos"},"schema":{"@context":"https:\/\/schema.org","@graph":[{"@type":"Article","@id":"https:\/\/aconteceunovale.com.br\/portal\/?p=185420#article","isPartOf":{"@id":"https:\/\/aconteceunovale.com.br\/portal\/?p=185420"},"author":{"name":"Reda\u00e7\u00e3o Aconteceu no Vale","@id":"https:\/\/aconteceunovale.com.br\/portal\/#\/schema\/person\/7d2f26d1483f8a63de73da1ee0754d35"},"headline":"Cenibra divulga processo seletivo para pessoas com defici\u00eancia","datePublished":"2022-01-04T14:39:51+00:00","dateModified":"2022-01-04T14:41:13+00:00","mainEntityOfPage":{"@id":"https:\/\/aconteceunovale.com.br\/portal\/?p=185420"},"wordCount":312,"commentCount":0,"image":{"@id":"https:\/\/aconteceunovale.com.br\/portal\/?p=185420#primaryimage"},"thumbnailUrl":"https:\/\/aconteceunovale.com.br\/portal\/wp-content\/uploads\/2022\/01\/empregado_cenibra.jpg","keywords":["belo oriente","Celulose Nipo Brasileira","cenibra","Colminas","Coronel Fabriciano","PCD 2022 Cenibra","PCD Cenibra","Processo seletivo da Cenibra","Processo seletivo para pessoas com defici\u00eancia da Cenibra","Processo seletivo PCD Cenibra","Programa de Diversidade e Inclus\u00e3o da Cenibra","Vagas para PCD na Cenibra","vale do a\u00e7o"],"articleSection":["Empregos","Leste de Minas"],"inLanguage":"pt-BR","potentialAction":[{"@type":"CommentAction","name":"Comment","target":["https:\/\/aconteceunovale.com.br\/portal\/?p=185420#respond"]}]},{"@type":"WebPage","@id":"https:\/\/aconteceunovale.com.br\/portal\/?p=185420","url":"https:\/\/aconteceunovale.com.br\/portal\/?p=185420","name":"Cenibra divulga processo seletivo para pessoas com defici\u00eancia - Aconteceu no Vale","isPartOf":{"@id":"https:\/\/aconteceunovale.com.br\/portal\/#website"},"primaryImageOfPage":{"@id":"https:\/\/aconteceunovale.com.br\/portal\/?p=185420#primaryimage"},"image":{"@id":"https:\/\/aconteceunovale.com.br\/portal\/?p=185420#primaryimage"},"thumbnailUrl":"https:\/\/aconteceunovale.com.br\/portal\/wp-content\/uploads\/2022\/01\/empregado_cenibra.jpg","datePublished":"2022-01-04T14:39:51+00:00","dateModified":"2022-01-04T14:41:13+00:00","author":{"@id":"https:\/\/aconteceunovale.com.br\/portal\/#\/schema\/person\/7d2f26d1483f8a63de73da1ee0754d35"},"breadcrumb":{"@id":"https:\/\/aconteceunovale.com.br\/portal\/?p=185420#breadcrumb"},"inLanguage":"pt-BR","potentialAction":[{"@type":"ReadAction","target":["https:\/\/aconteceunovale.com.br\/portal\/?p=185420"]}]},{"@type":"ImageObject","inLanguage":"pt-BR","@id":"https:\/\/aconteceunovale.com.br\/portal\/?p=185420#primaryimage","url":"https:\/\/aconteceunovale.com.br\/portal\/wp-content\/uploads\/2022\/01\/empregado_cenibra.jpg","contentUrl":"https:\/\/aconteceunovale.com.br\/portal\/wp-content\/uploads\/2022\/01\/empregado_cenibra.jpg","width":654,"height":450},{"@type":"BreadcrumbList","@id":"https:\/\/aconteceunovale.com.br\/portal\/?p=185420#breadcrumb","itemListElement":[{"@type":"ListItem","position":1,"name":"In\u00edcio","item":"https:\/\/aconteceunovale.com.br\/portal\/"},{"@type":"ListItem","position":2,"name":"Cenibra divulga processo seletivo para pessoas com defici\u00eancia"}]},{"@type":"WebSite","@id":"https:\/\/aconteceunovale.com.br\/portal\/#website","url":"https:\/\/aconteceunovale.com.br\/portal\/","name":"Aconteceu no Vale","description":"Portal de Not\u00edcias","potentialAction":[{"@type":"SearchAction","target":{"@type":"EntryPoint","urlTemplate":"https:\/\/aconteceunovale.com.br\/portal\/?s={search_term_string}"},"query-input":{"@type":"PropertyValueSpecification","valueRequired":true,"valueName":"search_term_string"}}],"inLanguage":"pt-BR"},{"@type":"Person","@id":"https:\/\/aconteceunovale.com.br\/portal\/#\/schema\/person\/7d2f26d1483f8a63de73da1ee0754d35","name":"Reda\u00e7\u00e3o Aconteceu no Vale","description":"Equipe de reportagem do Aconteceu no Vale, portal de not\u00edcias do Vale do Jequitinhonha, em Minas Gerais. Cobrimos as 51 cidades do Vale desde 2013. Sugest\u00f5es de pauta e pedidos de corre\u00e7\u00e3o: contato@aconteceunovale.com.br","url":"https:\/\/aconteceunovale.com.br\/portal\/?author=4"}]}},"_links":{"self":[{"href":"https:\/\/aconteceunovale.com.br\/portal\/index.php?rest_route=\/wp\/v2\/posts\/185420","targetHints":{"allow":["GET"]}}],"collection":[{"href":"https:\/\/aconteceunovale.com.br\/portal\/index.php?rest_route=\/wp\/v2\/posts"}],"about":[{"href":"https:\/\/aconteceunovale.com.br\/portal\/index.php?rest_route=\/wp\/v2\/types\/post"}],"author":[{"embeddable":true,"href":"https:\/\/aconteceunovale.com.br\/portal\/index.php?rest_route=\/wp\/v2\/users\/4"}],"replies":[{"embeddable":true,"href":"https:\/\/aconteceunovale.com.br\/portal\/index.php?rest_route=%2Fwp%2Fv2%2Fcomments&post=185420"}],"version-history":[{"count":1,"href":"https:\/\/aconteceunovale.com.br\/portal\/index.php?rest_route=\/wp\/v2\/posts\/185420\/revisions"}],"predecessor-version":[{"id":185422,"href":"https:\/\/aconteceunovale.com.br\/portal\/index.php?rest_route=\/wp\/v2\/posts\/185420\/revisions\/185422"}],"wp:featuredmedia":[{"embeddable":true,"href":"https:\/\/aconteceunovale.com.br\/portal\/index.php?rest_route=\/wp\/v2\/media\/185421"}],"wp:attachment":[{"href":"https:\/\/aconteceunovale.com.br\/portal\/index.php?rest_route=%2Fwp%2Fv2%2Fmedia&parent=185420"}],"wp:term":[{"taxonomy":"category","embeddable":true,"href":"https:\/\/aconteceunovale.com.br\/portal\/index.php?rest_route=%2Fwp%2Fv2%2Fcategories&post=185420"},{"taxonomy":"post_tag","embeddable":true,"href":"https:\/\/aconteceunovale.com.br\/portal\/index.php?rest_route=%2Fwp%2Fv2%2Ftags&post=185420"}],"curies":[{"name":"wp","href":"https:\/\/api.w.org\/{rel}","templated":true}]}}