{"id":185410,"date":"2022-01-03T20:10:43","date_gmt":"2022-01-03T23:10:43","guid":{"rendered":"https:\/\/aconteceunovale.com.br\/portal\/?p=185410"},"modified":"2022-01-03T20:11:58","modified_gmt":"2022-01-03T23:11:58","slug":"dolar-tem-maior-alta-em-dois-meses","status":"publish","type":"post","link":"https:\/\/aconteceunovale.com.br\/portal\/?p=185410","title":{"rendered":"D\u00f3lar tem maior alta em dois meses"},"content":{"rendered":"\n<p class=\"wp-block-paragraph\">O ano come\u00e7ou com pessimismo no mercado financeiro. Pressionado por fatores dom\u00e9sticos e externos, o d\u00f3lar teve a maior alta di\u00e1ria em dois meses. A bolsa de valores caiu, mesmo com a alta nos mercados internacionais.<\/p>\n\n\n\n<p class=\"wp-block-paragraph\">O d\u00f3lar comercial encerrou a segunda-feira (3\/1\/2022) vendido a R$ 5,663, com alta de R$ 0,087 (+1,56%). Em termos percentuais, esta foi a maior valoriza\u00e7\u00e3o para um dia desde 21 de outubro, quando a cota\u00e7\u00e3o tinha subido 1,9%, em meio ao an\u00fancio da Proposta de Emenda \u00e0 Constitui\u00e7\u00e3o (PEC) dos Precat\u00f3rios.<\/p>\n\n\n\n<p class=\"wp-block-paragraph\">O pessimismo tamb\u00e9m se refletiu no mercado de a\u00e7\u00f5es. O \u00edndice Ibovespa, da B3, fechou o dia aos 103.922 pontos, com recuo de 0,86%. O indicador chegou a operar em alta durante a manh\u00e3, mas n\u00e3o firmou a tend\u00eancia, na contram\u00e3o das bolsas norte-americanas, que subiram nesta segunda-feira.<\/p>\n\n\n\n<p class=\"wp-block-paragraph\">No exterior, o d\u00f3lar teve um dia de alta global, com a perspectiva de aumento de juros nos Estados Unidos. Na reuni\u00e3o mais recente, o Federal Reserve (Fed, Banco Central norte-americano) informou que pretende aumentar os juros b\u00e1sicos da maior economia do planeta pelo menos tr\u00eas vezes em 2022. Taxas mais altas estimulam a fuga de recursos de pa\u00edses emergentes, como o Brasil.<\/p>\n\n\n\n<p class=\"wp-block-paragraph\">No mercado dom\u00e9stico, as expectativas com o aumento de gastos p\u00fablicos continuaram a influenciar as negocia\u00e7\u00f5es. A san\u00e7\u00e3o da lei que prorroga at\u00e9 o fim de 2023 a desonera\u00e7\u00e3o da folha de pagamento para diversos setores da economia sem especificar a fonte de receitas (ou de corte de gastos) para essas medidas foi mal recebida pelos investidores, assim como a amea\u00e7a de greve de diversas categorias do servi\u00e7o p\u00fablico que pressionam por aumentos salariais.<\/p>\n\n\n\n<p class=\"wp-block-paragraph\">&#8212;&#8212;&#8212;&#8212;&#8212;&#8212;<br><em>Quer receber as not\u00edcias do <strong>Aconteceu no Vale<\/strong> em primeira m\u00e3o? Siga-nos no Facebook <a rel=\"noreferrer noopener\" href=\"http:\/\/facebook.com\/aconteceunovale\" target=\"_blank\">@aconteceunovale<\/a>, Twitter <a rel=\"noreferrer noopener\" href=\"https:\/\/twitter.com\/noticiadosvales\" target=\"_blank\">@noticiadosvales<\/a> e Instagram <a rel=\"noreferrer noopener\" href=\"https:\/\/www.instagram.com\/aconteceunovale\" target=\"_blank\">@aconteceunovale<\/a>.<\/em><\/p>\n","protected":false},"excerpt":{"rendered":"<p>O ano come\u00e7ou com pessimismo no mercado financeiro. Pressionado por fatores dom\u00e9sticos e externos, o d\u00f3lar teve a maior alta di\u00e1ria em dois meses. A bolsa de valores caiu, mesmo com a alta nos mercados internacionais. O d\u00f3lar comercial encerrou a segunda-feira (3\/1\/2022) vendido a R$ 5,663, com alta de R$ 0,087 (+1,56%). Em termos [&hellip;]<\/p>\n","protected":false},"author":4,"featured_media":52557,"comment_status":"open","ping_status":"closed","sticky":false,"template":"","format":"standard","meta":{"amp_status":"","footnotes":""},"categories":[6,40239,28848],"tags":[174398,36073,125578,21714,20088,20087,209222,138905,256799,174397,211240,53804,174334,256798,37630],"class_list":["post-185410","post","type-post","status-publish","format-standard","has-post-thumbnail","hentry","category-br","category-economia-2","category-mundo","tag-alta-do-dolar-impacta-setores-da-economia","tag-aumento-do-dolar","tag-aumento-do-valor-do-dolar","tag-cambio","tag-cotacao-do-dolar","tag-dolar","tag-dolar-dos-estados-unidos","tag-dolar-norte-americano","tag-dolar-tem-maior-alta-em-dois-meses","tag-influencia-do-dolar","tag-real","tag-subida-do-dolar","tag-supervalorizacao-do-dolar","tag-usd","tag-valorizacao-do-dolar"],"yoast_head":"<!-- This site is optimized with the Yoast SEO plugin v28.3 - https:\/\/yoast.com\/product\/yoast-seo-wordpress\/ -->\n<title>D\u00f3lar tem maior alta em dois meses - Aconteceu no Vale<\/title>\n<meta name=\"robots\" content=\"index, follow, max-snippet:-1, max-image-preview:large, max-video-preview:-1\" \/>\n<link rel=\"canonical\" href=\"https:\/\/aconteceunovale.com.br\/portal\/?p=185410\" \/>\n<meta property=\"og:locale\" content=\"pt_BR\" \/>\n<meta property=\"og:type\" content=\"article\" \/>\n<meta property=\"og:title\" content=\"D\u00f3lar tem maior alta em dois meses - Aconteceu no Vale\" \/>\n<meta property=\"og:description\" content=\"O ano come\u00e7ou com pessimismo no mercado financeiro. Pressionado por fatores dom\u00e9sticos e externos, o d\u00f3lar teve a maior alta di\u00e1ria em dois meses. A bolsa de valores caiu, mesmo com a alta nos mercados internacionais. O d\u00f3lar comercial encerrou a segunda-feira (3\/1\/2022) vendido a R$ 5,663, com alta de R$ 0,087 (+1,56%). Em termos [&hellip;]\" \/>\n<meta property=\"og:url\" content=\"https:\/\/aconteceunovale.com.br\/portal\/?p=185410\" \/>\n<meta property=\"og:site_name\" content=\"Aconteceu no Vale\" \/>\n<meta property=\"article:publisher\" content=\"https:\/\/www.facebook.com\/aconteceunovale\/\" \/>\n<meta property=\"article:published_time\" content=\"2022-01-03T23:10:43+00:00\" \/>\n<meta property=\"article:modified_time\" content=\"2022-01-03T23:11:58+00:00\" \/>\n<meta property=\"og:image\" content=\"https:\/\/aconteceunovale.com.br\/portal\/wp-content\/uploads\/2015\/02\/cotacao_do_dolar.jpg\" \/>\n\t<meta property=\"og:image:width\" content=\"678\" \/>\n\t<meta property=\"og:image:height\" content=\"443\" \/>\n\t<meta property=\"og:image:type\" content=\"image\/jpeg\" \/>\n<meta name=\"author\" content=\"Reda\u00e7\u00e3o Aconteceu no Vale\" \/>\n<meta name=\"twitter:card\" content=\"summary_large_image\" \/>\n<meta name=\"twitter:creator\" content=\"@noticiadosvales\" \/>\n<meta name=\"twitter:site\" content=\"@noticiadosvales\" \/>\n<meta name=\"twitter:label1\" content=\"Escrito por\" \/>\n\t<meta name=\"twitter:data1\" content=\"Reda\u00e7\u00e3o Aconteceu no Vale\" \/>\n\t<meta name=\"twitter:label2\" content=\"Est. tempo de leitura\" \/>\n\t<meta name=\"twitter:data2\" content=\"2 minutos\" \/>\n<script type=\"application\/ld+json\" class=\"yoast-schema-graph\">{\"@context\":\"https:\\\/\\\/schema.org\",\"@graph\":[{\"@type\":\"Article\",\"@id\":\"https:\\\/\\\/aconteceunovale.com.br\\\/portal\\\/?p=185410#article\",\"isPartOf\":{\"@id\":\"https:\\\/\\\/aconteceunovale.com.br\\\/portal\\\/?p=185410\"},\"author\":{\"name\":\"Reda\u00e7\u00e3o Aconteceu no Vale\",\"@id\":\"https:\\\/\\\/aconteceunovale.com.br\\\/portal\\\/#\\\/schema\\\/person\\\/7d2f26d1483f8a63de73da1ee0754d35\"},\"headline\":\"D\u00f3lar tem maior alta em dois meses\",\"datePublished\":\"2022-01-03T23:10:43+00:00\",\"dateModified\":\"2022-01-03T23:11:58+00:00\",\"mainEntityOfPage\":{\"@id\":\"https:\\\/\\\/aconteceunovale.com.br\\\/portal\\\/?p=185410\"},\"wordCount\":320,\"commentCount\":0,\"image\":{\"@id\":\"https:\\\/\\\/aconteceunovale.com.br\\\/portal\\\/?p=185410#primaryimage\"},\"thumbnailUrl\":\"https:\\\/\\\/aconteceunovale.com.br\\\/portal\\\/wp-content\\\/uploads\\\/2015\\\/02\\\/cotacao_do_dolar.jpg\",\"keywords\":[\"Alta do d\u00f3lar impacta setores da economia\",\"aumento do d\u00f3lar\",\"Aumento do valor do d\u00f3lar\",\"c\u00e2mbio\",\"cota\u00e7\u00e3o do d\u00f3lar\",\"d\u00f3lar\",\"D\u00f3lar dos Estados Unidos\",\"D\u00f3lar norte-americano\",\"D\u00f3lar tem maior alta em dois meses\",\"Influ\u00eancia do d\u00f3lar\",\"Real\",\"subida do d\u00f3lar\",\"Supervaloriza\u00e7\u00e3o do d\u00f3lar\",\"USD\",\"valoriza\u00e7\u00e3o do d\u00f3lar\"],\"articleSection\":[\"Brasil\",\"Economia\",\"Mundo\"],\"inLanguage\":\"pt-BR\",\"potentialAction\":[{\"@type\":\"CommentAction\",\"name\":\"Comment\",\"target\":[\"https:\\\/\\\/aconteceunovale.com.br\\\/portal\\\/?p=185410#respond\"]}]},{\"@type\":\"WebPage\",\"@id\":\"https:\\\/\\\/aconteceunovale.com.br\\\/portal\\\/?p=185410\",\"url\":\"https:\\\/\\\/aconteceunovale.com.br\\\/portal\\\/?p=185410\",\"name\":\"D\u00f3lar tem maior alta em dois meses - Aconteceu no Vale\",\"isPartOf\":{\"@id\":\"https:\\\/\\\/aconteceunovale.com.br\\\/portal\\\/#website\"},\"primaryImageOfPage\":{\"@id\":\"https:\\\/\\\/aconteceunovale.com.br\\\/portal\\\/?p=185410#primaryimage\"},\"image\":{\"@id\":\"https:\\\/\\\/aconteceunovale.com.br\\\/portal\\\/?p=185410#primaryimage\"},\"thumbnailUrl\":\"https:\\\/\\\/aconteceunovale.com.br\\\/portal\\\/wp-content\\\/uploads\\\/2015\\\/02\\\/cotacao_do_dolar.jpg\",\"datePublished\":\"2022-01-03T23:10:43+00:00\",\"dateModified\":\"2022-01-03T23:11:58+00:00\",\"author\":{\"@id\":\"https:\\\/\\\/aconteceunovale.com.br\\\/portal\\\/#\\\/schema\\\/person\\\/7d2f26d1483f8a63de73da1ee0754d35\"},\"breadcrumb\":{\"@id\":\"https:\\\/\\\/aconteceunovale.com.br\\\/portal\\\/?p=185410#breadcrumb\"},\"inLanguage\":\"pt-BR\",\"potentialAction\":[{\"@type\":\"ReadAction\",\"target\":[\"https:\\\/\\\/aconteceunovale.com.br\\\/portal\\\/?p=185410\"]}]},{\"@type\":\"ImageObject\",\"inLanguage\":\"pt-BR\",\"@id\":\"https:\\\/\\\/aconteceunovale.com.br\\\/portal\\\/?p=185410#primaryimage\",\"url\":\"https:\\\/\\\/aconteceunovale.com.br\\\/portal\\\/wp-content\\\/uploads\\\/2015\\\/02\\\/cotacao_do_dolar.jpg\",\"contentUrl\":\"https:\\\/\\\/aconteceunovale.com.br\\\/portal\\\/wp-content\\\/uploads\\\/2015\\\/02\\\/cotacao_do_dolar.jpg\",\"width\":678,\"height\":443},{\"@type\":\"BreadcrumbList\",\"@id\":\"https:\\\/\\\/aconteceunovale.com.br\\\/portal\\\/?p=185410#breadcrumb\",\"itemListElement\":[{\"@type\":\"ListItem\",\"position\":1,\"name\":\"In\u00edcio\",\"item\":\"https:\\\/\\\/aconteceunovale.com.br\\\/portal\\\/\"},{\"@type\":\"ListItem\",\"position\":2,\"name\":\"D\u00f3lar tem maior alta em dois meses\"}]},{\"@type\":\"WebSite\",\"@id\":\"https:\\\/\\\/aconteceunovale.com.br\\\/portal\\\/#website\",\"url\":\"https:\\\/\\\/aconteceunovale.com.br\\\/portal\\\/\",\"name\":\"Aconteceu no Vale\",\"description\":\"Portal de Not\u00edcias\",\"potentialAction\":[{\"@type\":\"SearchAction\",\"target\":{\"@type\":\"EntryPoint\",\"urlTemplate\":\"https:\\\/\\\/aconteceunovale.com.br\\\/portal\\\/?s={search_term_string}\"},\"query-input\":{\"@type\":\"PropertyValueSpecification\",\"valueRequired\":true,\"valueName\":\"search_term_string\"}}],\"inLanguage\":\"pt-BR\"},{\"@type\":\"Person\",\"@id\":\"https:\\\/\\\/aconteceunovale.com.br\\\/portal\\\/#\\\/schema\\\/person\\\/7d2f26d1483f8a63de73da1ee0754d35\",\"name\":\"Reda\u00e7\u00e3o Aconteceu no Vale\",\"description\":\"Equipe de reportagem do Aconteceu no Vale, portal de not\u00edcias do Vale do Jequitinhonha, em Minas Gerais. Cobrimos as 51 cidades do Vale desde 2013. Sugest\u00f5es de pauta e pedidos de corre\u00e7\u00e3o: contato@aconteceunovale.com.br\",\"url\":\"https:\\\/\\\/aconteceunovale.com.br\\\/portal\\\/?author=4\"}]}<\/script>\n<!-- \/ Yoast SEO plugin. -->","yoast_head_json":{"title":"D\u00f3lar tem maior alta em dois meses - Aconteceu no Vale","robots":{"index":"index","follow":"follow","max-snippet":"max-snippet:-1","max-image-preview":"max-image-preview:large","max-video-preview":"max-video-preview:-1"},"canonical":"https:\/\/aconteceunovale.com.br\/portal\/?p=185410","og_locale":"pt_BR","og_type":"article","og_title":"D\u00f3lar tem maior alta em dois meses - Aconteceu no Vale","og_description":"O ano come\u00e7ou com pessimismo no mercado financeiro. Pressionado por fatores dom\u00e9sticos e externos, o d\u00f3lar teve a maior alta di\u00e1ria em dois meses. A bolsa de valores caiu, mesmo com a alta nos mercados internacionais. O d\u00f3lar comercial encerrou a segunda-feira (3\/1\/2022) vendido a R$ 5,663, com alta de R$ 0,087 (+1,56%). Em termos [&hellip;]","og_url":"https:\/\/aconteceunovale.com.br\/portal\/?p=185410","og_site_name":"Aconteceu no Vale","article_publisher":"https:\/\/www.facebook.com\/aconteceunovale\/","article_published_time":"2022-01-03T23:10:43+00:00","article_modified_time":"2022-01-03T23:11:58+00:00","og_image":[{"width":678,"height":443,"url":"https:\/\/aconteceunovale.com.br\/portal\/wp-content\/uploads\/2015\/02\/cotacao_do_dolar.jpg","type":"image\/jpeg"}],"author":"Reda\u00e7\u00e3o Aconteceu no Vale","twitter_card":"summary_large_image","twitter_creator":"@noticiadosvales","twitter_site":"@noticiadosvales","twitter_misc":{"Escrito por":"Reda\u00e7\u00e3o Aconteceu no Vale","Est. tempo de leitura":"2 minutos"},"schema":{"@context":"https:\/\/schema.org","@graph":[{"@type":"Article","@id":"https:\/\/aconteceunovale.com.br\/portal\/?p=185410#article","isPartOf":{"@id":"https:\/\/aconteceunovale.com.br\/portal\/?p=185410"},"author":{"name":"Reda\u00e7\u00e3o Aconteceu no Vale","@id":"https:\/\/aconteceunovale.com.br\/portal\/#\/schema\/person\/7d2f26d1483f8a63de73da1ee0754d35"},"headline":"D\u00f3lar tem maior alta em dois meses","datePublished":"2022-01-03T23:10:43+00:00","dateModified":"2022-01-03T23:11:58+00:00","mainEntityOfPage":{"@id":"https:\/\/aconteceunovale.com.br\/portal\/?p=185410"},"wordCount":320,"commentCount":0,"image":{"@id":"https:\/\/aconteceunovale.com.br\/portal\/?p=185410#primaryimage"},"thumbnailUrl":"https:\/\/aconteceunovale.com.br\/portal\/wp-content\/uploads\/2015\/02\/cotacao_do_dolar.jpg","keywords":["Alta do d\u00f3lar impacta setores da economia","aumento do d\u00f3lar","Aumento do valor do d\u00f3lar","c\u00e2mbio","cota\u00e7\u00e3o do d\u00f3lar","d\u00f3lar","D\u00f3lar dos Estados Unidos","D\u00f3lar norte-americano","D\u00f3lar tem maior alta em dois meses","Influ\u00eancia do d\u00f3lar","Real","subida do d\u00f3lar","Supervaloriza\u00e7\u00e3o do d\u00f3lar","USD","valoriza\u00e7\u00e3o do d\u00f3lar"],"articleSection":["Brasil","Economia","Mundo"],"inLanguage":"pt-BR","potentialAction":[{"@type":"CommentAction","name":"Comment","target":["https:\/\/aconteceunovale.com.br\/portal\/?p=185410#respond"]}]},{"@type":"WebPage","@id":"https:\/\/aconteceunovale.com.br\/portal\/?p=185410","url":"https:\/\/aconteceunovale.com.br\/portal\/?p=185410","name":"D\u00f3lar tem maior alta em dois meses - Aconteceu no Vale","isPartOf":{"@id":"https:\/\/aconteceunovale.com.br\/portal\/#website"},"primaryImageOfPage":{"@id":"https:\/\/aconteceunovale.com.br\/portal\/?p=185410#primaryimage"},"image":{"@id":"https:\/\/aconteceunovale.com.br\/portal\/?p=185410#primaryimage"},"thumbnailUrl":"https:\/\/aconteceunovale.com.br\/portal\/wp-content\/uploads\/2015\/02\/cotacao_do_dolar.jpg","datePublished":"2022-01-03T23:10:43+00:00","dateModified":"2022-01-03T23:11:58+00:00","author":{"@id":"https:\/\/aconteceunovale.com.br\/portal\/#\/schema\/person\/7d2f26d1483f8a63de73da1ee0754d35"},"breadcrumb":{"@id":"https:\/\/aconteceunovale.com.br\/portal\/?p=185410#breadcrumb"},"inLanguage":"pt-BR","potentialAction":[{"@type":"ReadAction","target":["https:\/\/aconteceunovale.com.br\/portal\/?p=185410"]}]},{"@type":"ImageObject","inLanguage":"pt-BR","@id":"https:\/\/aconteceunovale.com.br\/portal\/?p=185410#primaryimage","url":"https:\/\/aconteceunovale.com.br\/portal\/wp-content\/uploads\/2015\/02\/cotacao_do_dolar.jpg","contentUrl":"https:\/\/aconteceunovale.com.br\/portal\/wp-content\/uploads\/2015\/02\/cotacao_do_dolar.jpg","width":678,"height":443},{"@type":"BreadcrumbList","@id":"https:\/\/aconteceunovale.com.br\/portal\/?p=185410#breadcrumb","itemListElement":[{"@type":"ListItem","position":1,"name":"In\u00edcio","item":"https:\/\/aconteceunovale.com.br\/portal\/"},{"@type":"ListItem","position":2,"name":"D\u00f3lar tem maior alta em dois meses"}]},{"@type":"WebSite","@id":"https:\/\/aconteceunovale.com.br\/portal\/#website","url":"https:\/\/aconteceunovale.com.br\/portal\/","name":"Aconteceu no Vale","description":"Portal de Not\u00edcias","potentialAction":[{"@type":"SearchAction","target":{"@type":"EntryPoint","urlTemplate":"https:\/\/aconteceunovale.com.br\/portal\/?s={search_term_string}"},"query-input":{"@type":"PropertyValueSpecification","valueRequired":true,"valueName":"search_term_string"}}],"inLanguage":"pt-BR"},{"@type":"Person","@id":"https:\/\/aconteceunovale.com.br\/portal\/#\/schema\/person\/7d2f26d1483f8a63de73da1ee0754d35","name":"Reda\u00e7\u00e3o Aconteceu no Vale","description":"Equipe de reportagem do Aconteceu no Vale, portal de not\u00edcias do Vale do Jequitinhonha, em Minas Gerais. Cobrimos as 51 cidades do Vale desde 2013. Sugest\u00f5es de pauta e pedidos de corre\u00e7\u00e3o: contato@aconteceunovale.com.br","url":"https:\/\/aconteceunovale.com.br\/portal\/?author=4"}]}},"_links":{"self":[{"href":"https:\/\/aconteceunovale.com.br\/portal\/index.php?rest_route=\/wp\/v2\/posts\/185410","targetHints":{"allow":["GET"]}}],"collection":[{"href":"https:\/\/aconteceunovale.com.br\/portal\/index.php?rest_route=\/wp\/v2\/posts"}],"about":[{"href":"https:\/\/aconteceunovale.com.br\/portal\/index.php?rest_route=\/wp\/v2\/types\/post"}],"author":[{"embeddable":true,"href":"https:\/\/aconteceunovale.com.br\/portal\/index.php?rest_route=\/wp\/v2\/users\/4"}],"replies":[{"embeddable":true,"href":"https:\/\/aconteceunovale.com.br\/portal\/index.php?rest_route=%2Fwp%2Fv2%2Fcomments&post=185410"}],"version-history":[{"count":1,"href":"https:\/\/aconteceunovale.com.br\/portal\/index.php?rest_route=\/wp\/v2\/posts\/185410\/revisions"}],"predecessor-version":[{"id":185411,"href":"https:\/\/aconteceunovale.com.br\/portal\/index.php?rest_route=\/wp\/v2\/posts\/185410\/revisions\/185411"}],"wp:featuredmedia":[{"embeddable":true,"href":"https:\/\/aconteceunovale.com.br\/portal\/index.php?rest_route=\/wp\/v2\/media\/52557"}],"wp:attachment":[{"href":"https:\/\/aconteceunovale.com.br\/portal\/index.php?rest_route=%2Fwp%2Fv2%2Fmedia&parent=185410"}],"wp:term":[{"taxonomy":"category","embeddable":true,"href":"https:\/\/aconteceunovale.com.br\/portal\/index.php?rest_route=%2Fwp%2Fv2%2Fcategories&post=185410"},{"taxonomy":"post_tag","embeddable":true,"href":"https:\/\/aconteceunovale.com.br\/portal\/index.php?rest_route=%2Fwp%2Fv2%2Ftags&post=185410"}],"curies":[{"name":"wp","href":"https:\/\/api.w.org\/{rel}","templated":true}]}}