{"id":185408,"date":"2022-01-03T20:05:00","date_gmt":"2022-01-03T23:05:00","guid":{"rendered":"https:\/\/aconteceunovale.com.br\/portal\/?p=185408"},"modified":"2022-01-03T20:06:36","modified_gmt":"2022-01-03T23:06:36","slug":"numero-de-acidentes-nas-rodovias-federais-do-brasil-cai-no-feriado-da-virada","status":"publish","type":"post","link":"https:\/\/aconteceunovale.com.br\/portal\/?p=185408","title":{"rendered":"N\u00famero de acidentes nas rodovias federais do Brasil cai no feriado da virada"},"content":{"rendered":"\n<p class=\"wp-block-paragraph\">A Pol\u00edcia Rodovi\u00e1ria Federal (PRF) registrou, no feriado da virada de 2021 para 2022, 65 mortes em acidentes nas rodovias federais do pa\u00eds. O n\u00famero \u00e9 um pouco maior que o do feriado do ano anterior, quando 62 pessoas morreram em desastres nas estradas.<br><br>O n\u00famero de feridos em acidentes rodovi\u00e1rios tamb\u00e9m aumentou, passando de 983, na virada do ano passado, para 1.017 no feriado da passagem de 2021 para 2022.<img decoding=\"async\" src=\"https:\/\/agenciabrasil.ebc.com.br\/ebc.png?id=1435080&amp;o=node\"><img decoding=\"async\" src=\"https:\/\/agenciabrasil.ebc.com.br\/ebc.gif?id=1435080&amp;o=node\"><\/p>\n\n\n\n<p class=\"wp-block-paragraph\">Os dados foram divulgados nesta segunda-feira (3\/1\/2022) pela PRF no balan\u00e7o da Opera\u00e7\u00e3o Ano Novo, realizada nas estradas federais de todo o pa\u00eds entre os dias 30 de dezembro e 2 de janeiro.<\/p>\n\n\n\n<p class=\"wp-block-paragraph\">O n\u00famero de acidentes, por\u00e9m, caiu 4%, somando 730 registros no per\u00edodo. Quando considerados os acidentes graves, o n\u00famero tamb\u00e9m caiu 9%, com 187 ocorr\u00eancias.<\/p>\n\n\n\n<p class=\"wp-block-paragraph\">Ainda conforme a PRF, foram feitas no feriado da virada 37.169 autua\u00e7\u00f5es, das quais, 5.344 por ultrapassagem irregular e 4.240 por falta de uso do cinto de seguran\u00e7a. A corpora\u00e7\u00e3o autuou ainda 964 motoristas que dirigiam ap\u00f3s consumir bebida alco\u00f3lica e 597 motociclistas que n\u00e3o usavam capacete.<\/p>\n\n\n\n<p class=\"wp-block-paragraph\">As a\u00e7\u00f5es de fiscaliza\u00e7\u00e3o de crimes nas estradas terminaram com a apreens\u00e3o de 756 quilos de maconha, 46% a mais que no mesmo per\u00edodo no ano anterior. A PRF fez ainda 442 pris\u00f5es e recuperou 83 ve\u00edculos.<\/p>\n\n\n\n<p class=\"wp-block-paragraph\">&#8212;&#8212;&#8212;&#8212;&#8212;&#8212;<br><em>Quer receber as not\u00edcias do <strong>Aconteceu no Vale<\/strong> em primeira m\u00e3o? Siga-nos no Facebook <a rel=\"noreferrer noopener\" href=\"http:\/\/facebook.com\/aconteceunovale\" target=\"_blank\">@aconteceunovale<\/a>, Twitter <a rel=\"noreferrer noopener\" href=\"https:\/\/twitter.com\/noticiadosvales\" target=\"_blank\">@noticiadosvales<\/a> e Instagram <a rel=\"noreferrer noopener\" href=\"https:\/\/www.instagram.com\/aconteceunovale\" target=\"_blank\">@aconteceunovale<\/a>.<\/em><\/p>\n","protected":false},"excerpt":{"rendered":"<p>A Pol\u00edcia Rodovi\u00e1ria Federal (PRF) registrou, no feriado da virada de 2021 para 2022, 65 mortes em acidentes nas rodovias federais do pa\u00eds. O n\u00famero \u00e9 um pouco maior que o do feriado do ano anterior, quando 62 pessoas morreram em desastres nas estradas. O n\u00famero de feridos em acidentes rodovi\u00e1rios tamb\u00e9m aumentou, passando de [&hellip;]<\/p>\n","protected":false},"author":4,"featured_media":182771,"comment_status":"open","ping_status":"closed","sticky":false,"template":"","format":"standard","meta":{"amp_status":"","footnotes":""},"categories":[6],"tags":[4785,256581,256580,256578,256575,256576,256577,256579],"class_list":["post-185408","post","type-post","status-publish","format-standard","has-post-thumbnail","hentry","category-br","tag-brasil","tag-dicas-para-quem-vai-viajar","tag-dicas-para-viagens-no-final-de-ano","tag-fiscalizacao-nas-estradas-do-brasil","tag-operacao-ano-novo-2022","tag-operacao-ano-novo-2022-da-prf","tag-operacao-ano-novo-da-prf","tag-operacao-nas-estradas-do-brasil"],"yoast_head":"<!-- This site is optimized with the Yoast SEO plugin v28.3 - https:\/\/yoast.com\/product\/yoast-seo-wordpress\/ -->\n<title>N\u00famero de acidentes nas rodovias federais do Brasil cai no feriado da virada - Aconteceu no Vale<\/title>\n<meta name=\"robots\" content=\"index, follow, max-snippet:-1, max-image-preview:large, max-video-preview:-1\" \/>\n<link rel=\"canonical\" href=\"https:\/\/aconteceunovale.com.br\/portal\/?p=185408\" \/>\n<meta property=\"og:locale\" content=\"pt_BR\" \/>\n<meta property=\"og:type\" content=\"article\" \/>\n<meta property=\"og:title\" content=\"N\u00famero de acidentes nas rodovias federais do Brasil cai no feriado da virada - Aconteceu no Vale\" \/>\n<meta property=\"og:description\" content=\"A Pol\u00edcia Rodovi\u00e1ria Federal (PRF) registrou, no feriado da virada de 2021 para 2022, 65 mortes em acidentes nas rodovias federais do pa\u00eds. O n\u00famero \u00e9 um pouco maior que o do feriado do ano anterior, quando 62 pessoas morreram em desastres nas estradas. O n\u00famero de feridos em acidentes rodovi\u00e1rios tamb\u00e9m aumentou, passando de [&hellip;]\" \/>\n<meta property=\"og:url\" content=\"https:\/\/aconteceunovale.com.br\/portal\/?p=185408\" \/>\n<meta property=\"og:site_name\" content=\"Aconteceu no Vale\" \/>\n<meta property=\"article:publisher\" content=\"https:\/\/www.facebook.com\/aconteceunovale\/\" \/>\n<meta property=\"article:published_time\" content=\"2022-01-03T23:05:00+00:00\" \/>\n<meta property=\"article:modified_time\" content=\"2022-01-03T23:06:36+00:00\" \/>\n<meta property=\"og:image\" content=\"https:\/\/aconteceunovale.com.br\/portal\/wp-content\/uploads\/2021\/10\/prf_operacao_feriado.jpg\" \/>\n\t<meta property=\"og:image:width\" content=\"678\" \/>\n\t<meta property=\"og:image:height\" content=\"406\" \/>\n\t<meta property=\"og:image:type\" content=\"image\/jpeg\" \/>\n<meta name=\"author\" content=\"Reda\u00e7\u00e3o Aconteceu no Vale\" \/>\n<meta name=\"twitter:card\" content=\"summary_large_image\" \/>\n<meta name=\"twitter:creator\" content=\"@noticiadosvales\" \/>\n<meta name=\"twitter:site\" content=\"@noticiadosvales\" \/>\n<meta name=\"twitter:label1\" content=\"Escrito por\" \/>\n\t<meta name=\"twitter:data1\" content=\"Reda\u00e7\u00e3o Aconteceu no Vale\" \/>\n\t<meta name=\"twitter:label2\" content=\"Est. tempo de leitura\" \/>\n\t<meta name=\"twitter:data2\" content=\"1 minuto\" \/>\n<script type=\"application\/ld+json\" class=\"yoast-schema-graph\">{\"@context\":\"https:\\\/\\\/schema.org\",\"@graph\":[{\"@type\":\"Article\",\"@id\":\"https:\\\/\\\/aconteceunovale.com.br\\\/portal\\\/?p=185408#article\",\"isPartOf\":{\"@id\":\"https:\\\/\\\/aconteceunovale.com.br\\\/portal\\\/?p=185408\"},\"author\":{\"name\":\"Reda\u00e7\u00e3o Aconteceu no Vale\",\"@id\":\"https:\\\/\\\/aconteceunovale.com.br\\\/portal\\\/#\\\/schema\\\/person\\\/7d2f26d1483f8a63de73da1ee0754d35\"},\"headline\":\"N\u00famero de acidentes nas rodovias federais do Brasil cai no feriado da virada\",\"datePublished\":\"2022-01-03T23:05:00+00:00\",\"dateModified\":\"2022-01-03T23:06:36+00:00\",\"mainEntityOfPage\":{\"@id\":\"https:\\\/\\\/aconteceunovale.com.br\\\/portal\\\/?p=185408\"},\"wordCount\":253,\"commentCount\":0,\"image\":{\"@id\":\"https:\\\/\\\/aconteceunovale.com.br\\\/portal\\\/?p=185408#primaryimage\"},\"thumbnailUrl\":\"https:\\\/\\\/aconteceunovale.com.br\\\/portal\\\/wp-content\\\/uploads\\\/2021\\\/10\\\/prf_operacao_feriado.jpg\",\"keywords\":[\"brasil\",\"Dicas para quem vai viajar\",\"Dicas para viagens no final de ano\",\"Fiscaliza\u00e7\u00e3o nas estradas do Brasil\",\"Opera\u00e7\u00e3o Ano Novo 2022\",\"Opera\u00e7\u00e3o Ano Novo 2022 da PRF\",\"Opera\u00e7\u00e3o Ano Novo da PRF\",\"Opera\u00e7\u00e3o nas estradas do Brasil\"],\"articleSection\":[\"Brasil\"],\"inLanguage\":\"pt-BR\",\"potentialAction\":[{\"@type\":\"CommentAction\",\"name\":\"Comment\",\"target\":[\"https:\\\/\\\/aconteceunovale.com.br\\\/portal\\\/?p=185408#respond\"]}]},{\"@type\":\"WebPage\",\"@id\":\"https:\\\/\\\/aconteceunovale.com.br\\\/portal\\\/?p=185408\",\"url\":\"https:\\\/\\\/aconteceunovale.com.br\\\/portal\\\/?p=185408\",\"name\":\"N\u00famero de acidentes nas rodovias federais do Brasil cai no feriado da virada - Aconteceu no Vale\",\"isPartOf\":{\"@id\":\"https:\\\/\\\/aconteceunovale.com.br\\\/portal\\\/#website\"},\"primaryImageOfPage\":{\"@id\":\"https:\\\/\\\/aconteceunovale.com.br\\\/portal\\\/?p=185408#primaryimage\"},\"image\":{\"@id\":\"https:\\\/\\\/aconteceunovale.com.br\\\/portal\\\/?p=185408#primaryimage\"},\"thumbnailUrl\":\"https:\\\/\\\/aconteceunovale.com.br\\\/portal\\\/wp-content\\\/uploads\\\/2021\\\/10\\\/prf_operacao_feriado.jpg\",\"datePublished\":\"2022-01-03T23:05:00+00:00\",\"dateModified\":\"2022-01-03T23:06:36+00:00\",\"author\":{\"@id\":\"https:\\\/\\\/aconteceunovale.com.br\\\/portal\\\/#\\\/schema\\\/person\\\/7d2f26d1483f8a63de73da1ee0754d35\"},\"breadcrumb\":{\"@id\":\"https:\\\/\\\/aconteceunovale.com.br\\\/portal\\\/?p=185408#breadcrumb\"},\"inLanguage\":\"pt-BR\",\"potentialAction\":[{\"@type\":\"ReadAction\",\"target\":[\"https:\\\/\\\/aconteceunovale.com.br\\\/portal\\\/?p=185408\"]}]},{\"@type\":\"ImageObject\",\"inLanguage\":\"pt-BR\",\"@id\":\"https:\\\/\\\/aconteceunovale.com.br\\\/portal\\\/?p=185408#primaryimage\",\"url\":\"https:\\\/\\\/aconteceunovale.com.br\\\/portal\\\/wp-content\\\/uploads\\\/2021\\\/10\\\/prf_operacao_feriado.jpg\",\"contentUrl\":\"https:\\\/\\\/aconteceunovale.com.br\\\/portal\\\/wp-content\\\/uploads\\\/2021\\\/10\\\/prf_operacao_feriado.jpg\",\"width\":678,\"height\":406,\"caption\":\"A Pol\u00edcia Rodovi\u00e1ria Federal (PRF) informa que todas as rodovias federais na Bahia encontram-se com o livre fluxo de ve\u00edculos, n\u00e3o havendo nenhum ponto de reten\u00e7\u00e3o total ou parcial\"},{\"@type\":\"BreadcrumbList\",\"@id\":\"https:\\\/\\\/aconteceunovale.com.br\\\/portal\\\/?p=185408#breadcrumb\",\"itemListElement\":[{\"@type\":\"ListItem\",\"position\":1,\"name\":\"In\u00edcio\",\"item\":\"https:\\\/\\\/aconteceunovale.com.br\\\/portal\\\/\"},{\"@type\":\"ListItem\",\"position\":2,\"name\":\"N\u00famero de acidentes nas rodovias federais do Brasil cai no feriado da virada\"}]},{\"@type\":\"WebSite\",\"@id\":\"https:\\\/\\\/aconteceunovale.com.br\\\/portal\\\/#website\",\"url\":\"https:\\\/\\\/aconteceunovale.com.br\\\/portal\\\/\",\"name\":\"Aconteceu no Vale\",\"description\":\"Portal de Not\u00edcias\",\"potentialAction\":[{\"@type\":\"SearchAction\",\"target\":{\"@type\":\"EntryPoint\",\"urlTemplate\":\"https:\\\/\\\/aconteceunovale.com.br\\\/portal\\\/?s={search_term_string}\"},\"query-input\":{\"@type\":\"PropertyValueSpecification\",\"valueRequired\":true,\"valueName\":\"search_term_string\"}}],\"inLanguage\":\"pt-BR\"},{\"@type\":\"Person\",\"@id\":\"https:\\\/\\\/aconteceunovale.com.br\\\/portal\\\/#\\\/schema\\\/person\\\/7d2f26d1483f8a63de73da1ee0754d35\",\"name\":\"Reda\u00e7\u00e3o Aconteceu no Vale\",\"description\":\"Equipe de reportagem do Aconteceu no Vale, portal de not\u00edcias do Vale do Jequitinhonha, em Minas Gerais. Cobrimos as 51 cidades do Vale desde 2013. Sugest\u00f5es de pauta e pedidos de corre\u00e7\u00e3o: contato@aconteceunovale.com.br\",\"url\":\"https:\\\/\\\/aconteceunovale.com.br\\\/portal\\\/?author=4\"}]}<\/script>\n<!-- \/ Yoast SEO plugin. -->","yoast_head_json":{"title":"N\u00famero de acidentes nas rodovias federais do Brasil cai no feriado da virada - Aconteceu no Vale","robots":{"index":"index","follow":"follow","max-snippet":"max-snippet:-1","max-image-preview":"max-image-preview:large","max-video-preview":"max-video-preview:-1"},"canonical":"https:\/\/aconteceunovale.com.br\/portal\/?p=185408","og_locale":"pt_BR","og_type":"article","og_title":"N\u00famero de acidentes nas rodovias federais do Brasil cai no feriado da virada - Aconteceu no Vale","og_description":"A Pol\u00edcia Rodovi\u00e1ria Federal (PRF) registrou, no feriado da virada de 2021 para 2022, 65 mortes em acidentes nas rodovias federais do pa\u00eds. O n\u00famero \u00e9 um pouco maior que o do feriado do ano anterior, quando 62 pessoas morreram em desastres nas estradas. O n\u00famero de feridos em acidentes rodovi\u00e1rios tamb\u00e9m aumentou, passando de [&hellip;]","og_url":"https:\/\/aconteceunovale.com.br\/portal\/?p=185408","og_site_name":"Aconteceu no Vale","article_publisher":"https:\/\/www.facebook.com\/aconteceunovale\/","article_published_time":"2022-01-03T23:05:00+00:00","article_modified_time":"2022-01-03T23:06:36+00:00","og_image":[{"width":678,"height":406,"url":"https:\/\/aconteceunovale.com.br\/portal\/wp-content\/uploads\/2021\/10\/prf_operacao_feriado.jpg","type":"image\/jpeg"}],"author":"Reda\u00e7\u00e3o Aconteceu no Vale","twitter_card":"summary_large_image","twitter_creator":"@noticiadosvales","twitter_site":"@noticiadosvales","twitter_misc":{"Escrito por":"Reda\u00e7\u00e3o Aconteceu no Vale","Est. tempo de leitura":"1 minuto"},"schema":{"@context":"https:\/\/schema.org","@graph":[{"@type":"Article","@id":"https:\/\/aconteceunovale.com.br\/portal\/?p=185408#article","isPartOf":{"@id":"https:\/\/aconteceunovale.com.br\/portal\/?p=185408"},"author":{"name":"Reda\u00e7\u00e3o Aconteceu no Vale","@id":"https:\/\/aconteceunovale.com.br\/portal\/#\/schema\/person\/7d2f26d1483f8a63de73da1ee0754d35"},"headline":"N\u00famero de acidentes nas rodovias federais do Brasil cai no feriado da virada","datePublished":"2022-01-03T23:05:00+00:00","dateModified":"2022-01-03T23:06:36+00:00","mainEntityOfPage":{"@id":"https:\/\/aconteceunovale.com.br\/portal\/?p=185408"},"wordCount":253,"commentCount":0,"image":{"@id":"https:\/\/aconteceunovale.com.br\/portal\/?p=185408#primaryimage"},"thumbnailUrl":"https:\/\/aconteceunovale.com.br\/portal\/wp-content\/uploads\/2021\/10\/prf_operacao_feriado.jpg","keywords":["brasil","Dicas para quem vai viajar","Dicas para viagens no final de ano","Fiscaliza\u00e7\u00e3o nas estradas do Brasil","Opera\u00e7\u00e3o Ano Novo 2022","Opera\u00e7\u00e3o Ano Novo 2022 da PRF","Opera\u00e7\u00e3o Ano Novo da PRF","Opera\u00e7\u00e3o nas estradas do Brasil"],"articleSection":["Brasil"],"inLanguage":"pt-BR","potentialAction":[{"@type":"CommentAction","name":"Comment","target":["https:\/\/aconteceunovale.com.br\/portal\/?p=185408#respond"]}]},{"@type":"WebPage","@id":"https:\/\/aconteceunovale.com.br\/portal\/?p=185408","url":"https:\/\/aconteceunovale.com.br\/portal\/?p=185408","name":"N\u00famero de acidentes nas rodovias federais do Brasil cai no feriado da virada - Aconteceu no Vale","isPartOf":{"@id":"https:\/\/aconteceunovale.com.br\/portal\/#website"},"primaryImageOfPage":{"@id":"https:\/\/aconteceunovale.com.br\/portal\/?p=185408#primaryimage"},"image":{"@id":"https:\/\/aconteceunovale.com.br\/portal\/?p=185408#primaryimage"},"thumbnailUrl":"https:\/\/aconteceunovale.com.br\/portal\/wp-content\/uploads\/2021\/10\/prf_operacao_feriado.jpg","datePublished":"2022-01-03T23:05:00+00:00","dateModified":"2022-01-03T23:06:36+00:00","author":{"@id":"https:\/\/aconteceunovale.com.br\/portal\/#\/schema\/person\/7d2f26d1483f8a63de73da1ee0754d35"},"breadcrumb":{"@id":"https:\/\/aconteceunovale.com.br\/portal\/?p=185408#breadcrumb"},"inLanguage":"pt-BR","potentialAction":[{"@type":"ReadAction","target":["https:\/\/aconteceunovale.com.br\/portal\/?p=185408"]}]},{"@type":"ImageObject","inLanguage":"pt-BR","@id":"https:\/\/aconteceunovale.com.br\/portal\/?p=185408#primaryimage","url":"https:\/\/aconteceunovale.com.br\/portal\/wp-content\/uploads\/2021\/10\/prf_operacao_feriado.jpg","contentUrl":"https:\/\/aconteceunovale.com.br\/portal\/wp-content\/uploads\/2021\/10\/prf_operacao_feriado.jpg","width":678,"height":406,"caption":"A Pol\u00edcia Rodovi\u00e1ria Federal (PRF) informa que todas as rodovias federais na Bahia encontram-se com o livre fluxo de ve\u00edculos, n\u00e3o havendo nenhum ponto de reten\u00e7\u00e3o total ou parcial"},{"@type":"BreadcrumbList","@id":"https:\/\/aconteceunovale.com.br\/portal\/?p=185408#breadcrumb","itemListElement":[{"@type":"ListItem","position":1,"name":"In\u00edcio","item":"https:\/\/aconteceunovale.com.br\/portal\/"},{"@type":"ListItem","position":2,"name":"N\u00famero de acidentes nas rodovias federais do Brasil cai no feriado da virada"}]},{"@type":"WebSite","@id":"https:\/\/aconteceunovale.com.br\/portal\/#website","url":"https:\/\/aconteceunovale.com.br\/portal\/","name":"Aconteceu no Vale","description":"Portal de Not\u00edcias","potentialAction":[{"@type":"SearchAction","target":{"@type":"EntryPoint","urlTemplate":"https:\/\/aconteceunovale.com.br\/portal\/?s={search_term_string}"},"query-input":{"@type":"PropertyValueSpecification","valueRequired":true,"valueName":"search_term_string"}}],"inLanguage":"pt-BR"},{"@type":"Person","@id":"https:\/\/aconteceunovale.com.br\/portal\/#\/schema\/person\/7d2f26d1483f8a63de73da1ee0754d35","name":"Reda\u00e7\u00e3o Aconteceu no Vale","description":"Equipe de reportagem do Aconteceu no Vale, portal de not\u00edcias do Vale do Jequitinhonha, em Minas Gerais. Cobrimos as 51 cidades do Vale desde 2013. Sugest\u00f5es de pauta e pedidos de corre\u00e7\u00e3o: contato@aconteceunovale.com.br","url":"https:\/\/aconteceunovale.com.br\/portal\/?author=4"}]}},"_links":{"self":[{"href":"https:\/\/aconteceunovale.com.br\/portal\/index.php?rest_route=\/wp\/v2\/posts\/185408","targetHints":{"allow":["GET"]}}],"collection":[{"href":"https:\/\/aconteceunovale.com.br\/portal\/index.php?rest_route=\/wp\/v2\/posts"}],"about":[{"href":"https:\/\/aconteceunovale.com.br\/portal\/index.php?rest_route=\/wp\/v2\/types\/post"}],"author":[{"embeddable":true,"href":"https:\/\/aconteceunovale.com.br\/portal\/index.php?rest_route=\/wp\/v2\/users\/4"}],"replies":[{"embeddable":true,"href":"https:\/\/aconteceunovale.com.br\/portal\/index.php?rest_route=%2Fwp%2Fv2%2Fcomments&post=185408"}],"version-history":[{"count":1,"href":"https:\/\/aconteceunovale.com.br\/portal\/index.php?rest_route=\/wp\/v2\/posts\/185408\/revisions"}],"predecessor-version":[{"id":185409,"href":"https:\/\/aconteceunovale.com.br\/portal\/index.php?rest_route=\/wp\/v2\/posts\/185408\/revisions\/185409"}],"wp:featuredmedia":[{"embeddable":true,"href":"https:\/\/aconteceunovale.com.br\/portal\/index.php?rest_route=\/wp\/v2\/media\/182771"}],"wp:attachment":[{"href":"https:\/\/aconteceunovale.com.br\/portal\/index.php?rest_route=%2Fwp%2Fv2%2Fmedia&parent=185408"}],"wp:term":[{"taxonomy":"category","embeddable":true,"href":"https:\/\/aconteceunovale.com.br\/portal\/index.php?rest_route=%2Fwp%2Fv2%2Fcategories&post=185408"},{"taxonomy":"post_tag","embeddable":true,"href":"https:\/\/aconteceunovale.com.br\/portal\/index.php?rest_route=%2Fwp%2Fv2%2Ftags&post=185408"}],"curies":[{"name":"wp","href":"https:\/\/api.w.org\/{rel}","templated":true}]}}