{"id":185400,"date":"2022-01-03T19:07:09","date_gmt":"2022-01-03T22:07:09","guid":{"rendered":"https:\/\/aconteceunovale.com.br\/portal\/?p=185400"},"modified":"2022-01-03T19:08:12","modified_gmt":"2022-01-03T22:08:12","slug":"conselho-nacional-de-transito-restabelece-prazo-de-12-meses-para-tirar-a-carteira-de-habilitacao","status":"publish","type":"post","link":"https:\/\/aconteceunovale.com.br\/portal\/?p=185400","title":{"rendered":"Conselho Nacional de Tr\u00e2nsito restabelece prazo de 12 meses para tirar a Carteira de Habilita\u00e7\u00e3o"},"content":{"rendered":"\n<p class=\"wp-block-paragraph\">O Conselho Nacional de Tr\u00e2nsito (Contran) restabeleceu o prazo m\u00e1ximo de 12 meses para conclus\u00e3o do processo para tirar a Carteira Nacional de Habilita\u00e7\u00e3o (CNH), contado a partir de 1\u00ba de janeiro de 2022. A decis\u00e3o \u00e9 da semana passada e foi publicada no\u00a0<em>Di\u00e1rio Oficial da Uni\u00e3o<\/em>\u00a0como\u00a0<a rel=\"noreferrer noopener\" href=\"https:\/\/www.gov.br\/infraestrutura\/pt-br\/assuntos\/transito\/conteudo-contran\/deliberacoes\/Deliberacao2482021.pdf\" target=\"_blank\">Delibera\u00e7\u00e3o Contran n\u00ba 248\/21<\/a>.<\/p>\n\n\n\n<figure class=\"wp-block-gallery aligncenter columns-1 is-cropped wp-block-gallery-1 is-layout-flex wp-block-gallery-is-layout-flex\"><ul class=\"blocks-gallery-grid\"><li class=\"blocks-gallery-item\"><figure><img loading=\"lazy\" decoding=\"async\" width=\"604\" height=\"450\" src=\"https:\/\/aconteceunovale.com.br\/portal\/wp-content\/uploads\/2022\/01\/nova_cnh.jpg\" alt=\"\" data-id=\"185401\" data-full-url=\"https:\/\/aconteceunovale.com.br\/portal\/wp-content\/uploads\/2022\/01\/nova_cnh.jpg\" data-link=\"https:\/\/aconteceunovale.com.br\/portal\/?attachment_id=185401\" class=\"wp-image-185401\" srcset=\"https:\/\/aconteceunovale.com.br\/portal\/wp-content\/uploads\/2022\/01\/nova_cnh.jpg 604w, https:\/\/aconteceunovale.com.br\/portal\/wp-content\/uploads\/2022\/01\/nova_cnh-300x224.jpg 300w, https:\/\/aconteceunovale.com.br\/portal\/wp-content\/uploads\/2022\/01\/nova_cnh-80x60.jpg 80w, https:\/\/aconteceunovale.com.br\/portal\/wp-content\/uploads\/2022\/01\/nova_cnh-265x198.jpg 265w, https:\/\/aconteceunovale.com.br\/portal\/wp-content\/uploads\/2022\/01\/nova_cnh-485x360.jpg 485w, https:\/\/aconteceunovale.com.br\/portal\/wp-content\/uploads\/2022\/01\/nova_cnh-564x420.jpg 564w\" sizes=\"auto, (max-width: 604px) 100vw, 604px\" \/><figcaption class=\"blocks-gallery-item__caption\"><em>Carteira Nacional de Habilita\u00e7\u00e3o (CNH) &#8211; Foto: Divulga\u00e7\u00e3o \/ Minist\u00e9rio da Infraestrutura<\/em><\/figcaption><\/figure><\/li><\/ul><\/figure>\n\n\n\n<p class=\"wp-block-paragraph\">O prazo para tirar a CNH estava suspenso por tempo indeterminado, como medida para diminuir os impactos da pandemia da covid-19 no Brasil. Pela decis\u00e3o do Contran, quem tinha processo ativo at\u00e9 31 de dezembro de 2020, agora ter\u00e1 at\u00e9 31 de dezembro de 2022 para conclui-lo.<\/p>\n\n\n\n<p class=\"wp-block-paragraph\">Atualmente, o processo para requerer a carteira de habilita\u00e7\u00e3o inclui exames de aptid\u00e3o f\u00edsica e psicol\u00f3gica e aulas te\u00f3ricas com dura\u00e7\u00e3o de 45 horas\/aula, seguidas de uma prova. Na etapa seguinte, \u00e9 preciso fazer um curso pr\u00e1tico de dire\u00e7\u00e3o com, no m\u00ednimo, 20 horas\/aula tanto para a categoria A (motocicleta) quanto para categoria B (autom\u00f3vel). Ap\u00f3s todas essas etapas, o candidato faz a prova pr\u00e1tica.<\/p>\n\n\n\n<h2 class=\"wp-block-heading\">Autoescolas<\/h2>\n\n\n\n<p class=\"wp-block-paragraph\">O Contran tamb\u00e9m prorrogou, por um ano, contado desde 3 de novembro de 2021, os prazos para uso dos ve\u00edculos de aprendizagem em centros de forma\u00e7\u00e3o de condutores.<\/p>\n\n\n\n<p class=\"wp-block-paragraph\">Pelas regras, os ve\u00edculos utilizados por autoescolas devem ter tempo m\u00e1ximo de uso. Na categoria A, por exemplo, o prazo \u00e9 de cinco anos, exclu\u00eddo o ano de fabrica\u00e7\u00e3o. Para a categoria B, o prazo \u00e9 de at\u00e9 oito anos, sem contar o ano de fabrica\u00e7\u00e3o.<\/p>\n\n\n\n<p class=\"wp-block-paragraph\">&#8212;&#8212;&#8212;&#8212;&#8212;&#8212;<br><em>Quer receber as not\u00edcias do <strong>Aconteceu no Vale<\/strong> em primeira m\u00e3o? Siga-nos no Facebook <a rel=\"noreferrer noopener\" href=\"http:\/\/facebook.com\/aconteceunovale\" target=\"_blank\">@aconteceunovale<\/a>, Twitter <a rel=\"noreferrer noopener\" href=\"https:\/\/twitter.com\/noticiadosvales\" target=\"_blank\">@noticiadosvales<\/a> e Instagram <a rel=\"noreferrer noopener\" href=\"https:\/\/www.instagram.com\/aconteceunovale\" target=\"_blank\">@aconteceunovale<\/a>.<\/em><\/p>\n","protected":false},"excerpt":{"rendered":"<p>O Conselho Nacional de Tr\u00e2nsito (Contran) restabeleceu o prazo m\u00e1ximo de 12 meses para conclus\u00e3o do processo para tirar a Carteira Nacional de Habilita\u00e7\u00e3o (CNH), contado a partir de 1\u00ba de janeiro de 2022. A decis\u00e3o \u00e9 da semana passada e foi publicada no\u00a0Di\u00e1rio Oficial da Uni\u00e3o\u00a0como\u00a0Delibera\u00e7\u00e3o Contran n\u00ba 248\/21. O prazo para tirar a [&hellip;]<\/p>\n","protected":false},"author":4,"featured_media":185401,"comment_status":"open","ping_status":"closed","sticky":false,"template":"","format":"standard","meta":{"amp_status":"","footnotes":""},"categories":[6],"tags":[22942,28934,25297,26339,206385,256783,170687,256782],"class_list":["post-185400","post","type-post","status-publish","format-standard","has-post-thumbnail","hentry","category-br","tag-carteira-nacional-de-habilitacao","tag-conselho-nacional-de-transito","tag-contran","tag-nova-cnh","tag-novas-regras-para-tirar-cnh","tag-prazo-para-tirar-cnh","tag-regras-cnh","tag-regras-para-tirar-cnh"],"yoast_head":"<!-- This site is optimized with the Yoast SEO plugin v28.3 - https:\/\/yoast.com\/product\/yoast-seo-wordpress\/ -->\n<title>Conselho Nacional de Tr\u00e2nsito restabelece prazo de 12 meses para tirar a Carteira de Habilita\u00e7\u00e3o - Aconteceu no Vale<\/title>\n<meta name=\"robots\" content=\"index, follow, max-snippet:-1, max-image-preview:large, max-video-preview:-1\" \/>\n<link rel=\"canonical\" href=\"https:\/\/aconteceunovale.com.br\/portal\/?p=185400\" \/>\n<meta property=\"og:locale\" content=\"pt_BR\" \/>\n<meta property=\"og:type\" content=\"article\" \/>\n<meta property=\"og:title\" content=\"Conselho Nacional de Tr\u00e2nsito restabelece prazo de 12 meses para tirar a Carteira de Habilita\u00e7\u00e3o - Aconteceu no Vale\" \/>\n<meta property=\"og:description\" content=\"O Conselho Nacional de Tr\u00e2nsito (Contran) restabeleceu o prazo m\u00e1ximo de 12 meses para conclus\u00e3o do processo para tirar a Carteira Nacional de Habilita\u00e7\u00e3o (CNH), contado a partir de 1\u00ba de janeiro de 2022. A decis\u00e3o \u00e9 da semana passada e foi publicada no\u00a0Di\u00e1rio Oficial da Uni\u00e3o\u00a0como\u00a0Delibera\u00e7\u00e3o Contran n\u00ba 248\/21. O prazo para tirar a [&hellip;]\" \/>\n<meta property=\"og:url\" content=\"https:\/\/aconteceunovale.com.br\/portal\/?p=185400\" \/>\n<meta property=\"og:site_name\" content=\"Aconteceu no Vale\" \/>\n<meta property=\"article:publisher\" content=\"https:\/\/www.facebook.com\/aconteceunovale\/\" \/>\n<meta property=\"article:published_time\" content=\"2022-01-03T22:07:09+00:00\" \/>\n<meta property=\"article:modified_time\" content=\"2022-01-03T22:08:12+00:00\" \/>\n<meta property=\"og:image\" content=\"https:\/\/aconteceunovale.com.br\/portal\/wp-content\/uploads\/2022\/01\/nova_cnh.jpg\" \/>\n\t<meta property=\"og:image:width\" content=\"604\" \/>\n\t<meta property=\"og:image:height\" content=\"450\" \/>\n\t<meta property=\"og:image:type\" content=\"image\/jpeg\" \/>\n<meta name=\"author\" content=\"Reda\u00e7\u00e3o Aconteceu no Vale\" \/>\n<meta name=\"twitter:card\" content=\"summary_large_image\" \/>\n<meta name=\"twitter:creator\" content=\"@noticiadosvales\" \/>\n<meta name=\"twitter:site\" content=\"@noticiadosvales\" \/>\n<meta name=\"twitter:label1\" content=\"Escrito por\" \/>\n\t<meta name=\"twitter:data1\" content=\"Reda\u00e7\u00e3o Aconteceu no Vale\" \/>\n\t<meta name=\"twitter:label2\" content=\"Est. tempo de leitura\" \/>\n\t<meta name=\"twitter:data2\" content=\"1 minuto\" \/>\n<script type=\"application\/ld+json\" class=\"yoast-schema-graph\">{\"@context\":\"https:\\\/\\\/schema.org\",\"@graph\":[{\"@type\":\"Article\",\"@id\":\"https:\\\/\\\/aconteceunovale.com.br\\\/portal\\\/?p=185400#article\",\"isPartOf\":{\"@id\":\"https:\\\/\\\/aconteceunovale.com.br\\\/portal\\\/?p=185400\"},\"author\":{\"name\":\"Reda\u00e7\u00e3o Aconteceu no Vale\",\"@id\":\"https:\\\/\\\/aconteceunovale.com.br\\\/portal\\\/#\\\/schema\\\/person\\\/7d2f26d1483f8a63de73da1ee0754d35\"},\"headline\":\"Conselho Nacional de Tr\u00e2nsito restabelece prazo de 12 meses para tirar a Carteira de Habilita\u00e7\u00e3o\",\"datePublished\":\"2022-01-03T22:07:09+00:00\",\"dateModified\":\"2022-01-03T22:08:12+00:00\",\"mainEntityOfPage\":{\"@id\":\"https:\\\/\\\/aconteceunovale.com.br\\\/portal\\\/?p=185400\"},\"wordCount\":308,\"commentCount\":0,\"image\":{\"@id\":\"https:\\\/\\\/aconteceunovale.com.br\\\/portal\\\/?p=185400#primaryimage\"},\"thumbnailUrl\":\"https:\\\/\\\/aconteceunovale.com.br\\\/portal\\\/wp-content\\\/uploads\\\/2022\\\/01\\\/nova_cnh.jpg\",\"keywords\":[\"Carteira Nacional de Habilita\u00e7\u00e3o\",\"Conselho Nacional de Tr\u00e2nsito\",\"Contran\",\"nova cnh\",\"Novas regras para tirar CNH\",\"Prazo para tirar CNH\",\"Regras CNH\",\"Regras para tirar CNH\"],\"articleSection\":[\"Brasil\"],\"inLanguage\":\"pt-BR\",\"potentialAction\":[{\"@type\":\"CommentAction\",\"name\":\"Comment\",\"target\":[\"https:\\\/\\\/aconteceunovale.com.br\\\/portal\\\/?p=185400#respond\"]}]},{\"@type\":\"WebPage\",\"@id\":\"https:\\\/\\\/aconteceunovale.com.br\\\/portal\\\/?p=185400\",\"url\":\"https:\\\/\\\/aconteceunovale.com.br\\\/portal\\\/?p=185400\",\"name\":\"Conselho Nacional de Tr\u00e2nsito restabelece prazo de 12 meses para tirar a Carteira de Habilita\u00e7\u00e3o - Aconteceu no Vale\",\"isPartOf\":{\"@id\":\"https:\\\/\\\/aconteceunovale.com.br\\\/portal\\\/#website\"},\"primaryImageOfPage\":{\"@id\":\"https:\\\/\\\/aconteceunovale.com.br\\\/portal\\\/?p=185400#primaryimage\"},\"image\":{\"@id\":\"https:\\\/\\\/aconteceunovale.com.br\\\/portal\\\/?p=185400#primaryimage\"},\"thumbnailUrl\":\"https:\\\/\\\/aconteceunovale.com.br\\\/portal\\\/wp-content\\\/uploads\\\/2022\\\/01\\\/nova_cnh.jpg\",\"datePublished\":\"2022-01-03T22:07:09+00:00\",\"dateModified\":\"2022-01-03T22:08:12+00:00\",\"author\":{\"@id\":\"https:\\\/\\\/aconteceunovale.com.br\\\/portal\\\/#\\\/schema\\\/person\\\/7d2f26d1483f8a63de73da1ee0754d35\"},\"breadcrumb\":{\"@id\":\"https:\\\/\\\/aconteceunovale.com.br\\\/portal\\\/?p=185400#breadcrumb\"},\"inLanguage\":\"pt-BR\",\"potentialAction\":[{\"@type\":\"ReadAction\",\"target\":[\"https:\\\/\\\/aconteceunovale.com.br\\\/portal\\\/?p=185400\"]}]},{\"@type\":\"ImageObject\",\"inLanguage\":\"pt-BR\",\"@id\":\"https:\\\/\\\/aconteceunovale.com.br\\\/portal\\\/?p=185400#primaryimage\",\"url\":\"https:\\\/\\\/aconteceunovale.com.br\\\/portal\\\/wp-content\\\/uploads\\\/2022\\\/01\\\/nova_cnh.jpg\",\"contentUrl\":\"https:\\\/\\\/aconteceunovale.com.br\\\/portal\\\/wp-content\\\/uploads\\\/2022\\\/01\\\/nova_cnh.jpg\",\"width\":604,\"height\":450,\"caption\":\"Carteira Nacional de Habilita\u00e7\u00e3o (CNH)\"},{\"@type\":\"BreadcrumbList\",\"@id\":\"https:\\\/\\\/aconteceunovale.com.br\\\/portal\\\/?p=185400#breadcrumb\",\"itemListElement\":[{\"@type\":\"ListItem\",\"position\":1,\"name\":\"In\u00edcio\",\"item\":\"https:\\\/\\\/aconteceunovale.com.br\\\/portal\\\/\"},{\"@type\":\"ListItem\",\"position\":2,\"name\":\"Conselho Nacional de Tr\u00e2nsito restabelece prazo de 12 meses para tirar a Carteira de Habilita\u00e7\u00e3o\"}]},{\"@type\":\"WebSite\",\"@id\":\"https:\\\/\\\/aconteceunovale.com.br\\\/portal\\\/#website\",\"url\":\"https:\\\/\\\/aconteceunovale.com.br\\\/portal\\\/\",\"name\":\"Aconteceu no Vale\",\"description\":\"Portal de Not\u00edcias\",\"potentialAction\":[{\"@type\":\"SearchAction\",\"target\":{\"@type\":\"EntryPoint\",\"urlTemplate\":\"https:\\\/\\\/aconteceunovale.com.br\\\/portal\\\/?s={search_term_string}\"},\"query-input\":{\"@type\":\"PropertyValueSpecification\",\"valueRequired\":true,\"valueName\":\"search_term_string\"}}],\"inLanguage\":\"pt-BR\"},{\"@type\":\"Person\",\"@id\":\"https:\\\/\\\/aconteceunovale.com.br\\\/portal\\\/#\\\/schema\\\/person\\\/7d2f26d1483f8a63de73da1ee0754d35\",\"name\":\"Reda\u00e7\u00e3o Aconteceu no Vale\",\"description\":\"Equipe de reportagem do Aconteceu no Vale, portal de not\u00edcias do Vale do Jequitinhonha, em Minas Gerais. Cobrimos as 51 cidades do Vale desde 2013. Sugest\u00f5es de pauta e pedidos de corre\u00e7\u00e3o: contato@aconteceunovale.com.br\",\"url\":\"https:\\\/\\\/aconteceunovale.com.br\\\/portal\\\/?author=4\"}]}<\/script>\n<!-- \/ Yoast SEO plugin. -->","yoast_head_json":{"title":"Conselho Nacional de Tr\u00e2nsito restabelece prazo de 12 meses para tirar a Carteira de Habilita\u00e7\u00e3o - Aconteceu no Vale","robots":{"index":"index","follow":"follow","max-snippet":"max-snippet:-1","max-image-preview":"max-image-preview:large","max-video-preview":"max-video-preview:-1"},"canonical":"https:\/\/aconteceunovale.com.br\/portal\/?p=185400","og_locale":"pt_BR","og_type":"article","og_title":"Conselho Nacional de Tr\u00e2nsito restabelece prazo de 12 meses para tirar a Carteira de Habilita\u00e7\u00e3o - Aconteceu no Vale","og_description":"O Conselho Nacional de Tr\u00e2nsito (Contran) restabeleceu o prazo m\u00e1ximo de 12 meses para conclus\u00e3o do processo para tirar a Carteira Nacional de Habilita\u00e7\u00e3o (CNH), contado a partir de 1\u00ba de janeiro de 2022. A decis\u00e3o \u00e9 da semana passada e foi publicada no\u00a0Di\u00e1rio Oficial da Uni\u00e3o\u00a0como\u00a0Delibera\u00e7\u00e3o Contran n\u00ba 248\/21. O prazo para tirar a [&hellip;]","og_url":"https:\/\/aconteceunovale.com.br\/portal\/?p=185400","og_site_name":"Aconteceu no Vale","article_publisher":"https:\/\/www.facebook.com\/aconteceunovale\/","article_published_time":"2022-01-03T22:07:09+00:00","article_modified_time":"2022-01-03T22:08:12+00:00","og_image":[{"width":604,"height":450,"url":"https:\/\/aconteceunovale.com.br\/portal\/wp-content\/uploads\/2022\/01\/nova_cnh.jpg","type":"image\/jpeg"}],"author":"Reda\u00e7\u00e3o Aconteceu no Vale","twitter_card":"summary_large_image","twitter_creator":"@noticiadosvales","twitter_site":"@noticiadosvales","twitter_misc":{"Escrito por":"Reda\u00e7\u00e3o Aconteceu no Vale","Est. tempo de leitura":"1 minuto"},"schema":{"@context":"https:\/\/schema.org","@graph":[{"@type":"Article","@id":"https:\/\/aconteceunovale.com.br\/portal\/?p=185400#article","isPartOf":{"@id":"https:\/\/aconteceunovale.com.br\/portal\/?p=185400"},"author":{"name":"Reda\u00e7\u00e3o Aconteceu no Vale","@id":"https:\/\/aconteceunovale.com.br\/portal\/#\/schema\/person\/7d2f26d1483f8a63de73da1ee0754d35"},"headline":"Conselho Nacional de Tr\u00e2nsito restabelece prazo de 12 meses para tirar a Carteira de Habilita\u00e7\u00e3o","datePublished":"2022-01-03T22:07:09+00:00","dateModified":"2022-01-03T22:08:12+00:00","mainEntityOfPage":{"@id":"https:\/\/aconteceunovale.com.br\/portal\/?p=185400"},"wordCount":308,"commentCount":0,"image":{"@id":"https:\/\/aconteceunovale.com.br\/portal\/?p=185400#primaryimage"},"thumbnailUrl":"https:\/\/aconteceunovale.com.br\/portal\/wp-content\/uploads\/2022\/01\/nova_cnh.jpg","keywords":["Carteira Nacional de Habilita\u00e7\u00e3o","Conselho Nacional de Tr\u00e2nsito","Contran","nova cnh","Novas regras para tirar CNH","Prazo para tirar CNH","Regras CNH","Regras para tirar CNH"],"articleSection":["Brasil"],"inLanguage":"pt-BR","potentialAction":[{"@type":"CommentAction","name":"Comment","target":["https:\/\/aconteceunovale.com.br\/portal\/?p=185400#respond"]}]},{"@type":"WebPage","@id":"https:\/\/aconteceunovale.com.br\/portal\/?p=185400","url":"https:\/\/aconteceunovale.com.br\/portal\/?p=185400","name":"Conselho Nacional de Tr\u00e2nsito restabelece prazo de 12 meses para tirar a Carteira de Habilita\u00e7\u00e3o - Aconteceu no Vale","isPartOf":{"@id":"https:\/\/aconteceunovale.com.br\/portal\/#website"},"primaryImageOfPage":{"@id":"https:\/\/aconteceunovale.com.br\/portal\/?p=185400#primaryimage"},"image":{"@id":"https:\/\/aconteceunovale.com.br\/portal\/?p=185400#primaryimage"},"thumbnailUrl":"https:\/\/aconteceunovale.com.br\/portal\/wp-content\/uploads\/2022\/01\/nova_cnh.jpg","datePublished":"2022-01-03T22:07:09+00:00","dateModified":"2022-01-03T22:08:12+00:00","author":{"@id":"https:\/\/aconteceunovale.com.br\/portal\/#\/schema\/person\/7d2f26d1483f8a63de73da1ee0754d35"},"breadcrumb":{"@id":"https:\/\/aconteceunovale.com.br\/portal\/?p=185400#breadcrumb"},"inLanguage":"pt-BR","potentialAction":[{"@type":"ReadAction","target":["https:\/\/aconteceunovale.com.br\/portal\/?p=185400"]}]},{"@type":"ImageObject","inLanguage":"pt-BR","@id":"https:\/\/aconteceunovale.com.br\/portal\/?p=185400#primaryimage","url":"https:\/\/aconteceunovale.com.br\/portal\/wp-content\/uploads\/2022\/01\/nova_cnh.jpg","contentUrl":"https:\/\/aconteceunovale.com.br\/portal\/wp-content\/uploads\/2022\/01\/nova_cnh.jpg","width":604,"height":450,"caption":"Carteira Nacional de Habilita\u00e7\u00e3o (CNH)"},{"@type":"BreadcrumbList","@id":"https:\/\/aconteceunovale.com.br\/portal\/?p=185400#breadcrumb","itemListElement":[{"@type":"ListItem","position":1,"name":"In\u00edcio","item":"https:\/\/aconteceunovale.com.br\/portal\/"},{"@type":"ListItem","position":2,"name":"Conselho Nacional de Tr\u00e2nsito restabelece prazo de 12 meses para tirar a Carteira de Habilita\u00e7\u00e3o"}]},{"@type":"WebSite","@id":"https:\/\/aconteceunovale.com.br\/portal\/#website","url":"https:\/\/aconteceunovale.com.br\/portal\/","name":"Aconteceu no Vale","description":"Portal de Not\u00edcias","potentialAction":[{"@type":"SearchAction","target":{"@type":"EntryPoint","urlTemplate":"https:\/\/aconteceunovale.com.br\/portal\/?s={search_term_string}"},"query-input":{"@type":"PropertyValueSpecification","valueRequired":true,"valueName":"search_term_string"}}],"inLanguage":"pt-BR"},{"@type":"Person","@id":"https:\/\/aconteceunovale.com.br\/portal\/#\/schema\/person\/7d2f26d1483f8a63de73da1ee0754d35","name":"Reda\u00e7\u00e3o Aconteceu no Vale","description":"Equipe de reportagem do Aconteceu no Vale, portal de not\u00edcias do Vale do Jequitinhonha, em Minas Gerais. Cobrimos as 51 cidades do Vale desde 2013. Sugest\u00f5es de pauta e pedidos de corre\u00e7\u00e3o: contato@aconteceunovale.com.br","url":"https:\/\/aconteceunovale.com.br\/portal\/?author=4"}]}},"_links":{"self":[{"href":"https:\/\/aconteceunovale.com.br\/portal\/index.php?rest_route=\/wp\/v2\/posts\/185400","targetHints":{"allow":["GET"]}}],"collection":[{"href":"https:\/\/aconteceunovale.com.br\/portal\/index.php?rest_route=\/wp\/v2\/posts"}],"about":[{"href":"https:\/\/aconteceunovale.com.br\/portal\/index.php?rest_route=\/wp\/v2\/types\/post"}],"author":[{"embeddable":true,"href":"https:\/\/aconteceunovale.com.br\/portal\/index.php?rest_route=\/wp\/v2\/users\/4"}],"replies":[{"embeddable":true,"href":"https:\/\/aconteceunovale.com.br\/portal\/index.php?rest_route=%2Fwp%2Fv2%2Fcomments&post=185400"}],"version-history":[{"count":1,"href":"https:\/\/aconteceunovale.com.br\/portal\/index.php?rest_route=\/wp\/v2\/posts\/185400\/revisions"}],"predecessor-version":[{"id":185402,"href":"https:\/\/aconteceunovale.com.br\/portal\/index.php?rest_route=\/wp\/v2\/posts\/185400\/revisions\/185402"}],"wp:featuredmedia":[{"embeddable":true,"href":"https:\/\/aconteceunovale.com.br\/portal\/index.php?rest_route=\/wp\/v2\/media\/185401"}],"wp:attachment":[{"href":"https:\/\/aconteceunovale.com.br\/portal\/index.php?rest_route=%2Fwp%2Fv2%2Fmedia&parent=185400"}],"wp:term":[{"taxonomy":"category","embeddable":true,"href":"https:\/\/aconteceunovale.com.br\/portal\/index.php?rest_route=%2Fwp%2Fv2%2Fcategories&post=185400"},{"taxonomy":"post_tag","embeddable":true,"href":"https:\/\/aconteceunovale.com.br\/portal\/index.php?rest_route=%2Fwp%2Fv2%2Ftags&post=185400"}],"curies":[{"name":"wp","href":"https:\/\/api.w.org\/{rel}","templated":true}]}}