{"id":185235,"date":"2021-12-29T10:04:55","date_gmt":"2021-12-29T13:04:55","guid":{"rendered":"https:\/\/aconteceunovale.com.br\/portal\/?p=185235"},"modified":"2021-12-29T10:06:40","modified_gmt":"2021-12-29T13:06:40","slug":"igp-m-fecha-2021-com-inflacao-acumulada-de-1778","status":"publish","type":"post","link":"https:\/\/aconteceunovale.com.br\/portal\/?p=185235","title":{"rendered":"IGP-M fecha 2021 com infla\u00e7\u00e3o acumulada de 17,78%"},"content":{"rendered":"\n<p>O \u00cdndice Geral de Pre\u00e7os \u2013 Mercado (IGP-M), usado no reajuste dos contratos de aluguel no pa\u00eds, fechou 2021 com uma infla\u00e7\u00e3o de 17,78%, acumulada no ano. A taxa ficou abaixo da observada em 2020 (23,14%). O dado foi divulgado hoje (29\/12) pela Funda\u00e7\u00e3o Get\u00falio Vargas (FGV).<\/p>\n\n\n\n<figure class=\"wp-block-gallery columns-1 is-cropped wp-block-gallery-1 is-layout-flex wp-block-gallery-is-layout-flex\"><ul class=\"blocks-gallery-grid\"><li class=\"blocks-gallery-item\"><figure><img loading=\"lazy\" decoding=\"async\" width=\"678\" height=\"406\" src=\"https:\/\/aconteceunovale.com.br\/portal\/wp-content\/uploads\/2021\/12\/calculadora_dinheiro.jpg\" alt=\"\" data-id=\"185236\" data-full-url=\"https:\/\/aconteceunovale.com.br\/portal\/wp-content\/uploads\/2021\/12\/calculadora_dinheiro.jpg\" data-link=\"https:\/\/aconteceunovale.com.br\/portal\/?attachment_id=185236\" class=\"wp-image-185236\" srcset=\"https:\/\/aconteceunovale.com.br\/portal\/wp-content\/uploads\/2021\/12\/calculadora_dinheiro.jpg 678w, https:\/\/aconteceunovale.com.br\/portal\/wp-content\/uploads\/2021\/12\/calculadora_dinheiro-300x180.jpg 300w\" sizes=\"auto, (max-width: 678px) 100vw, 678px\" \/><figcaption class=\"blocks-gallery-item__caption\"><em>Foto: Marcello Casal Jr \/ Ag\u00eancia Brasil<\/em><\/figcaption><\/figure><\/li><\/ul><\/figure>\n\n\n\n<p>A queda foi puxada exclusivamente pelos pre\u00e7os no atacado. O \u00cdndice de Pre\u00e7os ao Produtor Amplo (IPA), que mede o segmento, passou de uma infla\u00e7\u00e3o de 31,63% em 2020 para uma taxa de 20,57% neste ano.<\/p>\n\n\n\n<p>Por outro lado, tanto o \u00cdndice de Pre\u00e7os ao Consumidor (IPC) quanto o \u00cdndice Nacional de Custo da Constru\u00e7\u00e3o (INCC) tiveram alta na taxa.<\/p>\n\n\n\n<p>A infla\u00e7\u00e3o do IPC, que mede o varejo, passou de 4,81% em 2020 para 9,32% neste ano. J\u00e1 o INCC subiu de 8,66% para 14,03% no per\u00edodo.<\/p>\n\n\n\n<p>Em dezembro deste ano, o IGP-M variou 0,87%, acima do 0,02% de novembro, mas abaixo do 0,96% de dezembro de 2020.<\/p>\n\n\n\n<p>&#8212;&#8212;&#8212;&#8212;&#8212;&#8212;<br><em>Quer receber as not\u00edcias do <strong>Aconteceu no Vale<\/strong> em primeira m\u00e3o? Siga-nos no Facebook <a rel=\"noreferrer noopener\" href=\"http:\/\/facebook.com\/aconteceunovale\" target=\"_blank\">@aconteceunovale<\/a>, Twitter <a rel=\"noreferrer noopener\" href=\"https:\/\/twitter.com\/noticiadosvales\" target=\"_blank\">@noticiadosvales<\/a> e Instagram <a rel=\"noreferrer noopener\" href=\"https:\/\/www.instagram.com\/aconteceunovale\" target=\"_blank\">@aconteceunovale<\/a>.<\/em><\/p>\n","protected":false},"excerpt":{"rendered":"<p>O \u00cdndice Geral de Pre\u00e7os \u2013 Mercado (IGP-M), usado no reajuste dos contratos de aluguel no pa\u00eds, fechou 2021 com uma infla\u00e7\u00e3o de 17,78%, acumulada no ano. A taxa ficou abaixo da observada em 2020 (23,14%). O dado foi divulgado hoje (29\/12) pela Funda\u00e7\u00e3o Get\u00falio Vargas (FGV). A queda foi puxada exclusivamente pelos pre\u00e7os no [&hellip;]<\/p>\n","protected":false},"author":4,"featured_media":185236,"comment_status":"open","ping_status":"closed","sticky":false,"template":"","format":"standard","meta":{"amp_status":"","footnotes":""},"categories":[6,40239],"tags":[256477,256476,44600,37230,113218,256473,256475,256474,113228,256478,113229,113225,113219,113227,256479,113226,113230],"class_list":["post-185235","post","type-post","status-publish","format-standard","has-post-thumbnail","hentry","category-br","category-economia-2","tag-aluguel-no-brasil","tag-contratos-de-aluguel-no-brasil","tag-fgv","tag-fundacao-getulio-vargas","tag-igp-m","tag-igp-m-2021","tag-igp-m-dezembro","tag-igp-m-dezembro-de-2021","tag-incc","tag-indice-alugueis-no-brasil","tag-indice-de-precos-ao-consumidor","tag-indice-de-precos-ao-produtor-amplo","tag-indice-geral-de-precos-mercado","tag-indice-nacional-de-custo-da-construcao","tag-inflacao-para-aluguel","tag-ipa","tag-ipc"],"_links":{"self":[{"href":"https:\/\/aconteceunovale.com.br\/portal\/index.php?rest_route=\/wp\/v2\/posts\/185235","targetHints":{"allow":["GET"]}}],"collection":[{"href":"https:\/\/aconteceunovale.com.br\/portal\/index.php?rest_route=\/wp\/v2\/posts"}],"about":[{"href":"https:\/\/aconteceunovale.com.br\/portal\/index.php?rest_route=\/wp\/v2\/types\/post"}],"author":[{"embeddable":true,"href":"https:\/\/aconteceunovale.com.br\/portal\/index.php?rest_route=\/wp\/v2\/users\/4"}],"replies":[{"embeddable":true,"href":"https:\/\/aconteceunovale.com.br\/portal\/index.php?rest_route=%2Fwp%2Fv2%2Fcomments&post=185235"}],"version-history":[{"count":1,"href":"https:\/\/aconteceunovale.com.br\/portal\/index.php?rest_route=\/wp\/v2\/posts\/185235\/revisions"}],"predecessor-version":[{"id":185237,"href":"https:\/\/aconteceunovale.com.br\/portal\/index.php?rest_route=\/wp\/v2\/posts\/185235\/revisions\/185237"}],"wp:featuredmedia":[{"embeddable":true,"href":"https:\/\/aconteceunovale.com.br\/portal\/index.php?rest_route=\/wp\/v2\/media\/185236"}],"wp:attachment":[{"href":"https:\/\/aconteceunovale.com.br\/portal\/index.php?rest_route=%2Fwp%2Fv2%2Fmedia&parent=185235"}],"wp:term":[{"taxonomy":"category","embeddable":true,"href":"https:\/\/aconteceunovale.com.br\/portal\/index.php?rest_route=%2Fwp%2Fv2%2Fcategories&post=185235"},{"taxonomy":"post_tag","embeddable":true,"href":"https:\/\/aconteceunovale.com.br\/portal\/index.php?rest_route=%2Fwp%2Fv2%2Ftags&post=185235"}],"curies":[{"name":"wp","href":"https:\/\/api.w.org\/{rel}","templated":true}]}}