{"id":185226,"date":"2021-12-29T07:01:01","date_gmt":"2021-12-29T10:01:01","guid":{"rendered":"https:\/\/aconteceunovale.com.br\/portal\/?p=185226"},"modified":"2021-12-29T07:02:15","modified_gmt":"2021-12-29T10:02:15","slug":"crianca-morre-em-acidente-na-mgc-259","status":"publish","type":"post","link":"https:\/\/aconteceunovale.com.br\/portal\/?p=185226","title":{"rendered":"Crian\u00e7a morre em acidente na MGC-259"},"content":{"rendered":"\n<p>Um menino de nove anos morreu e duas mulheres, uma prima dele de 24 anos e uma tia de 64, ficaram feridas ap\u00f3s um acidente na MGC-259, no munic\u00edpio de Inimutaba, nessa ter\u00e7a-feira (28\/12\/2021).<\/p>\n\n\n\n<figure class=\"wp-block-gallery columns-1 is-cropped wp-block-gallery-1 is-layout-flex wp-block-gallery-is-layout-flex\"><ul class=\"blocks-gallery-grid\"><li class=\"blocks-gallery-item\"><figure><img loading=\"lazy\" decoding=\"async\" width=\"678\" height=\"437\" src=\"https:\/\/aconteceunovale.com.br\/portal\/wp-content\/uploads\/2021\/12\/acidente_259.jpeg\" alt=\"\" data-id=\"185227\" data-full-url=\"https:\/\/aconteceunovale.com.br\/portal\/wp-content\/uploads\/2021\/12\/acidente_259.jpeg\" data-link=\"https:\/\/aconteceunovale.com.br\/portal\/?attachment_id=185227\" class=\"wp-image-185227\" srcset=\"https:\/\/aconteceunovale.com.br\/portal\/wp-content\/uploads\/2021\/12\/acidente_259.jpeg 678w, https:\/\/aconteceunovale.com.br\/portal\/wp-content\/uploads\/2021\/12\/acidente_259-300x193.jpeg 300w, https:\/\/aconteceunovale.com.br\/portal\/wp-content\/uploads\/2021\/12\/acidente_259-652x420.jpeg 652w\" sizes=\"auto, (max-width: 678px) 100vw, 678px\" \/><figcaption class=\"blocks-gallery-item__caption\"><em>Foto: Divulga\u00e7\u00e3o \/ Pol\u00edcia Militar Rodovi\u00e1ria<\/em><\/figcaption><\/figure><\/li><\/ul><\/figure>\n\n\n\n<p>De acordo com informa\u00e7\u00f5es da Pol\u00edcia Militar Rodovi\u00e1ria, a tia da crian\u00e7a, que dirigia o ve\u00edculo, disse que se assustou com outro ve\u00edculo vindo na contram\u00e3o e perdeu o controle da dire\u00e7\u00e3o do carro, que saiu da pista e bateu em uma \u00e1rvore.<\/p>\n\n\n\n<p>O menino n\u00e3o resistiu aos ferimentos e morreu no local. De acordo com a PM, ele estava usando o cinto de seguran\u00e7a. J\u00e1 a tia do garoto e a prima dele tiveram ferimentos leves e foram socorridas pelo Corpo de Bombeiros para o Hospital Imaculada Concei\u00e7\u00e3o, em Curvelo.<\/p>\n\n\n\n<p>Ainda segundo a Pol\u00edcia, chovia no momento do acidente. A condutora fez o teste do baf\u00f4metro, que n\u00e3o constatou presen\u00e7a de \u00e1lcool no sangue.<\/p>\n\n\n\n<p>A per\u00edcia compareceu no local para iniciar os trabalhos de investiga\u00e7\u00e3o das poss\u00edveis causas do acidente.<\/p>\n\n\n\n<h2 class=\"wp-block-heading\"><strong>Familiares no Vale do Jequitinhonha<\/strong><\/h2>\n\n\n\n<p>O menino era filho \u00fanico e morava com a m\u00e3e em Bras\u00edlia. Todos os anos ele passava o Natal com a av\u00f3, uma ex-gerente do Banco do Brasil em Ara\u00e7ua\u00ed, em um s\u00edtio no munic\u00edpio de Jos\u00e9 Gon\u00e7alves de Minas. No momento do acidente, segundo relatos de familiares, o garoto seguia para um aeroporto em Belo Horizonte, onde pegaria um voo para a capital federal.<\/p>\n\n\n\n<p>&#8212;&#8212;&#8212;&#8212;&#8212;&#8212;<br><em>Quer receber as not\u00edcias do <strong>Aconteceu no Vale<\/strong> em primeira m\u00e3o? Siga-nos no Facebook <a rel=\"noreferrer noopener\" href=\"http:\/\/facebook.com\/aconteceunovale\" target=\"_blank\">@aconteceunovale<\/a>, Twitter <a rel=\"noreferrer noopener\" href=\"https:\/\/twitter.com\/noticiadosvales\" target=\"_blank\">@noticiadosvales<\/a> e Instagram <a rel=\"noreferrer noopener\" href=\"https:\/\/www.instagram.com\/aconteceunovale\" target=\"_blank\">@aconteceunovale<\/a>.<\/em><\/p>\n","protected":false},"excerpt":{"rendered":"<p>Um menino de nove anos morreu e duas mulheres, uma prima dele de 24 anos e uma tia de 64, ficaram feridas ap\u00f3s um acidente na MGC-259, no munic\u00edpio de Inimutaba, nessa ter\u00e7a-feira (28\/12\/2021). De acordo com informa\u00e7\u00f5es da Pol\u00edcia Militar Rodovi\u00e1ria, a tia da crian\u00e7a, que dirigia o ve\u00edculo, disse que se assustou com [&hellip;]<\/p>\n","protected":false},"author":4,"featured_media":185227,"comment_status":"open","ping_status":"closed","sticky":false,"template":"","format":"standard","meta":{"amp_status":"","footnotes":""},"categories":[123,120],"tags":[256470,256471,44162,211083,256469,146751,186,4606,256468,256467,197,12060,917],"class_list":["post-185226","post","type-post","status-publish","format-standard","has-post-thumbnail","hentry","category-gerais","category-jequi","tag-acidente-com-crianca-de-aracuai","tag-acidente-com-neto-de-ex-gerente-do-banco-do-brasil-em-aracuai","tag-acidente-em-inimutaba","tag-acidente-na-mgc-259-2","tag-acidente-na-mgc-259-em-inimutaba","tag-acidente-perto-de-curvelo","tag-aracuai","tag-brasilia","tag-crianca-morre-em-acidente-em-inimutaba","tag-crianca-morre-em-acidente-na-mgc-259","tag-curvelo","tag-inimutaba","tag-jose-goncalves-de-minas"],"_links":{"self":[{"href":"https:\/\/aconteceunovale.com.br\/portal\/index.php?rest_route=\/wp\/v2\/posts\/185226","targetHints":{"allow":["GET"]}}],"collection":[{"href":"https:\/\/aconteceunovale.com.br\/portal\/index.php?rest_route=\/wp\/v2\/posts"}],"about":[{"href":"https:\/\/aconteceunovale.com.br\/portal\/index.php?rest_route=\/wp\/v2\/types\/post"}],"author":[{"embeddable":true,"href":"https:\/\/aconteceunovale.com.br\/portal\/index.php?rest_route=\/wp\/v2\/users\/4"}],"replies":[{"embeddable":true,"href":"https:\/\/aconteceunovale.com.br\/portal\/index.php?rest_route=%2Fwp%2Fv2%2Fcomments&post=185226"}],"version-history":[{"count":1,"href":"https:\/\/aconteceunovale.com.br\/portal\/index.php?rest_route=\/wp\/v2\/posts\/185226\/revisions"}],"predecessor-version":[{"id":185228,"href":"https:\/\/aconteceunovale.com.br\/portal\/index.php?rest_route=\/wp\/v2\/posts\/185226\/revisions\/185228"}],"wp:featuredmedia":[{"embeddable":true,"href":"https:\/\/aconteceunovale.com.br\/portal\/index.php?rest_route=\/wp\/v2\/media\/185227"}],"wp:attachment":[{"href":"https:\/\/aconteceunovale.com.br\/portal\/index.php?rest_route=%2Fwp%2Fv2%2Fmedia&parent=185226"}],"wp:term":[{"taxonomy":"category","embeddable":true,"href":"https:\/\/aconteceunovale.com.br\/portal\/index.php?rest_route=%2Fwp%2Fv2%2Fcategories&post=185226"},{"taxonomy":"post_tag","embeddable":true,"href":"https:\/\/aconteceunovale.com.br\/portal\/index.php?rest_route=%2Fwp%2Fv2%2Ftags&post=185226"}],"curies":[{"name":"wp","href":"https:\/\/api.w.org\/{rel}","templated":true}]}}