{"id":185223,"date":"2021-12-29T06:31:57","date_gmt":"2021-12-29T09:31:57","guid":{"rendered":"https:\/\/aconteceunovale.com.br\/portal\/?p=185223"},"modified":"2021-12-29T06:34:38","modified_gmt":"2021-12-29T09:34:38","slug":"presidente-edita-medida-provisoria-para-distribuicao-de-alimentos-a-populacao-quilombola","status":"publish","type":"post","link":"https:\/\/aconteceunovale.com.br\/portal\/?p=185223","title":{"rendered":"Presidente edita medida provis\u00f3ria para distribui\u00e7\u00e3o de alimentos \u00e0 popula\u00e7\u00e3o quilombola"},"content":{"rendered":"\n<p>O presidente Jair Bolsonaro editou, nesta ter\u00e7a-feira (28\/12\/2021), uma medida provis\u00f3ria que abre cr\u00e9dito extraordin\u00e1rio de R$ 167,2 milh\u00f5es para o Minist\u00e9rio da Cidadania com o objetivo de garantir a distribui\u00e7\u00e3o de cestas de alimentos \u00e0 popula\u00e7\u00e3o quilombola. A MP atende a uma argui\u00e7\u00e3o de descumprimento de preceito fundamental (ADPF) do Supremo Tribunal Federal (STF).<\/p>\n\n\n\n<p>A decis\u00e3o determinou que a Uni\u00e3o formule um \u201cplano nacional de enfrentamento da pandemia covid-19 no que concerne \u00e0 popula\u00e7\u00e3o quilombola, com objetivos, metas, a\u00e7\u00f5es program\u00e1ticas, cronograma de implementa\u00e7\u00e3o e metodologias de avalia\u00e7\u00e3o, contemplando, ao menos, provid\u00eancias visando a amplia\u00e7\u00e3o das estrat\u00e9gias de preven\u00e7\u00e3o e de acesso aos meios de testagem e aos servi\u00e7os p\u00fablicos de sa\u00fade, controle de entrada nos territ\u00f3rios por terceiros, considerado isolamento social comunit\u00e1rio e distribui\u00e7\u00e3o de alimentos e material de higiene e desinfec\u00e7\u00e3o\u201d.<\/p>\n\n\n\n<p>Atendendo \u00e0 ADPF, a Uni\u00e3o apresentou o plano para a popula\u00e7\u00e3o quilombola e um dos objetivos principais \u00e9 a promo\u00e7\u00e3o da seguran\u00e7a alimentar por meio distribui\u00e7\u00e3o de alimentos e de renda m\u00ednima para a popula\u00e7\u00e3o em situa\u00e7\u00e3o de vulnerabilidade social, o que est\u00e1 sendo atendida por meio desta MP.<\/p>\n\n\n\n<p>&#8212;&#8212;&#8212;&#8212;&#8212;&#8212;<br><em>Quer receber as not\u00edcias do <strong>Aconteceu no Vale<\/strong> em primeira m\u00e3o? Siga-nos no Facebook <a rel=\"noreferrer noopener\" href=\"http:\/\/facebook.com\/aconteceunovale\" target=\"_blank\">@aconteceunovale<\/a>, Twitter <a rel=\"noreferrer noopener\" href=\"https:\/\/twitter.com\/noticiadosvales\" target=\"_blank\">@noticiadosvales<\/a> e Instagram <a rel=\"noreferrer noopener\" href=\"https:\/\/www.instagram.com\/aconteceunovale\" target=\"_blank\">@aconteceunovale<\/a>.<\/em><\/p>\n","protected":false},"excerpt":{"rendered":"<p>O presidente Jair Bolsonaro editou, nesta ter\u00e7a-feira (28\/12\/2021), uma medida provis\u00f3ria que abre cr\u00e9dito extraordin\u00e1rio de R$ 167,2 milh\u00f5es para o Minist\u00e9rio da Cidadania com o objetivo de garantir a distribui\u00e7\u00e3o de cestas de alimentos \u00e0 popula\u00e7\u00e3o quilombola. A MP atende a uma argui\u00e7\u00e3o de descumprimento de preceito fundamental (ADPF) do Supremo Tribunal Federal (STF). [&hellip;]<\/p>\n","protected":false},"author":4,"featured_media":185224,"comment_status":"open","ping_status":"closed","sticky":false,"template":"","format":"standard","meta":{"amp_status":"","footnotes":""},"categories":[6,40240],"tags":[256463,256464,256465,26436,190881,256466,28511,28510],"class_list":["post-185223","post","type-post","status-publish","format-standard","has-post-thumbnail","hentry","category-br","category-politica-2","tag-distribuicao-de-alimentos-a-populacao-quilombola","tag-distribuicao-de-cestas-de-alimentos-para-quilombolas","tag-distribuicao-de-cestas-para-a-populacao-quilombola","tag-jair-bolsonaro","tag-ministerio-da-cidadania","tag-plano-de-enfrentamento-da-pandemia-populacao-quilombola","tag-stf","tag-supremo-tribunal-federal"],"_links":{"self":[{"href":"https:\/\/aconteceunovale.com.br\/portal\/index.php?rest_route=\/wp\/v2\/posts\/185223","targetHints":{"allow":["GET"]}}],"collection":[{"href":"https:\/\/aconteceunovale.com.br\/portal\/index.php?rest_route=\/wp\/v2\/posts"}],"about":[{"href":"https:\/\/aconteceunovale.com.br\/portal\/index.php?rest_route=\/wp\/v2\/types\/post"}],"author":[{"embeddable":true,"href":"https:\/\/aconteceunovale.com.br\/portal\/index.php?rest_route=\/wp\/v2\/users\/4"}],"replies":[{"embeddable":true,"href":"https:\/\/aconteceunovale.com.br\/portal\/index.php?rest_route=%2Fwp%2Fv2%2Fcomments&post=185223"}],"version-history":[{"count":1,"href":"https:\/\/aconteceunovale.com.br\/portal\/index.php?rest_route=\/wp\/v2\/posts\/185223\/revisions"}],"predecessor-version":[{"id":185225,"href":"https:\/\/aconteceunovale.com.br\/portal\/index.php?rest_route=\/wp\/v2\/posts\/185223\/revisions\/185225"}],"wp:featuredmedia":[{"embeddable":true,"href":"https:\/\/aconteceunovale.com.br\/portal\/index.php?rest_route=\/wp\/v2\/media\/185224"}],"wp:attachment":[{"href":"https:\/\/aconteceunovale.com.br\/portal\/index.php?rest_route=%2Fwp%2Fv2%2Fmedia&parent=185223"}],"wp:term":[{"taxonomy":"category","embeddable":true,"href":"https:\/\/aconteceunovale.com.br\/portal\/index.php?rest_route=%2Fwp%2Fv2%2Fcategories&post=185223"},{"taxonomy":"post_tag","embeddable":true,"href":"https:\/\/aconteceunovale.com.br\/portal\/index.php?rest_route=%2Fwp%2Fv2%2Ftags&post=185223"}],"curies":[{"name":"wp","href":"https:\/\/api.w.org\/{rel}","templated":true}]}}