{"id":185221,"date":"2021-12-28T21:07:56","date_gmt":"2021-12-29T00:07:56","guid":{"rendered":"https:\/\/aconteceunovale.com.br\/portal\/?p=185221"},"modified":"2021-12-28T21:09:04","modified_gmt":"2021-12-29T00:09:04","slug":"brasil-atinge-marca-de-320-milhoes-de-vacinas-contra-covid-19-aplicadas","status":"publish","type":"post","link":"https:\/\/aconteceunovale.com.br\/portal\/?p=185221","title":{"rendered":"Brasil atinge marca de 320 milh\u00f5es de vacinas contra Covid-19 aplicadas"},"content":{"rendered":"\n<p>O Minist\u00e9rio da Sa\u00fade informou hoje (28\/12\/2021) que o Brasil atingiu a marca de 320 milh\u00f5es de vacinas aplicadas contra a covid-19. Segundo a pasta, a ampla imuniza\u00e7\u00e3o da popula\u00e7\u00e3o gerou redu\u00e7\u00e3o na quantidade dos casos de pessoas infectadas, de mortes e a ocupa\u00e7\u00e3o de leitos de UTI.<\/p>\n\n\n\n<p>Conforme os dados, 143 milh\u00f5es de brasileiros est\u00e3o com ciclo vacinal completo, 161 milh\u00f5es est\u00e3o imunizados com a primeira dose da vacina e 16 milh\u00f5es receberam pelo menos uma dose de refor\u00e7o.&nbsp;<\/p>\n\n\n\n<p>\u201cCom o avan\u00e7o da vacina\u00e7\u00e3o foi poss\u00edvel reduzir em mais de 90% o n\u00famero de \u00f3bitos e o n\u00famero de casos de covid-19, quando comparado ao pico da pandemia, em abril de 2021. Temos hoje, no Brasil, o menor n\u00famero de \u00f3bitos por covid-19 desde abril de 2020\u201d, destaca o ministro da Sa\u00fade, Marcelo Queiroga.&nbsp;<\/p>\n\n\n\n<p>Com a redu\u00e7\u00e3o dos casos de covid-19, o governo federal definiu, no dia 20 deste m\u00eas, as regras para doa\u00e7\u00e3o de vacinas para outros pa\u00edses, por meio do cons\u00f3rcio Covax.&nbsp;<\/p>\n\n\n\n<p>A produ\u00e7\u00e3o nacional dos imunizantes da AstraZeneca \u00e9 feita pela Funda\u00e7\u00e3o Oswaldo Cruz (Fiocruz), a partir da chegada do Ingrediente Farmac\u00eautico Ativo (IFA), que tamb\u00e9m passou a ser feito no Brasil. As vacinas da Pfizer, com tecnologia de RNA mensageiro, tamb\u00e9m ser\u00e3o feitas em territ\u00f3rio nacional por meio do laborat\u00f3rio Eurofarma.&nbsp;<\/p>\n\n\n\n<p>\u201cO Brasil deixar\u00e1 de ser um pa\u00eds importador de vacinas e ser\u00e1 um pa\u00eds que produzir\u00e1 vacinas\u201d, completou o ministro.<\/p>\n\n\n\n<h2 class=\"wp-block-heading\">77 casos da variante \u00d4micron<\/h2>\n\n\n\n<p>O balan\u00e7o divulgado hoje (28) pelo Minist\u00e9rio da Sa\u00fade indica que foram registrados 77 casos no Brasil da nova variante do novo coronav\u00edrus, a \u00d4micron.<img decoding=\"async\" src=\"https:\/\/agenciabrasil.ebc.com.br\/ebc.png?id=1434278&amp;o=node\"><img decoding=\"async\" src=\"https:\/\/agenciabrasil.ebc.com.br\/ebc.gif?id=1434278&amp;o=node\"><\/p>\n\n\n\n<p>As infec\u00e7\u00f5es foram registradas em S\u00e3o Paulo (27), em Goi\u00e1s (22), em Minas Gerais (16), no Rio Grande do Sul (3), no Distrito Federal (1), no Rio de Janeiro (1), no Esp\u00edrito Santo (1), em Santa Catarina (3) e Cear\u00e1 (3).<\/p>\n\n\n\n<p>H\u00e1 ainda, segundo a pasta, 211 casos em investiga\u00e7\u00e3o, sendo 16 no Distrito Federal, 114 em Minas Gerais, 58 em Santa Catarina e 23 no Rio Grande do Sul.<\/p>\n\n\n\n<p>&#8212;&#8212;&#8212;&#8212;&#8212;&#8212;<br><em>Quer receber as not\u00edcias do <strong>Aconteceu no Vale<\/strong> em primeira m\u00e3o? Siga-nos no Facebook <a rel=\"noreferrer noopener\" href=\"http:\/\/facebook.com\/aconteceunovale\" target=\"_blank\">@aconteceunovale<\/a>, Twitter <a rel=\"noreferrer noopener\" href=\"https:\/\/twitter.com\/noticiadosvales\" target=\"_blank\">@noticiadosvales<\/a> e Instagram <a rel=\"noreferrer noopener\" href=\"https:\/\/www.instagram.com\/aconteceunovale\" target=\"_blank\">@aconteceunovale<\/a>.<\/em><\/p>\n","protected":false},"excerpt":{"rendered":"<p>O Minist\u00e9rio da Sa\u00fade informou hoje (28\/12\/2021) que o Brasil atingiu a marca de 320 milh\u00f5es de vacinas aplicadas contra a covid-19. Segundo a pasta, a ampla imuniza\u00e7\u00e3o da popula\u00e7\u00e3o gerou redu\u00e7\u00e3o na quantidade dos casos de pessoas infectadas, de mortes e a ocupa\u00e7\u00e3o de leitos de UTI. Conforme os dados, 143 milh\u00f5es de brasileiros [&hellip;]<\/p>\n","protected":false},"author":4,"featured_media":182462,"comment_status":"open","ping_status":"closed","sticky":false,"template":"","format":"standard","meta":{"amp_status":"","footnotes":""},"categories":[6,40242],"tags":[248769,4785,249773,256462,215394,218043,1018,246445,224484,134903,241171,248771,248770,239472],"class_list":["post-185221","post","type-post","status-publish","format-standard","has-post-thumbnail","hentry","category-br","category-saude-2","tag-40-milhoes-de-pessoas-ja-completaram-o-ciclo-de-vacinacao-contra-a-covid-19-no-brasil","tag-brasil","tag-brasil-atinge-50-milhoes-de-pessoas-com-vacinacao-completa-contra-covid-19","tag-brasil-atinge-marca-de-320-milhoes-de-vacinas-contra-covid-19-aplicadas","tag-coronavirus-no-brasil","tag-covid-19-no-brasil","tag-destaque","tag-imunizacao-contra-covid-19-no-brasil","tag-pandemia-no-brasil","tag-pni","tag-programa-nacional-de-imunizacao","tag-totalmente-imunizado-no-brasil","tag-vacinacao-completa-no-brasil","tag-vacinacao-contra-covid-19-no-brasil"],"_links":{"self":[{"href":"https:\/\/aconteceunovale.com.br\/portal\/index.php?rest_route=\/wp\/v2\/posts\/185221","targetHints":{"allow":["GET"]}}],"collection":[{"href":"https:\/\/aconteceunovale.com.br\/portal\/index.php?rest_route=\/wp\/v2\/posts"}],"about":[{"href":"https:\/\/aconteceunovale.com.br\/portal\/index.php?rest_route=\/wp\/v2\/types\/post"}],"author":[{"embeddable":true,"href":"https:\/\/aconteceunovale.com.br\/portal\/index.php?rest_route=\/wp\/v2\/users\/4"}],"replies":[{"embeddable":true,"href":"https:\/\/aconteceunovale.com.br\/portal\/index.php?rest_route=%2Fwp%2Fv2%2Fcomments&post=185221"}],"version-history":[{"count":1,"href":"https:\/\/aconteceunovale.com.br\/portal\/index.php?rest_route=\/wp\/v2\/posts\/185221\/revisions"}],"predecessor-version":[{"id":185222,"href":"https:\/\/aconteceunovale.com.br\/portal\/index.php?rest_route=\/wp\/v2\/posts\/185221\/revisions\/185222"}],"wp:featuredmedia":[{"embeddable":true,"href":"https:\/\/aconteceunovale.com.br\/portal\/index.php?rest_route=\/wp\/v2\/media\/182462"}],"wp:attachment":[{"href":"https:\/\/aconteceunovale.com.br\/portal\/index.php?rest_route=%2Fwp%2Fv2%2Fmedia&parent=185221"}],"wp:term":[{"taxonomy":"category","embeddable":true,"href":"https:\/\/aconteceunovale.com.br\/portal\/index.php?rest_route=%2Fwp%2Fv2%2Fcategories&post=185221"},{"taxonomy":"post_tag","embeddable":true,"href":"https:\/\/aconteceunovale.com.br\/portal\/index.php?rest_route=%2Fwp%2Fv2%2Ftags&post=185221"}],"curies":[{"name":"wp","href":"https:\/\/api.w.org\/{rel}","templated":true}]}}