{"id":185215,"date":"2021-12-28T20:43:40","date_gmt":"2021-12-28T23:43:40","guid":{"rendered":"https:\/\/aconteceunovale.com.br\/portal\/?p=185215"},"modified":"2021-12-28T20:45:10","modified_gmt":"2021-12-28T23:45:10","slug":"policia-civil-indicia-seis-suspeitos-de-extorsao-mediante-sequestro","status":"publish","type":"post","link":"https:\/\/aconteceunovale.com.br\/portal\/?p=185215","title":{"rendered":"Pol\u00edcia Civil indicia seis suspeitos de extors\u00e3o mediante sequestro"},"content":{"rendered":"\n<p>A Pol\u00edcia Civil de Minas Gerais (PCMG) concluiu, nessa segunda-feira (27\/12\/2021), as investiga\u00e7\u00f5es que resultaram na desarticula\u00e7\u00e3o de uma associa\u00e7\u00e3o criminosa especializada em extors\u00f5es mediante sequestro. Seis homens &#8211; com idades entre 27 e 40 anos &#8211; foram indiciados por crimes cometidos nas cidades de Bonfim e Buen\u00f3polis, ambas na regi\u00e3o Central do estado.<\/p>\n\n\n\n<figure class=\"wp-block-gallery columns-1 is-cropped wp-block-gallery-1 is-layout-flex wp-block-gallery-is-layout-flex\"><ul class=\"blocks-gallery-grid\"><li class=\"blocks-gallery-item\"><figure><img loading=\"lazy\" decoding=\"async\" width=\"678\" height=\"305\" src=\"https:\/\/aconteceunovale.com.br\/portal\/wp-content\/uploads\/2021\/12\/operacao_buenopolis_bonfim.jpg\" alt=\"\" data-id=\"185216\" data-full-url=\"https:\/\/aconteceunovale.com.br\/portal\/wp-content\/uploads\/2021\/12\/operacao_buenopolis_bonfim.jpg\" data-link=\"https:\/\/aconteceunovale.com.br\/portal\/?attachment_id=185216\" class=\"wp-image-185216\" srcset=\"https:\/\/aconteceunovale.com.br\/portal\/wp-content\/uploads\/2021\/12\/operacao_buenopolis_bonfim.jpg 678w, https:\/\/aconteceunovale.com.br\/portal\/wp-content\/uploads\/2021\/12\/operacao_buenopolis_bonfim-300x135.jpg 300w\" sizes=\"auto, (max-width: 678px) 100vw, 678px\" \/><figcaption class=\"blocks-gallery-item__caption\"><em>Foto: Divulga\u00e7\u00e3o\/PCMG<\/em><\/figcaption><\/figure><\/li><\/ul><\/figure>\n\n\n\n<p>As apura\u00e7\u00f5es, a cargo da Delegacia Especializada Antissequestro, do Departamento Estadual de Opera\u00e7\u00f5es Especiais (Deoesp), tiveram in\u00edcio em novembro de 2019, quando o grupo sequestrou a gerente de uma ag\u00eancia banc\u00e1ria localizada em Bonfim.<\/p>\n\n\n\n<p>Na ocasi\u00e3o, os suspeitos renderam, inicialmente, um funcion\u00e1rio do banco e a esposa dele, que residiam na cidade, n\u00e3o conseguindo, contudo, a libera\u00e7\u00e3o do cofre da ag\u00eancia por meio dele. A v\u00edtima, ent\u00e3o, foi mantida ref\u00e9m at\u00e9 que o grupo criminoso chegasse \u00e0 gerente do estabelecimento, tamb\u00e9m sequestrada, com o marido, no munic\u00edpio vizinho de Rio Manso.<\/p>\n\n\n\n<p>Todas as v\u00edtimas foram mantidas em cativeiro, onde sofreram diversas amea\u00e7as. As intimida\u00e7\u00f5es s\u00f3 cessaram quando a gerente teve condi\u00e7\u00f5es de recolher quantias em dinheiro exigidas pelos criminosos nos caixas eletr\u00f4nicos da ag\u00eancia banc\u00e1ria. Posteriormente, os ref\u00e9ns foram liberados pelos suspeitos pr\u00f3ximo \u00e0 Cidade Administrativa de Minas Gerais (Camg), em Belo Horizonte.<\/p>\n\n\n\n<p>O chefe da Divis\u00e3o Operacional do Deoesp, delegado Thiago Machado, explica que, durante as investiga\u00e7\u00f5es dos crimes cometidos em Bonfim, a equipe policial identificou os investigados, que seriam os mesmos respons\u00e1veis pelo sequestro de outro gerente em Buen\u00f3polis, tamb\u00e9m cometido, anteriormente, naquele mesmo ano, e que j\u00e1 estava sob apura\u00e7\u00e3o.<\/p>\n\n\n\n<p>\u201cConseguimos, assim, junto ao Poder Judici\u00e1rio, mandados de pris\u00e3o preventiva pelos crimes de associa\u00e7\u00e3o criminosa e extors\u00e3o mediante sequestro para todos os suspeitos em ambos os eventos criminosos\u201d, pontua o delegado.<\/p>\n\n\n\n<h2 class=\"wp-block-heading\">Pris\u00f5es<\/h2>\n\n\n\n<p>Ainda de acordo com Machado, cinco suspeitos foram presos ao longo deste ano: quatro em diferentes regi\u00f5es de Minas Gerais e outro no Esp\u00edrito Santo. Um sexto investigado, de 27 anos, permanece sendo procurado pela pol\u00edcia. &#8220;\u00c9 importante salientar que quadrilhas como essa n\u00e3o se limitam mais a apenas uma modalidade criminosa e est\u00e3o, constantemente, ligadas a outras atividades ilegais, como tr\u00e1fico de drogas, roubos e, at\u00e9 mesmo, homic\u00eddios\u201d, destaca.<\/p>\n\n\n\n<p>A delegada respons\u00e1vel pelo inqu\u00e9rito policial, Fab\u00edola de Oliveira, refor\u00e7a o impacto das pris\u00f5es para a sociedade. \u201cUm dos investigados j\u00e1 acumula uma ficha criminal com mais de 60 p\u00e1ginas. E a maioria j\u00e1 \u00e9 bastante conhecida pelas for\u00e7as de seguran\u00e7a pela forma violenta como agem\u201d, observa. Ela complementa: \u201co que indica a import\u00e2ncia da investiga\u00e7\u00e3o qualificada para que possamos retirar essas pessoas de circula\u00e7\u00e3o definitivamente\u201d.<\/p>\n\n\n\n<p>As apura\u00e7\u00f5es prosseguem para localiza\u00e7\u00e3o e pris\u00e3o do investigado foragido.<\/p>\n\n\n\n<p>&#8212;&#8212;&#8212;&#8212;&#8212;&#8212;<br><em>Quer receber as not\u00edcias do <strong>Aconteceu no Vale<\/strong> em primeira m\u00e3o? Siga-nos no Facebook <a rel=\"noreferrer noopener\" href=\"http:\/\/facebook.com\/aconteceunovale\" target=\"_blank\">@aconteceunovale<\/a>, Twitter <a rel=\"noreferrer noopener\" href=\"https:\/\/twitter.com\/noticiadosvales\" target=\"_blank\">@noticiadosvales<\/a> e Instagram <a rel=\"noreferrer noopener\" href=\"https:\/\/www.instagram.com\/aconteceunovale\" target=\"_blank\">@aconteceunovale<\/a>.<\/em><\/p>\n","protected":false},"excerpt":{"rendered":"<p>A Pol\u00edcia Civil de Minas Gerais (PCMG) concluiu, nessa segunda-feira (27\/12\/2021), as investiga\u00e7\u00f5es que resultaram na desarticula\u00e7\u00e3o de uma associa\u00e7\u00e3o criminosa especializada em extors\u00f5es mediante sequestro. Seis homens &#8211; com idades entre 27 e 40 anos &#8211; foram indiciados por crimes cometidos nas cidades de Bonfim e Buen\u00f3polis, ambas na regi\u00e3o Central do estado. As [&hellip;]<\/p>\n","protected":false},"author":4,"featured_media":185216,"comment_status":"open","ping_status":"closed","sticky":false,"template":"","format":"standard","meta":{"amp_status":"","footnotes":""},"categories":[123],"tags":[194,12259,960,256460,245877,604,44644,31856,256459,256458],"class_list":["post-185215","post","type-post","status-publish","format-standard","has-post-thumbnail","hentry","category-gerais","tag-belo-horizonte","tag-bonfim","tag-buenopolis","tag-delegada-fabiola-de-oliveira","tag-delegado-thiago-machado","tag-pcmg","tag-policia-civil-de-minas-gerais","tag-rio-manso","tag-sequestradores-indiciados-em-minas-gerais","tag-sequestro-em-minas-gerais"],"_links":{"self":[{"href":"https:\/\/aconteceunovale.com.br\/portal\/index.php?rest_route=\/wp\/v2\/posts\/185215","targetHints":{"allow":["GET"]}}],"collection":[{"href":"https:\/\/aconteceunovale.com.br\/portal\/index.php?rest_route=\/wp\/v2\/posts"}],"about":[{"href":"https:\/\/aconteceunovale.com.br\/portal\/index.php?rest_route=\/wp\/v2\/types\/post"}],"author":[{"embeddable":true,"href":"https:\/\/aconteceunovale.com.br\/portal\/index.php?rest_route=\/wp\/v2\/users\/4"}],"replies":[{"embeddable":true,"href":"https:\/\/aconteceunovale.com.br\/portal\/index.php?rest_route=%2Fwp%2Fv2%2Fcomments&post=185215"}],"version-history":[{"count":1,"href":"https:\/\/aconteceunovale.com.br\/portal\/index.php?rest_route=\/wp\/v2\/posts\/185215\/revisions"}],"predecessor-version":[{"id":185217,"href":"https:\/\/aconteceunovale.com.br\/portal\/index.php?rest_route=\/wp\/v2\/posts\/185215\/revisions\/185217"}],"wp:featuredmedia":[{"embeddable":true,"href":"https:\/\/aconteceunovale.com.br\/portal\/index.php?rest_route=\/wp\/v2\/media\/185216"}],"wp:attachment":[{"href":"https:\/\/aconteceunovale.com.br\/portal\/index.php?rest_route=%2Fwp%2Fv2%2Fmedia&parent=185215"}],"wp:term":[{"taxonomy":"category","embeddable":true,"href":"https:\/\/aconteceunovale.com.br\/portal\/index.php?rest_route=%2Fwp%2Fv2%2Fcategories&post=185215"},{"taxonomy":"post_tag","embeddable":true,"href":"https:\/\/aconteceunovale.com.br\/portal\/index.php?rest_route=%2Fwp%2Fv2%2Ftags&post=185215"}],"curies":[{"name":"wp","href":"https:\/\/api.w.org\/{rel}","templated":true}]}}