{"id":185211,"date":"2021-12-28T16:28:48","date_gmt":"2021-12-28T19:28:48","guid":{"rendered":"https:\/\/aconteceunovale.com.br\/portal\/?p=185211"},"modified":"2021-12-28T21:10:22","modified_gmt":"2021-12-29T00:10:22","slug":"acidente-entre-quatro-veiculos-deixa-um-morto-e-varios-feridos-no-norte-de-minas","status":"publish","type":"post","link":"https:\/\/aconteceunovale.com.br\/portal\/?p=185211","title":{"rendered":"Acidente entre quatro ve\u00edculos deixa um morto e v\u00e1rios feridos no Norte de Minas"},"content":{"rendered":"\n<p>Uma pessoa morreu e v\u00e1rias ficaram feridas ap\u00f3s o acidente envolvendo um \u00f4nibus, uma van, uma carreta e um carro na BR-365, na regi\u00e3o Norte de Minas Gerais, nesta ter\u00e7a-feira (28\/12\/2021). A trag\u00e9dia aconteceu no munic\u00edpio de Jequita\u00ed e as causas devem ser investigadas pelas autoridades locais.<\/p>\n\n\n\n<figure class=\"wp-block-gallery columns-1 is-cropped wp-block-gallery-1 is-layout-flex wp-block-gallery-is-layout-flex\"><ul class=\"blocks-gallery-grid\"><li class=\"blocks-gallery-item\"><figure><img loading=\"lazy\" decoding=\"async\" width=\"678\" height=\"421\" src=\"https:\/\/aconteceunovale.com.br\/portal\/wp-content\/uploads\/2021\/12\/acidente_jequitai_1.png\" alt=\"\" data-id=\"185212\" data-full-url=\"https:\/\/aconteceunovale.com.br\/portal\/wp-content\/uploads\/2021\/12\/acidente_jequitai_1.png\" data-link=\"https:\/\/aconteceunovale.com.br\/portal\/?attachment_id=185212\" class=\"wp-image-185212\" srcset=\"https:\/\/aconteceunovale.com.br\/portal\/wp-content\/uploads\/2021\/12\/acidente_jequitai_1.png 678w, https:\/\/aconteceunovale.com.br\/portal\/wp-content\/uploads\/2021\/12\/acidente_jequitai_1-300x186.png 300w, https:\/\/aconteceunovale.com.br\/portal\/wp-content\/uploads\/2021\/12\/acidente_jequitai_1-356x220.png 356w, https:\/\/aconteceunovale.com.br\/portal\/wp-content\/uploads\/2021\/12\/acidente_jequitai_1-676x420.png 676w\" sizes=\"auto, (max-width: 678px) 100vw, 678px\" \/><figcaption class=\"blocks-gallery-item__caption\"><em>Fotos: Divulga\u00e7\u00e3o \/ Samu<\/em><\/figcaption><\/figure><\/li><\/ul><\/figure>\n\n\n\n<p>Segundo as informa\u00e7\u00f5es da Assessoria de Comunica\u00e7\u00e3o do Samu Macro Norte, quatro unidades, de Pirapora, Ibia\u00ed e Cora\u00e7\u00e3o de Jesus, foram empenhadas no socorro \u00e0s v\u00edtimas. Um m\u00e9dico da institui\u00e7\u00e3o que se deslocava para assumir o plant\u00e3o na base de Pirapora parou e prestou o primeiro atendimento. O Corpo de Bombeiros e a Pol\u00edcia Rodovi\u00e1ria Federal tamb\u00e9m atuaram na ocorr\u00eancia.<\/p>\n\n\n\n<p>Ainda de acordo com o Samu, a v\u00edtima que faleceu era motorista do \u00f4nibus. O homem, de 55 anos, teve uma parada cardiorrespirat\u00f3ria, foi reanimado pelos socorristas e intubado no local, mas n\u00e3o resistiu.<\/p>\n\n\n\n<p>O Samu informou ainda que as sete pessoas feridas, com idades entre 25 e 67 anos, foram levadas para o hospital de Pirapora. Elas apresentavam escoria\u00e7\u00f5es pelo corpo, dor tor\u00e1cica e edema de face.<\/p>\n\n\n\n<p>&#8212;&#8212;&#8212;&#8212;&#8212;&#8212;<br><em>Quer receber as not\u00edcias do <strong>Aconteceu no Vale<\/strong> em primeira m\u00e3o? Siga-nos no Facebook <a rel=\"noreferrer noopener\" href=\"http:\/\/facebook.com\/aconteceunovale\" target=\"_blank\">@aconteceunovale<\/a>, Twitter <a rel=\"noreferrer noopener\" href=\"https:\/\/twitter.com\/noticiadosvales\" target=\"_blank\">@noticiadosvales<\/a> e Instagram <a rel=\"noreferrer noopener\" href=\"https:\/\/www.instagram.com\/aconteceunovale\" target=\"_blank\">@aconteceunovale<\/a>.<\/em><\/p>\n","protected":false},"excerpt":{"rendered":"<p>Uma pessoa morreu e v\u00e1rias ficaram feridas ap\u00f3s o acidente envolvendo um \u00f4nibus, uma van, uma carreta e um carro na BR-365, na regi\u00e3o Norte de Minas Gerais, nesta ter\u00e7a-feira (28\/12\/2021). A trag\u00e9dia aconteceu no munic\u00edpio de Jequita\u00ed e as causas devem ser investigadas pelas autoridades locais. Segundo as informa\u00e7\u00f5es da Assessoria de Comunica\u00e7\u00e3o do [&hellip;]<\/p>\n","protected":false},"author":4,"featured_media":185213,"comment_status":"open","ping_status":"closed","sticky":false,"template":"","format":"standard","meta":{"amp_status":"","footnotes":""},"categories":[1236],"tags":[256453,256454,256452,256455,207970,116831,146862,256456,256457,1018,254],"class_list":["post-185211","post","type-post","status-publish","format-standard","has-post-thumbnail","hentry","category-norte_de_minas","tag-acidente-entre-quatro-veiculos-deixa-um-morto-e-varios-feridos-em-jequitai","tag-acidente-entre-quatro-veiculos-deixa-um-morto-e-varios-feridos-na-br-365","tag-acidente-entre-quatro-veiculos-deixa-um-morto-e-varios-feridos-no-norte-de-minas","tag-acidente-me-jequitai","tag-acidente-na-br-365-2","tag-acidente-na-br-365-em-jequitai","tag-acidente-perto-de-pirapora","tag-acidente-proximo-a-pirapora","tag-desataque","tag-destaque","tag-pirapora"],"_links":{"self":[{"href":"https:\/\/aconteceunovale.com.br\/portal\/index.php?rest_route=\/wp\/v2\/posts\/185211","targetHints":{"allow":["GET"]}}],"collection":[{"href":"https:\/\/aconteceunovale.com.br\/portal\/index.php?rest_route=\/wp\/v2\/posts"}],"about":[{"href":"https:\/\/aconteceunovale.com.br\/portal\/index.php?rest_route=\/wp\/v2\/types\/post"}],"author":[{"embeddable":true,"href":"https:\/\/aconteceunovale.com.br\/portal\/index.php?rest_route=\/wp\/v2\/users\/4"}],"replies":[{"embeddable":true,"href":"https:\/\/aconteceunovale.com.br\/portal\/index.php?rest_route=%2Fwp%2Fv2%2Fcomments&post=185211"}],"version-history":[{"count":1,"href":"https:\/\/aconteceunovale.com.br\/portal\/index.php?rest_route=\/wp\/v2\/posts\/185211\/revisions"}],"predecessor-version":[{"id":185214,"href":"https:\/\/aconteceunovale.com.br\/portal\/index.php?rest_route=\/wp\/v2\/posts\/185211\/revisions\/185214"}],"wp:featuredmedia":[{"embeddable":true,"href":"https:\/\/aconteceunovale.com.br\/portal\/index.php?rest_route=\/wp\/v2\/media\/185213"}],"wp:attachment":[{"href":"https:\/\/aconteceunovale.com.br\/portal\/index.php?rest_route=%2Fwp%2Fv2%2Fmedia&parent=185211"}],"wp:term":[{"taxonomy":"category","embeddable":true,"href":"https:\/\/aconteceunovale.com.br\/portal\/index.php?rest_route=%2Fwp%2Fv2%2Fcategories&post=185211"},{"taxonomy":"post_tag","embeddable":true,"href":"https:\/\/aconteceunovale.com.br\/portal\/index.php?rest_route=%2Fwp%2Fv2%2Ftags&post=185211"}],"curies":[{"name":"wp","href":"https:\/\/api.w.org\/{rel}","templated":true}]}}