{"id":185200,"date":"2021-12-28T14:30:34","date_gmt":"2021-12-28T17:30:34","guid":{"rendered":"https:\/\/aconteceunovale.com.br\/portal\/?p=185200"},"modified":"2021-12-28T14:31:43","modified_gmt":"2021-12-28T17:31:43","slug":"governo-federal-libera-r-200-milhoes-para-reconstrucao-de-estradas","status":"publish","type":"post","link":"https:\/\/aconteceunovale.com.br\/portal\/?p=185200","title":{"rendered":"Governo federal libera R$ 200 milh\u00f5es para reconstru\u00e7\u00e3o de estradas"},"content":{"rendered":"\n<p>O presidente Jair Bolsonaro publicou\u00a0<a rel=\"noreferrer noopener\" href=\"https:\/\/www.in.gov.br\/en\/web\/dou\/-\/medida-provisoria-n-1.086-de-27-de-dezembro-de-2021-370281646\" target=\"_blank\">medida provis\u00f3ria (MP)\u00a0<\/a>nesta ter\u00e7a-feira (28\/12\/2021) que abre cr\u00e9dito extraordin\u00e1rio de R$ 200 milh\u00f5es ao Minist\u00e9rio de Infraestrutura. A verba ser\u00e1 destinada \u00e0 reconstru\u00e7\u00e3o de estradas e rodovias afetadas pelas chuvas.<\/p>\n\n\n\n<figure class=\"wp-block-gallery aligncenter columns-1 is-cropped wp-block-gallery-1 is-layout-flex wp-block-gallery-is-layout-flex\"><ul class=\"blocks-gallery-grid\"><li class=\"blocks-gallery-item\"><figure><img loading=\"lazy\" decoding=\"async\" width=\"754\" height=\"424\" src=\"https:\/\/aconteceunovale.com.br\/portal\/wp-content\/uploads\/2021\/12\/br_439.jpg\" alt=\"\" data-id=\"185201\" data-full-url=\"https:\/\/aconteceunovale.com.br\/portal\/wp-content\/uploads\/2021\/12\/br_439.jpg\" data-link=\"https:\/\/aconteceunovale.com.br\/portal\/?attachment_id=185201\" class=\"wp-image-185201\" srcset=\"https:\/\/aconteceunovale.com.br\/portal\/wp-content\/uploads\/2021\/12\/br_439.jpg 754w, https:\/\/aconteceunovale.com.br\/portal\/wp-content\/uploads\/2021\/12\/br_439-300x169.jpg 300w, https:\/\/aconteceunovale.com.br\/portal\/wp-content\/uploads\/2021\/12\/br_439-696x391.jpg 696w, https:\/\/aconteceunovale.com.br\/portal\/wp-content\/uploads\/2021\/12\/br_439-747x420.jpg 747w\" sizes=\"auto, (max-width: 754px) 100vw, 754px\" \/><figcaption class=\"blocks-gallery-item__caption\"><em>Trecho totalmente interditado da BR-349, no km 831, entre Bom Jesus da Lapa (BA) e Santa Maria da Vit\u00f3ria (BA) &#8211; Foto: DNIT \/ Divulga\u00e7\u00e3o<\/em><\/figcaption><\/figure><\/li><\/ul><\/figure>\n\n\n\n<p>\u201cDeterminei edi\u00e7\u00e3o de MP de Cr\u00e9dito Extraordin\u00e1rio, no valor de R$ 200 milh\u00f5es, a fim de viabilizar, no DNIT, a reconstru\u00e7\u00e3o de infraestruturas rodovi\u00e1rias danificadas pelas chuvas nos estados da Bahia (mais afetado), Amazonas, Minas Gerais, Par\u00e1 e S\u00e3o Paulo\u201d, disse o presidente pelo Twitter.<\/p>\n\n\n\n<p>Segundo o ministro da Infraestrutura, Tarc\u00edsio Freitas, a maior parte da verba (R$ 80 milh\u00f5es) ser\u00e1 destinada \u00e0 Bahia. No estado as fortes chuvas j\u00e1 deixaram 20 mortos e mais de 31 mil desabrigados e desalojados, segundo a Defesa Civil da Bahia.<\/p>\n\n\n\n<p>Em nota divulgada no in\u00edcio desta tarde a pasta ressaltou que equipes est\u00e3o mobilizadas 24h, buscando reestabelecer o tr\u00e1fego e garantir a seguran\u00e7a dos usu\u00e1rios. Na Bahia, a verba extra ser\u00e1 aplicada imediatamente, refor\u00e7ando contratos j\u00e1 existentes ou emergenciais. Em alguns trechos as obras de recupera\u00e7\u00e3o est\u00e3o em curso. Ser\u00e3o priorizados segmentos como das rodovias BR-101\/BA, BR-242\/BA, BR-415\/BA, BR-381\/MG, BR-367\/MG, BR-116\/MG, BR-459\/SP, BR-155\/PA, BR-158\/PA, BR-319\/AM e BR-174\/AM, por fazerem liga\u00e7\u00f5es com importantes centros log\u00edsticos e de escoamento via terrestre, atingindo diretamente milhares de usu\u00e1rios.<\/p>\n\n\n\n<h2 class=\"wp-block-heading\">Danos<\/h2>\n\n\n\n<p>O volume de chuvas est\u00e1 elevado desde o in\u00edcio de dezembro e tem provocado danos como quedas de barreiras e \u00e1rvores, eros\u00f5es que afetam as pistas e danos em cabeceiras de pontes, como as sobre os rios Buranh\u00e9m e Jucuru\u00e7u do Norte (BA). Em algumas localidades, as \u00e1guas passaram sobre as rodovias, deixando lama e danos nas superf\u00edcies que impedem o tr\u00e1fego ou restringem a ve\u00edculos leves.&nbsp;<\/p>\n\n\n\n<h2 class=\"wp-block-heading\">Enchentes<\/h2>\n\n\n\n<p>Um ciclone extratropical formado na costa Sul do Brasil contribuiu para o surgimento de chuvas intensas, com registro de volume pluviom\u00e9trico de at\u00e9 450 mil\u00edmetros (mm), que castigaram duramente cidades, principalmente, do sul da Bahia e do nordeste de Minas Gerais. H\u00e1 dezenas de munic\u00edpios baianos e mineiros em situa\u00e7\u00e3o de emerg\u00eancia decretada pelos governos estaduais.<\/p>\n\n\n\n<p>&#8212;&#8212;&#8212;&#8212;&#8212;&#8212;<br><em>Quer receber as not\u00edcias do <strong>Aconteceu no Vale<\/strong> em primeira m\u00e3o? Siga-nos no Facebook <a rel=\"noreferrer noopener\" href=\"http:\/\/facebook.com\/aconteceunovale\" target=\"_blank\">@aconteceunovale<\/a>, Twitter <a rel=\"noreferrer noopener\" href=\"https:\/\/twitter.com\/noticiadosvales\" target=\"_blank\">@noticiadosvales<\/a> e Instagram <a rel=\"noreferrer noopener\" href=\"https:\/\/www.instagram.com\/aconteceunovale\" target=\"_blank\">@aconteceunovale<\/a>.<\/em><\/p>\n","protected":false},"excerpt":{"rendered":"<p>O presidente Jair Bolsonaro publicou\u00a0medida provis\u00f3ria (MP)\u00a0nesta ter\u00e7a-feira (28\/12\/2021) que abre cr\u00e9dito extraordin\u00e1rio de R$ 200 milh\u00f5es ao Minist\u00e9rio de Infraestrutura. A verba ser\u00e1 destinada \u00e0 reconstru\u00e7\u00e3o de estradas e rodovias afetadas pelas chuvas. \u201cDeterminei edi\u00e7\u00e3o de MP de Cr\u00e9dito Extraordin\u00e1rio, no valor de R$ 200 milh\u00f5es, a fim de viabilizar, no DNIT, a reconstru\u00e7\u00e3o [&hellip;]<\/p>\n","protected":false},"author":4,"featured_media":185201,"comment_status":"open","ping_status":"closed","sticky":false,"template":"","format":"standard","meta":{"amp_status":"","footnotes":""},"categories":[6],"tags":[256333,107599,172628,254357,256334,256335,138440,2379,256336,71517,256337,256338,256339,14221,255784,164473,72873,256332,256314,56978,55490,256340,1018,255778,32743,256429,22237,256341,256342,74583,27830,256343,256431,116647,256344,125289,256345,256353,212493,256346,22236,3560,156891,29335,256354,103103,33854,44400,256347,11514,157590,256348,255787,34239,33130,255781,256349,69727,222897,199725,202141,256350,126226,34835,40510,184822,1442,423,33852,256428,256427,256430,256286,106732,148234,256351,92115,141888,15841,256352,106718,212496,166,3562,255782,256393,2842,168772],"class_list":["post-185200","post","type-post","status-publish","format-standard","has-post-thumbnail","hentry","category-br","tag-alagamentos-na-bahia","tag-alcobaca","tag-anage","tag-angical","tag-arataca","tag-aurelino-leal","tag-ba","tag-bahia","tag-barra-do-choca","tag-belmonte","tag-belo-campo","tag-brejolandia","tag-caatiba","tag-caetanos","tag-camacan","tag-canavieiras","tag-caravelas","tag-chuvas-intensas-na-bahia","tag-chuvas-na-bahia","tag-coaraci","tag-cotegipe","tag-dario-meira","tag-destaque","tag-enchentes-na-bahia","tag-encruzilhada","tag-estradas-danificadas-pelas-chuvas","tag-eunapolis","tag-firmino-alves","tag-floresta-azul","tag-gandu","tag-governador-da-bahia","tag-governador-mangabeira","tag-governo-federal-libera-r-200-milhoes-para-reconstrucao-de-estradas","tag-guaratinga","tag-ibicarai","tag-ibicui","tag-ibipeba","tag-ibirapua","tag-igrapiuna","tag-iguai","tag-ilheus","tag-ipiau","tag-itabela","tag-itabuna","tag-itagimirim","tag-itaju-do-colonia","tag-itamaraju","tag-itanhem","tag-itape","tag-itapebi","tag-itapetinga","tag-itapitanga","tag-itaquara","tag-itororo","tag-jequie","tag-jucurucu","tag-jussiape","tag-lafaiete-coutinho","tag-lajedao","tag-macarani","tag-manoel-vitorino","tag-marcionilio-souza","tag-medeiros-neto","tag-milagres","tag-nova-vicosa","tag-pau-brasil","tag-pocoes","tag-porto-seguro","tag-prado","tag-reconstrucao-de-estradas","tag-reconstrucao-de-rodovias","tag-rodovias-danificadas-pelas-chuvas","tag-rui-costa","tag-santa-cruz-cabralia","tag-santa-ines","tag-santanopolis","tag-sapeacu","tag-situacao-de-emergencia-na-bahia","tag-teixeira-de-freitas","tag-ubaira","tag-ubata","tag-urucuca","tag-vale-do-mucuri","tag-valenca","tag-vereda","tag-vitimas-da-chuva-na-bahia","tag-vitoria-da-conquista","tag-wanderley"],"_links":{"self":[{"href":"https:\/\/aconteceunovale.com.br\/portal\/index.php?rest_route=\/wp\/v2\/posts\/185200","targetHints":{"allow":["GET"]}}],"collection":[{"href":"https:\/\/aconteceunovale.com.br\/portal\/index.php?rest_route=\/wp\/v2\/posts"}],"about":[{"href":"https:\/\/aconteceunovale.com.br\/portal\/index.php?rest_route=\/wp\/v2\/types\/post"}],"author":[{"embeddable":true,"href":"https:\/\/aconteceunovale.com.br\/portal\/index.php?rest_route=\/wp\/v2\/users\/4"}],"replies":[{"embeddable":true,"href":"https:\/\/aconteceunovale.com.br\/portal\/index.php?rest_route=%2Fwp%2Fv2%2Fcomments&post=185200"}],"version-history":[{"count":1,"href":"https:\/\/aconteceunovale.com.br\/portal\/index.php?rest_route=\/wp\/v2\/posts\/185200\/revisions"}],"predecessor-version":[{"id":185202,"href":"https:\/\/aconteceunovale.com.br\/portal\/index.php?rest_route=\/wp\/v2\/posts\/185200\/revisions\/185202"}],"wp:featuredmedia":[{"embeddable":true,"href":"https:\/\/aconteceunovale.com.br\/portal\/index.php?rest_route=\/wp\/v2\/media\/185201"}],"wp:attachment":[{"href":"https:\/\/aconteceunovale.com.br\/portal\/index.php?rest_route=%2Fwp%2Fv2%2Fmedia&parent=185200"}],"wp:term":[{"taxonomy":"category","embeddable":true,"href":"https:\/\/aconteceunovale.com.br\/portal\/index.php?rest_route=%2Fwp%2Fv2%2Fcategories&post=185200"},{"taxonomy":"post_tag","embeddable":true,"href":"https:\/\/aconteceunovale.com.br\/portal\/index.php?rest_route=%2Fwp%2Fv2%2Ftags&post=185200"}],"curies":[{"name":"wp","href":"https:\/\/api.w.org\/{rel}","templated":true}]}}