{"id":185192,"date":"2021-12-28T13:17:12","date_gmt":"2021-12-28T16:17:12","guid":{"rendered":"https:\/\/aconteceunovale.com.br\/portal\/?p=185192"},"modified":"2021-12-28T13:17:37","modified_gmt":"2021-12-28T16:17:37","slug":"maior-desastre-natural-da-historia-diz-governador-da-bahia","status":"publish","type":"post","link":"https:\/\/aconteceunovale.com.br\/portal\/?p=185192","title":{"rendered":"&#8220;Maior desastre natural da hist\u00f3ria&#8221;, diz governador da Bahia"},"content":{"rendered":"\n<p>O governador da Bahia, Rui Costa , disse hoje (28\/12\/2021) que o estado atravessa \u201co maior desastre natural da hist\u00f3ria\u201d. Em entrevista coletiva, Costa disse que ainda n\u00e3o \u00e9 poss\u00edvel dizer quando come\u00e7ar\u00e1 a reconstru\u00e7\u00e3o das \u00e1reas destru\u00eddas pelas enchentes que atingem o estado neste m\u00eas.<\/p>\n\n\n\n<figure class=\"wp-block-gallery columns-1 is-cropped wp-block-gallery-1 is-layout-flex wp-block-gallery-is-layout-flex\"><ul class=\"blocks-gallery-grid\"><li class=\"blocks-gallery-item\"><figure><img loading=\"lazy\" decoding=\"async\" width=\"678\" height=\"375\" src=\"https:\/\/aconteceunovale.com.br\/portal\/wp-content\/uploads\/2021\/12\/chuvas_bahia.jpeg\" alt=\"\" data-id=\"185193\" data-full-url=\"https:\/\/aconteceunovale.com.br\/portal\/wp-content\/uploads\/2021\/12\/chuvas_bahia.jpeg\" data-link=\"https:\/\/aconteceunovale.com.br\/portal\/?attachment_id=185193\" class=\"wp-image-185193\" srcset=\"https:\/\/aconteceunovale.com.br\/portal\/wp-content\/uploads\/2021\/12\/chuvas_bahia.jpeg 678w, https:\/\/aconteceunovale.com.br\/portal\/wp-content\/uploads\/2021\/12\/chuvas_bahia-300x166.jpeg 300w\" sizes=\"auto, (max-width: 678px) 100vw, 678px\" \/><figcaption class=\"blocks-gallery-item__caption\"><em>Chuvas no sul da Bahia mudam cen\u00e1rio da regi\u00e3o com alagamentos &#8211; Divulga\u00e7\u00e3o\/Graer GOVBA<\/em><\/figcaption><\/figure><\/li><\/ul><\/figure>\n\n\n\n<p>&#8220;A Bahia est\u00e1 devastada e ainda n\u00e3o \u00e9 poss\u00edvel estipular quando as estradas v\u00e3o ser recuperadas. N\u00e3o sabemos a extens\u00e3o. Vamos ter que olhar, caso a caso, a solu\u00e7\u00e3o t\u00e9cnica. Em alguns lugares vamos ter que mudar a op\u00e7\u00e3o. Uma ponte de 50 metros de largura, por exemplo, que foi levada pela \u00e1gua pode ser um pouco maior, com 70 metros, para facilitar a passagem do rio&#8221;, adiantou.<\/p>\n\n\n\n<p>Ainda segundo Costa, n\u00e3o ser\u00e1 permitido que casas voltem a ser constru\u00eddas em \u00e1reas de risco, pr\u00f3ximas a rios ou em terrenos propensos a deslizamentos. O governador esclareceu que a prioridade das obras ser\u00e3o pontes e estradas essenciais que ligam os munic\u00edpios a outras regi\u00f5es e que estejam em locais de mais f\u00e1cil acesso.<\/p>\n\n\n\n<h2 class=\"wp-block-heading\">N\u00fameros<\/h2>\n\n\n\n<p>J\u00e1 s\u00e3o 116 munic\u00edpios afetados e o n\u00famero de cidades que decretaram situa\u00e7\u00e3o de emerg\u00eancia chega a 100. Segundo a Defesa Civil da Bahia, at\u00e9 o momento, 470 mil moradores foram prejudicados de alguma maneira pelos temporais. As enchentes do estado j\u00e1\u00a0deixaram 20 mortos e mais de 31 mil desabrigados.<\/p>\n\n\n\n<p>&#8220;A sensa\u00e7\u00e3o que n\u00f3s temos \u00e9, pelas imagens que vemos, de um grande bombardeio em todo o estado&#8221;, disse o governador. Ele acrescentou que pelo menos 50 cidades tem casas embaixo d&#8217;\u00e1gua. &#8220;Agora que a \u00e1gua come\u00e7a a baixar, a gente v\u00ea o estrago que foi feito em casas de pessoas simples, que fizeram um esfor\u00e7o danado para ergu\u00ea-las.&#8221;<\/p>\n\n\n\n<h2 class=\"wp-block-heading\">Aux\u00edlio<\/h2>\n\n\n\n<p>Sem adiantar quanto ser\u00e1 dado a cada fam\u00edlia, Rui Costa reiterou o apelo feito ontem (27) para que prefeitos fa\u00e7am os cadastros das pessoas afetadas pelas enchentes. &#8220;Vamos fazer um valor de aux\u00edlio financeiro para essas fam\u00edlias, mas precisamos primeiro entender quantas pessoas foram prejudicadas.&#8221;<\/p>\n\n\n\n<p>O governador est\u00e1 em Ilh\u00e9us, onde est\u00e3o centralizadas as opera\u00e7\u00f5es para atender a popula\u00e7\u00e3o afetada. Na entrevista, ele agradeceu a ajuda de diversos estados entre eles Maranh\u00e3o, Cear\u00e1, Pernambuco, S\u00e3o Paulo, Rio de Janeiro, Mato Grosso e o Distrito Federal, que j\u00e1 anunciaram ajuda com recursos, donativos e at\u00e9 envio de bombeiros para socorrer a popula\u00e7\u00e3o.<\/p>\n\n\n\n<p>&#8212;&#8212;&#8212;&#8212;&#8212;&#8212;<br><em>Quer receber as not\u00edcias do <strong>Aconteceu no Vale<\/strong> em primeira m\u00e3o? Siga-nos no Facebook <a rel=\"noreferrer noopener\" href=\"http:\/\/facebook.com\/aconteceunovale\" target=\"_blank\">@aconteceunovale<\/a>, Twitter <a rel=\"noreferrer noopener\" href=\"https:\/\/twitter.com\/noticiadosvales\" target=\"_blank\">@noticiadosvales<\/a> e Instagram <a rel=\"noreferrer noopener\" href=\"https:\/\/www.instagram.com\/aconteceunovale\" target=\"_blank\">@aconteceunovale<\/a>.<\/em><\/p>\n","protected":false},"excerpt":{"rendered":"<p>O governador da Bahia, Rui Costa , disse hoje (28\/12\/2021) que o estado atravessa \u201co maior desastre natural da hist\u00f3ria\u201d. Em entrevista coletiva, Costa disse que ainda n\u00e3o \u00e9 poss\u00edvel dizer quando come\u00e7ar\u00e1 a reconstru\u00e7\u00e3o das \u00e1reas destru\u00eddas pelas enchentes que atingem o estado neste m\u00eas. &#8220;A Bahia est\u00e1 devastada e ainda n\u00e3o \u00e9 poss\u00edvel [&hellip;]<\/p>\n","protected":false},"author":4,"featured_media":185193,"comment_status":"open","ping_status":"closed","sticky":false,"template":"","format":"standard","meta":{"amp_status":"","footnotes":""},"categories":[6],"tags":[256333,107599,172628,254357,256334,256335,138440,2379,256336,71517,256337,256338,256339,14221,255784,164473,72873,256332,256314,56978,55490,256340,1018,255778,32743,22237,256341,256342,74583,27830,256343,116647,256344,125289,256345,256353,212493,256346,22236,3560,156891,29335,256354,103103,33854,44400,256347,11514,157590,256348,255787,34239,33130,255781,256349,69727,222897,199725,202141,256350,126226,34835,40510,184822,1442,423,33852,256286,106732,148234,256351,92115,141888,15841,256352,106718,212496,166,3562,255782,256393,2842,168772],"class_list":["post-185192","post","type-post","status-publish","format-standard","has-post-thumbnail","hentry","category-br","tag-alagamentos-na-bahia","tag-alcobaca","tag-anage","tag-angical","tag-arataca","tag-aurelino-leal","tag-ba","tag-bahia","tag-barra-do-choca","tag-belmonte","tag-belo-campo","tag-brejolandia","tag-caatiba","tag-caetanos","tag-camacan","tag-canavieiras","tag-caravelas","tag-chuvas-intensas-na-bahia","tag-chuvas-na-bahia","tag-coaraci","tag-cotegipe","tag-dario-meira","tag-destaque","tag-enchentes-na-bahia","tag-encruzilhada","tag-eunapolis","tag-firmino-alves","tag-floresta-azul","tag-gandu","tag-governador-da-bahia","tag-governador-mangabeira","tag-guaratinga","tag-ibicarai","tag-ibicui","tag-ibipeba","tag-ibirapua","tag-igrapiuna","tag-iguai","tag-ilheus","tag-ipiau","tag-itabela","tag-itabuna","tag-itagimirim","tag-itaju-do-colonia","tag-itamaraju","tag-itanhem","tag-itape","tag-itapebi","tag-itapetinga","tag-itapitanga","tag-itaquara","tag-itororo","tag-jequie","tag-jucurucu","tag-jussiape","tag-lafaiete-coutinho","tag-lajedao","tag-macarani","tag-manoel-vitorino","tag-marcionilio-souza","tag-medeiros-neto","tag-milagres","tag-nova-vicosa","tag-pau-brasil","tag-pocoes","tag-porto-seguro","tag-prado","tag-rui-costa","tag-santa-cruz-cabralia","tag-santa-ines","tag-santanopolis","tag-sapeacu","tag-situacao-de-emergencia-na-bahia","tag-teixeira-de-freitas","tag-ubaira","tag-ubata","tag-urucuca","tag-vale-do-mucuri","tag-valenca","tag-vereda","tag-vitimas-da-chuva-na-bahia","tag-vitoria-da-conquista","tag-wanderley"],"_links":{"self":[{"href":"https:\/\/aconteceunovale.com.br\/portal\/index.php?rest_route=\/wp\/v2\/posts\/185192","targetHints":{"allow":["GET"]}}],"collection":[{"href":"https:\/\/aconteceunovale.com.br\/portal\/index.php?rest_route=\/wp\/v2\/posts"}],"about":[{"href":"https:\/\/aconteceunovale.com.br\/portal\/index.php?rest_route=\/wp\/v2\/types\/post"}],"author":[{"embeddable":true,"href":"https:\/\/aconteceunovale.com.br\/portal\/index.php?rest_route=\/wp\/v2\/users\/4"}],"replies":[{"embeddable":true,"href":"https:\/\/aconteceunovale.com.br\/portal\/index.php?rest_route=%2Fwp%2Fv2%2Fcomments&post=185192"}],"version-history":[{"count":1,"href":"https:\/\/aconteceunovale.com.br\/portal\/index.php?rest_route=\/wp\/v2\/posts\/185192\/revisions"}],"predecessor-version":[{"id":185194,"href":"https:\/\/aconteceunovale.com.br\/portal\/index.php?rest_route=\/wp\/v2\/posts\/185192\/revisions\/185194"}],"wp:featuredmedia":[{"embeddable":true,"href":"https:\/\/aconteceunovale.com.br\/portal\/index.php?rest_route=\/wp\/v2\/media\/185193"}],"wp:attachment":[{"href":"https:\/\/aconteceunovale.com.br\/portal\/index.php?rest_route=%2Fwp%2Fv2%2Fmedia&parent=185192"}],"wp:term":[{"taxonomy":"category","embeddable":true,"href":"https:\/\/aconteceunovale.com.br\/portal\/index.php?rest_route=%2Fwp%2Fv2%2Fcategories&post=185192"},{"taxonomy":"post_tag","embeddable":true,"href":"https:\/\/aconteceunovale.com.br\/portal\/index.php?rest_route=%2Fwp%2Fv2%2Ftags&post=185192"}],"curies":[{"name":"wp","href":"https:\/\/api.w.org\/{rel}","templated":true}]}}