{"id":185129,"date":"2021-12-26T11:57:56","date_gmt":"2021-12-26T14:57:56","guid":{"rendered":"https:\/\/aconteceunovale.com.br\/portal\/?p=185129"},"modified":"2021-12-26T12:00:47","modified_gmt":"2021-12-26T15:00:47","slug":"minas-gerais-registra-11o-saldo-positivo-na-geracao-de-emprego","status":"publish","type":"post","link":"https:\/\/aconteceunovale.com.br\/portal\/?p=185129","title":{"rendered":"Minas Gerais registra 11\u00ba saldo positivo na gera\u00e7\u00e3o de emprego"},"content":{"rendered":"\n<p>De acordo com dados do Cadastro Geral de Empregados e Desempregados (Caged) divulgados nesta quinta-feira (23\/12\/2021), Minas Gerais registrou o d\u00e9cimo primeiro resultado positivo na gera\u00e7\u00e3o de emprego celetista. Em novembro, foi registrado o saldo de 24.035 postos de trabalho, decorrente de 183.883 admiss\u00f5es e 159.848 desligamentos. No acumulado do ano, o total foi de 327.870 empregos gerados.<\/p>\n\n\n\n<p>Em novembro deste ano, quase todos os grandes setores de atividade econ\u00f4mica registraram saldo positivo. Os segmentos que mais contribu\u00edram para a gera\u00e7\u00e3o de novas vagas de emprego foram o de Servi\u00e7os (13.677 postos) seguido de Com\u00e9rcio (5.470) e Ind\u00fastria (646).<\/p>\n\n\n\n<p>Agricultura, pecu\u00e1ria, produ\u00e7\u00e3o florestal, pesca e aquicultura tamb\u00e9m registraram saldo positivo de 710 postos. J\u00e1 o setor de Constru\u00e7\u00e3o teve o saldo negativo com o fechamento de 3.257 postos.<\/p>\n\n\n\n<p>O saldo de novembro \u00e9 superior ao registrado no m\u00eas de outubro, quando foram abertos 20.411 postos de trabalho. Entretanto, esse saldo \u00e9 menor que o registrado em novembro de 2020 (28.544 postos).<\/p>\n\n\n\n<p>No ranking nacional de saldos de emprego, Minas Gerais ficou na 3\u00aa posi\u00e7\u00e3o registrada, atr\u00e1s apenas de S\u00e3o Paulo (76.952 postos) e Rio de Janeiro (35.654).<\/p>\n\n\n\n<p>Para a assessora T\u00e9cnica da Subsecretaria de Trabalho e Emprego da\u00a0Secretaria de Estado de Desenvolvimento Social (Sedese), Karen Oliveira, essa alavancada econ\u00f4mica pode ter rela\u00e7\u00e3o com a maior din\u00e2mica registrada pelas festas de fim de ano com destaque para o Natal e a Black Friday. \u201cAl\u00e9m disso, com o avan\u00e7o da vacina\u00e7\u00e3o em Minas Gerais, a recupera\u00e7\u00e3o econ\u00f4mica tem avan\u00e7ado de forma mais acelerada, o que traz perspectivas otimistas para o mercado de trabalho de 2022\u201d, afirma.<\/p>\n\n\n\n<p>&#8212;&#8212;&#8212;&#8212;&#8212;&#8212;<br><em>Quer receber as not\u00edcias do <strong>Aconteceu no Vale<\/strong> em primeira m\u00e3o? Siga-nos no Facebook <a rel=\"noreferrer noopener\" href=\"http:\/\/facebook.com\/aconteceunovale\" target=\"_blank\">@aconteceunovale<\/a>, Twitter <a rel=\"noreferrer noopener\" href=\"https:\/\/twitter.com\/noticiadosvales\" target=\"_blank\">@noticiadosvales<\/a> e Instagram <a rel=\"noreferrer noopener\" href=\"https:\/\/www.instagram.com\/aconteceunovale\" target=\"_blank\">@aconteceunovale<\/a>.<\/em><\/p>\n","protected":false},"excerpt":{"rendered":"<p>De acordo com dados do Cadastro Geral de Empregados e Desempregados (Caged) divulgados nesta quinta-feira (23\/12\/2021), Minas Gerais registrou o d\u00e9cimo primeiro resultado positivo na gera\u00e7\u00e3o de emprego celetista. Em novembro, foi registrado o saldo de 24.035 postos de trabalho, decorrente de 183.883 admiss\u00f5es e 159.848 desligamentos. No acumulado do ano, o total foi de [&hellip;]<\/p>\n","protected":false},"author":4,"featured_media":133149,"comment_status":"open","ping_status":"closed","sticky":false,"template":"","format":"standard","meta":{"amp_status":"","footnotes":""},"categories":[40236,123],"tags":[19007,143275,256316,1018,149486,226422,149488,256317,226419,226421],"class_list":["post-185129","post","type-post","status-publish","format-standard","has-post-thumbnail","hentry","category-empregos-2","category-gerais","tag-caged","tag-caged-minas-gerais","tag-caged-novembro-minas-gerais","tag-destaque","tag-empregos-em-minas-gerais","tag-empregos-formais-em-minas-gerais","tag-geracao-de-empregos-em-minas-gerais","tag-minas-gerais-registra-11o-saldo-positivo-na-geracao-de-emprego","tag-minas-gerais-registra-saldo-positivo-de-empregos-no-caged","tag-numero-de-empregos-em-minas-gerais"],"_links":{"self":[{"href":"https:\/\/aconteceunovale.com.br\/portal\/index.php?rest_route=\/wp\/v2\/posts\/185129","targetHints":{"allow":["GET"]}}],"collection":[{"href":"https:\/\/aconteceunovale.com.br\/portal\/index.php?rest_route=\/wp\/v2\/posts"}],"about":[{"href":"https:\/\/aconteceunovale.com.br\/portal\/index.php?rest_route=\/wp\/v2\/types\/post"}],"author":[{"embeddable":true,"href":"https:\/\/aconteceunovale.com.br\/portal\/index.php?rest_route=\/wp\/v2\/users\/4"}],"replies":[{"embeddable":true,"href":"https:\/\/aconteceunovale.com.br\/portal\/index.php?rest_route=%2Fwp%2Fv2%2Fcomments&post=185129"}],"version-history":[{"count":1,"href":"https:\/\/aconteceunovale.com.br\/portal\/index.php?rest_route=\/wp\/v2\/posts\/185129\/revisions"}],"predecessor-version":[{"id":185130,"href":"https:\/\/aconteceunovale.com.br\/portal\/index.php?rest_route=\/wp\/v2\/posts\/185129\/revisions\/185130"}],"wp:featuredmedia":[{"embeddable":true,"href":"https:\/\/aconteceunovale.com.br\/portal\/index.php?rest_route=\/wp\/v2\/media\/133149"}],"wp:attachment":[{"href":"https:\/\/aconteceunovale.com.br\/portal\/index.php?rest_route=%2Fwp%2Fv2%2Fmedia&parent=185129"}],"wp:term":[{"taxonomy":"category","embeddable":true,"href":"https:\/\/aconteceunovale.com.br\/portal\/index.php?rest_route=%2Fwp%2Fv2%2Fcategories&post=185129"},{"taxonomy":"post_tag","embeddable":true,"href":"https:\/\/aconteceunovale.com.br\/portal\/index.php?rest_route=%2Fwp%2Fv2%2Ftags&post=185129"}],"curies":[{"name":"wp","href":"https:\/\/api.w.org\/{rel}","templated":true}]}}